{"id":2605,"date":"2023-10-24T16:33:36","date_gmt":"2023-10-24T16:33:36","guid":{"rendered":"https:\/\/reset.earth\/?p=2605"},"modified":"2025-03-27T15:59:05","modified_gmt":"2025-03-27T14:59:05","slug":"breaking-renews-du-13-octobre-2023-le-trilemme-de-la-transition","status":"publish","type":"post","link":"https:\/\/reset.earth\/en\/breaking-renews-du-13-octobre-2023-le-trilemme-de-la-transition\/","title":{"rendered":"BREAKING (RE)NEWS DU 13 OCTOBRE 2023 : LE TRILEMME DE LA TRANSITION\u00a0"},"content":{"rendered":"\t\t<div data-elementor-type=\"wp-post\" data-elementor-id=\"2605\" class=\"elementor elementor-2605\" data-elementor-post-type=\"post\">\n\t\t\t\t<div class=\"elementor-element elementor-element-36638616 e-flex e-con-boxed e-con e-parent\" data-id=\"36638616\" data-element_type=\"container\" data-e-type=\"container\">\n\t\t\t\t\t<div class=\"e-con-inner\">\n\t\t\t\t<div class=\"elementor-element elementor-element-120ac031 elementor-widget elementor-widget-text-editor\" data-id=\"120ac031\" data-element_type=\"widget\" data-e-type=\"widget\" data-widget_type=\"text-editor.default\">\n\t\t\t\t<div class=\"elementor-widget-container\">\n\t\t\t\t\t\t\t\t\t\n<p>Une fois n\u2019est pas coutume, l\u2019actualit\u00e9 de cette semaine de la transition \u00e9conomique et environnementale est marqu\u00e9e par un mot. Pas n\u2019importe lequel\u00a0: le trilemme, cher aux \u00e9conomistes du Fonds Mon\u00e9taire International, qui l\u2019utilisent depuis quelques d\u00e9cennies. Dans <a href=\"https:\/\/www.imf.org\/fr\/Blogs\/Articles\/2023\/10\/02\/countries-must-contain-global-warming-while-keeping-debt-in-check\">son dernier opus<\/a>, le FMI \u00e9voque \u00ab\u00a0le trilemme de la transition\u00a0\u00bb\u00a0: le climat, la dette et la politique constituent <em>in fine<\/em> trois objectifs impossibles \u00e0 atteindre en m\u00eame temps. Il faut en sacrifier l&rsquo;un pour atteindre les deux autres. Si l\u2019on choisit la politique et le climat, la dette explose. Si l\u2019on pr\u00e9f\u00e8re la dette et le climat, c\u2019est la politique qui implose. Et si l\u2019on privil\u00e9gie la politique et la dette, alors c\u2019est le climat qui souffre. Sans remonter au philosophe grec Epicure et son trilemme sur l\u2019existence ou non d\u2019un dieu bienveillant et omnipotent &#8211; l\u2019actualit\u00e9 g\u00e9opolitique mondiale sugg\u00e8re bien une r\u00e9ponse, mais ce n\u2019est pas le sujet\u00a0\ud83d\ude09 -, le triangle de la gestion de projet est un exemple classique de trilemme. \u00ab\u00a0Rapide\u00a0\u00bb et\/ou \u00ab\u00a0bon\u00a0\u00bb et\/ou \u00ab\u00a0pas cher\u00a0\u00bb. Ne cherchez pas\u00a0: il n\u2019y a pas de zone centrale commune, pas d\u2019intersection entre les trois&#8230; Il faut choisir\u00a0!<\/p>\n\n<figure class=\"wp-block-image size-full\"><img fetchpriority=\"high\" decoding=\"async\" width=\"496\" height=\"486\" class=\"wp-image-2606\" src=\"https:\/\/reset.earth\/wp-content\/uploads\/2024\/01\/image-100.png\" alt=\"\" srcset=\"https:\/\/reset.earth\/wp-content\/uploads\/2024\/01\/image-100.png 496w, https:\/\/reset.earth\/wp-content\/uploads\/2024\/01\/image-100-300x294.png 300w\" sizes=\"(max-width: 496px) 100vw, 496px\" \/><\/figure>\n\n<p>Les Echos estiment que cette analyse en trilemme est \u00ab\u00a0<a href=\"https:\/\/www.lesechos.fr\/idees-debats\/editos-analyses\/climat-dette-et-politique-le-nouvel-en-meme-temps-1986816\">tr\u00e8s \u00e9clairante sur la situation en France<\/a> \u00bb\u00a0: \u00ab\u00a0la gauche promet une lutte climatique pav\u00e9e de rose et promet du pouvoir d&rsquo;achat aux m\u00e9nages, elle se moque de la dette (\u2026) ; l&rsquo;extr\u00eame droite renonce au climat (\u2026) et jure d\u2019am\u00e9liorer les revenus\u00a0; Emmanuel Macron qui adore les \u00ab en m\u00eame temps \u00bb veut tenir les trois objectifs ensemble malgr\u00e9 le trilemme du FMI.\u00a0\u00bb Pour r\u00e9soudre ce trilemme, nous disent Les Echos, il faut donc tenter un \u00ab\u00a0triple en m\u00eame temps\u00a0\u00bb, seule strat\u00e9gie qui vaille\u00a0: \u00ab\u00a0Climat, dette et subventions, les trois ensembles.\u00a0\u00bb Dans Le Monde, Jean Pisani-Ferry \u00e9voque aussi cette magie du en m\u00eame temps recherch\u00e9e par le gouvernement. Pour sa part, il met en garde contre la foi, excessive selon lui, mise dans \u00ab <a href=\"https:\/\/www.lemonde.fr\/idees\/article\/2023\/10\/07\/jean-pisani-ferry-les-strategies-de-decarbonation-ont-trop-souvent-mise-sur-la-puissance-performative-du-verbe_6192913_3232.html#xtor=AL-32280270-[mail]-[ios]\">la puissance performative du verbe<\/a> \u00bb. Qu\u2019en termes choisis ces choses-l\u00e0 sont dites\u2026<\/p>\n\n<p>En attendant, cette quadrature du cercle, pour rester dans les figures g\u00e9om\u00e9triques complexes, semble avoir inspir\u00e9 la r\u00e9daction du projet de loi de finances 2024, surtout dans son volet \u00ab\u00a0d\u00e9penses\u00a0\u00bb et singuli\u00e8rement sa partie \u00ab\u00a0budget vert\u00a0\u00bb, pr\u00e9sent\u00e9e hier. Ce budget montre une forte hausse des d\u00e9penses \u00ab vertes \u00bb et une nette baisse des d\u00e9penses dites \u00ab brunes \u00bb. Avec certains effets d\u2019optique. Ainsi la tr\u00e8s forte d\u00e9crue des d\u00e9penses dites \u00ab brunes \u00bb : les d\u00e9penses n\u00e9fastes \u00e0 l&rsquo;environnement baisseront certes des deux-tiers, de 33,6 \u00e0 13,1 milliards. Mais \u00e0 eux seuls, les boucliers tarifaires, qui ont lourdement plomb\u00e9 les d\u00e9penses en 2023 (8,9 milliards pr\u00e9vus sur l&rsquo;\u00e9lectricit\u00e9 et 9 milliards sur le gaz), reculeront de 22,6 \u00e0 2,2 milliards. De sorte que \u00ab hormis ces d\u00e9penses exceptionnelles, les d\u00e9penses brunes restent globalement stables \u00bb, reconnait-on \u00e0 Bercy. Un mouvement peu structurant, donc \ud83d\ude09. Par ailleurs, la ventilation des principaux postes, telle qu\u2019elle appara\u00eet dans les graphiques ci-dessous, montre que l\u2019essentiel des efforts porte sur les \u00e9nergies fossiles, qui ne constituent, faut-il vous le rappeler, fid\u00e8les lectrices et lecteurs de la \u00ab\u00a0Breaking (RE)NEWS\u00a0\u00bb, qu\u2019une partie, et pas forc\u00e9ment la plus \u00ab\u00a0lourde\u00a0\u00bb, du d\u00e9fi pos\u00e9 par la transition.<\/p>\n\n<figure class=\"wp-block-image size-full\"><img decoding=\"async\" width=\"446\" height=\"558\" class=\"wp-image-2607\" src=\"https:\/\/reset.earth\/wp-content\/uploads\/2024\/01\/image-101.png\" alt=\"\" srcset=\"https:\/\/reset.earth\/wp-content\/uploads\/2024\/01\/image-101.png 446w, https:\/\/reset.earth\/wp-content\/uploads\/2024\/01\/image-101-240x300.png 240w\" sizes=\"(max-width: 446px) 100vw, 446px\" \/><\/figure>\n\n<figure class=\"wp-block-image size-full\"><img decoding=\"async\" width=\"440\" height=\"552\" class=\"wp-image-2608\" src=\"https:\/\/reset.earth\/wp-content\/uploads\/2024\/01\/image-102.png\" alt=\"\" srcset=\"https:\/\/reset.earth\/wp-content\/uploads\/2024\/01\/image-102.png 440w, https:\/\/reset.earth\/wp-content\/uploads\/2024\/01\/image-102-239x300.png 239w\" sizes=\"(max-width: 440px) 100vw, 440px\" \/><\/figure>\n\n<p>Et m\u00eame l\u00e0, <a href=\"https:\/\/www.lesechos.fr\/idees-debats\/editos-analyses\/langle-mort-de-la-sobriete-energetique-1986807\">un angle mort est d\u00e9j\u00e0 point\u00e9 du doigt<\/a>\u00a0: le carburant. Car, pr\u00e9cis\u00e9ment, on n\u2019y touche pas, gilets jaunes obligent. Ah, trilemme, quand tu nous tiens\u00a0\ud83d\ude09.<\/p>\n\n<p>Pour d\u00e9buter nos rubriques hebdomadaires, restons en France avec la <strong>chasse au gaspi de la semaine<\/strong> qui nous rappelle que, contrairement aux apparences, \u00ab\u00a0winter is coming\u00a0\u00bb\u00a0: aide \u00e0 l\u2019achat de thermostats pour contr\u00f4ler les temp\u00e9ratures, r\u00e9duction de la pollution lumineuse, promotion du v\u00e9lo et du t\u00e9l\u00e9travail, \u2026 La ministre de la transition \u00e9nerg\u00e9tique, Agn\u00e8s Pannier-Runacher a annonc\u00e9 jeudi de nouvelles mesures, toujours \u00ab\u00a0incitatives et non coercitives\u00a0\u00bb, suppos\u00e9es faire baisser la consommation \u00e9nerg\u00e9tique en France. Le d\u00e9tail de ces mesures et mesurettes peut notamment \u00eatre trouv\u00e9 dans <a href=\"https:\/\/www.lemonde.fr\/politique\/article\/2023\/10\/12\/sobriete-energetique-agnes-pannier-runacher-annonce-les-principales-mesures-pour-cet-hiver_6193997_823448.html?lmd_medium=al&amp;lmd_campaign=envoye-par-appli&amp;lmd_creation=ios&amp;lmd_source=mail\">Le Monde<\/a>.<\/p>\n\n<p>Le <strong>projet de loi de la semaine<\/strong> est bien connu des lecteurs de la Breaking (RE)NEWS\u00a0: cela fait quelques mois que l\u2019on vous informe des avanc\u00e9es mesur\u00e9es de \u00ab\u00a0l\u2019industrie verte\u00a0\u00bb. Une fum\u00e9e blanche s\u2019est \u00e9chapp\u00e9e d\u2019une salle r\u00e9unissant s\u00e9nateurs et d\u00e9put\u00e9s r\u00e9unis au sein d\u2019une CMP (commission mixte paritaire) o\u00f9 ils se sont mis d\u2019accord sur ce fameux projet de loi. Un d\u00e9veloppement qui r\u00e9jouit le S\u00e9nat, qui a pu apporter sa touche \u00ab\u00a0collectivit\u00e9s locales\u00a0\u00bb. <a href=\"https:\/\/www.senat.fr\/salle-de-presse\/communiques-de-presse\/presse\/10-10-2023\/accord-sur-le-projet-de-loi-relatif-a-lindustrie-verte-le-senat-pour-une-transition-verte-au-plus-pres-des-territoires.html\">Saluant cet accord<\/a>, Dominique Estrosi Sassone, nouvelle pr\u00e9sidente de la commission des affaires \u00e9conomiques du S\u00e9nat, a cependant mis en garde : \u00ab\u00a0ce n\u2019est qu\u2019un tout petit pas vers la r\u00e9industrialisation de la France. Nous devons maintenant ouvrir les chantiers structurels de la formation professionnelle, de la comp\u00e9titivit\u00e9 des entreprises, de la mobilisation du capital\u2011risque, car c\u2019est tout l\u2019appareil productif qu\u2019il faut mettre en ordre de marche vers la transition \u00e9cologique\u00a0\u00bb. Un petit pas en effet, au point que Le Monde qualifie ce texte de \u00ab\u00a0vert p\u00e2le\u00a0\u00bb. <a href=\"https:\/\/www.lemonde.fr\/economie\/article\/2023\/10\/11\/reconquete-industrielle-un-texte-de-loi-vert-pale_6193752_3234.html?lmd_medium=al&amp;lmd_campaign=envoye-par-appli&amp;lmd_creation=ios&amp;lmd_source=mail\">Certains observateurs attentifs<\/a> estiment que les deux mesures phares r\u00e9pondent \u00e0 des demandes formul\u00e9es \u00ab\u00a0sur tous les tons par les industriels, depuis longtemps\u00a0\u00bb. La premi\u00e8re consiste \u00e0 diviser par deux les d\u00e9lais administratifs d\u2019ouverture de site, passant de dix-sept \u00e0 neuf mois. L\u2019autre mesure est un cr\u00e9dit d\u2019imp\u00f4t pouvant repr\u00e9senter jusqu\u2019\u00e0 40 % de l\u2019investissement pour les usines de batteries, de panneaux solaires, de turbines \u00e9oliennes ou de pompes \u00e0 chaleur. Les treize autres mesures de la loi \u2212 cr\u00e9ation d\u2019un livret d\u2019\u00e9pargne, r\u00e9habilitation de sites, cr\u00e9ation d\u2019un label, formation\u2026 \u2212 vont aussi dans le sens demand\u00e9 par les industriels.<\/p>\n\n<p>Le <strong>rapport synth\u00e9tique de la semaine<\/strong> concerne la planification \u00e9cologique \u00e0 la fran\u00e7aise, mainte fois \u00e9voqu\u00e9e dans cette Breaking (RE)NEWS, avec un document tr\u00e8s bien fait, une mine de chiffres int\u00e9ressants, que l\u2019on peut t\u00e9l\u00e9charger <a href=\"https:\/\/www.gouvernement.fr\/upload\/media\/content\/0001\/07\/dc29785bc6c40139f4b49ee2ac75c2a154856323.pdf\">ici<\/a>.<\/p>\n\n<figure class=\"wp-block-image size-full\"><img loading=\"lazy\" decoding=\"async\" width=\"936\" height=\"502\" class=\"wp-image-2609\" src=\"https:\/\/reset.earth\/wp-content\/uploads\/2024\/01\/image-103.png\" alt=\"\" srcset=\"https:\/\/reset.earth\/wp-content\/uploads\/2024\/01\/image-103.png 936w, https:\/\/reset.earth\/wp-content\/uploads\/2024\/01\/image-103-300x161.png 300w, https:\/\/reset.earth\/wp-content\/uploads\/2024\/01\/image-103-768x412.png 768w\" sizes=\"(max-width: 936px) 100vw, 936px\" \/><\/figure>\n\n<p>L<strong>a controverse un peu technique de la semaine<\/strong> et dont l\u2019on n\u2019est pas s\u00fbr, chez (RE)SET, qui aime le concret, qu\u2019elle constitue un sujet phare de la transition, concerne la \u00ab\u00a0mat\u00e9rialit\u00e9\u00a0\u00bb, double ou pas double. On vous avait pr\u00e9venu, c\u2019est technique\u00a0\ud83d\ude09. D\u2019un c\u00f4t\u00e9, vous trouvez Emmanuel Faber, ex-dirigeant charismatique de Danone, qui <a href=\"https:\/\/www.lemonde.fr\/idees\/article\/2023\/10\/10\/comptabilite-d-entreprise-exiger-que-la-materialite-s-etende-au-dela-du-domaine-economique-est-en-realite-simpliste_6193607_3232.html\">dans une tribune<\/a> affirme qu\u2019il \u00ab\u00a0est simpliste\u00a0\u00bb de souhaiter que la mat\u00e9rialit\u00e9 s\u2019\u00e9tende au-del\u00e0 du domaine \u00e9conomique \u00bb. D\u00e9sormais Pr\u00e9sident de l\u2019organisme international charg\u00e9 de la normalisation comptable extra financi\u00e8re, l\u2019ISSB, il conteste ce faisant les critiques adress\u00e9es, en Europe, au projet propos\u00e9 par cet organisme.\u00a0Critiques parfois v\u00e9h\u00e9mentes, dont celles de Jean-Marc Jancovici\u00a0(entre autres)\u00a0qui plaide pour la \u00ab\u00a0<a href=\"https:\/\/reset.earth\/csrd\/\">double mat\u00e9rialit\u00e9\u00a0\u00bb<\/a> promue par l&rsquo;Europe. Derri\u00e8re ce charabia se cache une diff\u00e9rence de philosophie entre am\u00e9ricains et europ\u00e9ens en ce qui concerne ce dont une entreprise est redevable envers des tiers. Faber plaide pour que les seules informations environnementales qu&rsquo;une entreprise doive mettre \u00e0 disposition de ses actionnaires soient celles qui sont susceptibles d&rsquo;avoir un impact sur la valeur de l&rsquo;action. Avec cette approche, une entreprise doit faire savoir si un de ses actifs est susceptible d&rsquo;\u00eatre atteint par le r\u00e9chauffement climatique, mais elle n&rsquo;a pas besoin de dire quelle est son impact, \u00e0 elle, sur l\u2019environnement. La \u00ab\u00a0d<a href=\"https:\/\/reset.earth\/csrd\/\">ouble mat\u00e9rialit\u00e9<\/a>\u00a0\u00bb suppose de faire les deux. Faber\/Janco, dix-huiti\u00e8me round, faites vos jeux\u00a0! Concr\u00e8tement, foin de mots, c\u2019est l\u2019action qui importe\u00a0: allons-y\u00a0!<\/p>\n\n<p>La <strong>guerre de la semaine<\/strong> dure elle depuis des ann\u00e9es et n\u2019est pas pr\u00e8s de se terminer. La Commission europ\u00e9enne s\u2019appr\u00eate \u00e0 valider ces jours-ci le renouvellement d\u2019autorisation du glyphosate pour dix ans, en d\u00e9pit de scientifiques vent debout contre cet herbicide qui est le plus utilis\u00e9 dans le monde. Une nouvelle fois, un collectif de chercheurs sp\u00e9cialistes des sols alerte, dans <a href=\"-%09https:\/www.lemonde.fr\/idees\/article\/2023\/10\/12\/les-vers-de-terre-sont-des-allies-plus-precieux-que-le-glyphosate-pour-la-sante-de-notre-planete-et-de-ses-habitants_6193981_3232.html?lmd_medium=al&amp;lmd_campaign=envoye-par-appli&amp;lmd_creation=ios&amp;lmd_source=mail\">une tribune<\/a> au \u00ab Monde \u00bb, sur les nombreuses \u00e9tudes qui montrent \u00ab sans \u00e9quivoque \u00bb les effets d\u00e9l\u00e9t\u00e8res du glyphosate sur les vers de terre, puissants alli\u00e9s d\u2019une agriculture durable. Par ailleurs, on apprend aujourd\u2019hui, \u00ab\u00a0hasard de calendrier\u00a0\u00bb, que la nocivit\u00e9 du glyphosate a \u00e9t\u00e9 au moins reconnue une fois, dans le cas embl\u00e9matique de <a href=\"https:\/\/www.tf1info.fr\/societe\/glyphosate-theo-grataloup-indemnise-pour-des-malformations-apres-une-exposition-in-utero-une-premiere-mondiale-2272581.html\">la famille Grataloup<\/a> (malformation d\u2019un enfant in utero suite \u00e0 une exposition au glyphosate), de ce fait indemnis\u00e9e. Mais tout cela n\u2019est pas bien grave, ose affirmer Le Figaro, qui doit avoir des informations que d\u2019autres n\u2019ont pas puisqu\u2019il titre sur <a href=\"https:\/\/www.lefigaro.fr\/sciences\/glyphosate-aux-origines-de-la-controverse-sur-sa-nocivite-20231012\">l&rsquo;absence de nocivit\u00e9 du glyphosate.<\/a> En attendant, un premier vote aujourd\u2019hui \u00e0 Bruxelles n\u2019a pas permis de trouver une majorit\u00e9 pour la reconduction. Certains n\u2019ont pas d\u00fb lire Le Figaro\u00a0\ud83d\ude09. Mais ce n\u2019est que partie remise\u2026<\/p>\n\n<figure class=\"wp-block-image size-full\"><img loading=\"lazy\" decoding=\"async\" width=\"622\" height=\"498\" class=\"wp-image-2610\" src=\"https:\/\/reset.earth\/wp-content\/uploads\/2024\/01\/image-104.png\" alt=\"\" srcset=\"https:\/\/reset.earth\/wp-content\/uploads\/2024\/01\/image-104.png 622w, https:\/\/reset.earth\/wp-content\/uploads\/2024\/01\/image-104-300x240.png 300w\" sizes=\"(max-width: 622px) 100vw, 622px\" \/><\/figure>\n\n<p>La <strong>transition de la semaine qui va \u00eatre longue et compliqu\u00e9e<\/strong>\u00a0est celle du secteur maritime\u00a0: Dans le secteur maritime, on en est loin, tr\u00e8s loin, les carburants alternatifs ne peuvent d\u2019imposer que dans la dur\u00e9e. Aujourd\u2019hui, 3 % des \u00e9missions mondiales de gaz \u00e0 effet de serre proviennent de ce transport sur les mers. Mais sans changement de comportement et sans investissements lourds, cette part passera \u00e0 <a href=\"https:\/\/www.lesechos.fr\/idees-debats\/sciences-prospective\/lapres-petrole-un-horizon-encore-lointain-pour-le-transport-maritime-1985912\">17% des \u00e9missions<\/a> mondiales d&rsquo;ici \u00e0 2050.<\/p>\n\n<p>Dans la s\u00e9rie rien n\u2019est simple quand on transitionne, la <strong>stagnation de la semaine<\/strong> concerne, h\u00e9las, le recyclage, dont les chiffres globaux viennent d\u2019\u00eatre donn\u00e9s pour 2022. La baisse de la consommation a entra\u00een\u00e9 la diminution des volumes de d\u00e9chets collect\u00e9s, et la concurrence avec des mat\u00e9riaux vierges (plastique, papier) se fait en d\u00e9faveur des recycl\u00e9s. <a href=\"-%09https:\/www.lemonde.fr\/planete\/article\/2023\/10\/12\/le-marche-du-recyclage-a-stagne-en-france-en-2022_6193955_3244.html?lmd_medium=al&amp;lmd_campaign=envoye-par-appli&amp;lmd_creation=ios&amp;lmd_source=mail\">Finalement, le march\u00e9 du recyclage stagne, au mieux.<\/a> Lors m\u00eame qu\u2019il devrait se d\u00e9velopper rapidement si la France entend atteindre ses objectifs en la mati\u00e8re.<\/p>\n\n<p><strong>L\u2019\u00e9ditorial de la semaine<\/strong> est \u00e0 chercher dans Le Monde, o\u00f9 St\u00e9phane Foucart ironise avec talent sur nos \u00ab\u00a0adorables\u00a0\u00bb \u00ab\u00a0bagnoles\u00a0\u00bb. On s\u2019en souvient, apr\u00e8s les sarcasmes sur le \u00ab mod\u00e8le Amish \u00bb et le \u00ab retour \u00e0 la lampe \u00e0 huile \u00bb, apr\u00e8s les v\u0153ux pour l\u2019ann\u00e9e 2023 marqu\u00e9s par le d\u00e9sormais c\u00e9l\u00e8bre \u00ab Qui aurait pu pr\u00e9dire ? \u00bb, Emmanuel Macron a de nouveau lest\u00e9 sa parole publique d\u2019une petite phrase dont il a le secret. Il \u00ab\u00a0adore la bagnole\u00a0\u00bb. \u00a0Ce qui permet d\u2019\u00e9voquer un sujet pointu mais pas tant que cela : la \u00a0<a href=\"https:\/\/www.lemonde.fr\/idees\/article\/2023\/10\/08\/usage-de-la-voiture-ni-les-particuliers-ni-les-entreprises-n-ont-interet-a-remettre-en-cause-le-mode-de-transport-dominant_6193084_3232.html\">\u00ab\u00a0bagnole de fonction\u00a0\u00bb<\/a> , niche fiscale pour 2,4 millions de fran\u00e7ais qui, eux aussi, l\u2019adorent. Et pour rester dans \u00ab\u00a0la bagnole\u00a0\u00bb, le projet de loi de finances 2024 s\u2019attaque tout de m\u00eame vigoureusement \u00e0 un sujet qui f\u00e2che\u00a0: le SUV (\u00ab\u00a0Sport Utility Vehicle\u00a0\u00bb en \u00ab\u00a0bon fran\u00e7ais\u00a0\u00bb), soit 47% du march\u00e9 des automobiles vendues depuis le 1<sup>er<\/sup> janvier 2023. Le \u00ab\u00a0double-malus\u00a0\u00bb sera d\u00e9sormais <a href=\"https:\/\/www.lesechos.fr\/idees-debats\/editos-analyses\/cette-fois-la-chasse-aux-suv-est-vraiment-ouverte-1986869\">r\u00e9ellement d\u00e9sincitatif<\/a>, sauf \u00e0 opter pour le 100% \u00e9lectrique. La bonne id\u00e9e n\u2019est h\u00e9las pas pouss\u00e9e jusqu\u2019\u00e0 sa conclusion logique puisque on sait, gr\u00e2ce \u00e0 l\u2019ADEME, que le passage \u00e0 l\u2019\u00e9lectrique n\u2019est \u00ab\u00a0rentable\u00a0\u00bb en termes d\u2019\u00e9missions carbones globales qu\u2019\u00e0 condition que la \u00ab\u00a0bagnole\u00a0\u00bb concern\u00e9e soit \u00ab\u00a0petite\u00a0\u00bb et \u00ab\u00a0l\u00e9g\u00e8re\u00a0\u00bb\u00a0: m\u00eame 100% \u00e9lectrique, le SUV reste un mauvais choix\u00a0!<\/p>\n\n<figure class=\"wp-block-image size-full\"><img loading=\"lazy\" decoding=\"async\" width=\"918\" height=\"516\" class=\"wp-image-2611\" src=\"https:\/\/reset.earth\/wp-content\/uploads\/2024\/01\/image-105.png\" alt=\"\" srcset=\"https:\/\/reset.earth\/wp-content\/uploads\/2024\/01\/image-105.png 918w, https:\/\/reset.earth\/wp-content\/uploads\/2024\/01\/image-105-300x169.png 300w, https:\/\/reset.earth\/wp-content\/uploads\/2024\/01\/image-105-768x432.png 768w\" sizes=\"(max-width: 918px) 100vw, 918px\" \/><\/figure>\n\n<p><strong>L\u2019enqu\u00eate vid\u00e9o de la semaine <\/strong>d\u00e9nonce le r\u00f4le de certaines banques fran\u00e7aises, et non des moindres, dans le <a href=\"https:\/\/www.lemonde.fr\/planete\/video\/2023\/10\/06\/enquete-comment-des-banques-francaises-financent-le-plus-gros-producteur-mondial-de-petrole_6192805_3244.html#xtor=AL-32280270-[mail]-[ios]\">financement persistant des \u00e9nergies fossiles<\/a>, en l\u2019esp\u00e8ce Saudi Aramco, la plus grande compagnie p\u00e9troli\u00e8re mondiale, en contradiction, une fois de plus, avec leurs engagements\u00a0: 16 milliards de dollars depuis 2019, tout de m\u00eame.<\/p>\n\n<p>A propos d\u2019engagements non tenus (on plaisante\u00a0!), le <strong>r\u00e9seau social de la semaine<\/strong> est TikTok qui est partout et notamment l\u00e0 o\u00f9 on ne l\u2019attendait peut-\u00eatre pas. Selon les grandes tendances 2023 des r\u00e9seaux sociaux d\u00e9voil\u00e9 dans <a href=\"https:\/\/info.visibrain.com\/etude-rse-et-reseaux-sociaux\">le rapport du cabinet Visibrain<\/a>, les entreprises choisissent de plus en plus TikTok pour \u00e9voquer leurs engagements en mati\u00e8re de RSE et, singuli\u00e8rement, de transition. Pas s\u00fbr que le format de ce r\u00e9seau social aide beaucoup \u00e0 la lutte contre le greenwashing\u2026<\/p>\n\n<p>La<strong> nouvelle de la semaine qui n\u2019a pas grand-chose \u00e0 faire l\u00e0 mais on vous en parle quand m\u00eame<\/strong> concerne Onclusive, leader de la veille m\u00e9diatique, qui va remplacer plus de <a href=\"https:\/\/www.radiofrance.fr\/franceinter\/chez-onclusive-plus-de-la-moitie-des-salaries-francais-remplaces-par-des-outils-d-intelligence-artificielle-4134887\">la moiti\u00e9 de ses salari\u00e9s en France<\/a> par des outils d&rsquo;intelligence artificielle, Chat GDP et ses \u00ab\u00a0coll\u00e8gues\u00a0\u00bb. D\u2019ici que la Breaking (RE)NEWS soit r\u00e9dig\u00e9e par un logiciel il n\u2019y a qu\u2019un pas, que l\u2019auteur de ces lignes -en chair et en os- vivant, nous ne franchiront pas \ud83d\ude09<\/p>\n\n<p><strong>Le reportage de la semaine<\/strong> concerne Mayotte, d\u00e9partement fran\u00e7ais d\u2019outre-mer, dont on esp\u00e8re que la situation hydrique ne pr\u00e9figure pas ce qui pourrait un jour se passer dans l\u2019hexagone. L\u00e0-bas, \u00ab\u00a0l\u2019eau c\u2019est vraiment de l\u2019or bleu, c\u2019est <a href=\"https:\/\/www.liberation.fr\/societe\/sante\/a-mayotte-leau-cest-vraiment-de-lor-bleu-cest-presque-aussi-cher-que-le-petrole-20231009_R3JCSETUKBAFBONINVMPAZ2WNI\/?redirected=1&amp;redirected=1\">presque aussi cher que le p\u00e9trole<\/a>\u00a0\u00bb nous raconte Lib\u00e9ration. La faute \u00e0 des installations v\u00e9tustes -en d\u2019autres termes, des fuites, notamment- et une s\u00e9cheresse historique.<\/p>\n\n<p><strong>L\u2019autre (!) reportage de la semaine<\/strong> nous vient d\u2019Inde, autour de l\u2019Himalaya,et c\u2019est encore Lib\u00e9ration qui nous explique comment <a href=\"https:\/\/www.liberation.fr\/environnement\/climat\/lac-himalayen-les-raisons-dune-vidange-mortelle-20231007_J6Q7RJHYPNDG5O2ZXMQLQLPHHE\/\">la rupture pr\u00e9visible d&rsquo;un glacier<\/a> par trop \u00ab\u00a0r\u00e9chauff\u00e9\u00a0\u00bb a provoqu\u00e9 le d\u00e9versement d\u2019un lac d\u2019altitude sur une petite ville de montagne, entra\u00eenant une dizaine de morts et 10 000 sans-abris. Une photo vaut mille mots\u00a0:<\/p>\n\n<figure class=\"wp-block-image size-full\"><img loading=\"lazy\" decoding=\"async\" width=\"906\" height=\"410\" class=\"wp-image-2612\" src=\"https:\/\/reset.earth\/wp-content\/uploads\/2024\/01\/image-106.png\" alt=\"\" srcset=\"https:\/\/reset.earth\/wp-content\/uploads\/2024\/01\/image-106.png 906w, https:\/\/reset.earth\/wp-content\/uploads\/2024\/01\/image-106-300x136.png 300w, https:\/\/reset.earth\/wp-content\/uploads\/2024\/01\/image-106-768x348.png 768w\" sizes=\"(max-width: 906px) 100vw, 906px\" \/><\/figure>\n\n<p>Dans le m\u00eame esprit, le <strong>chiffre de la semaine<\/strong> nous est donn\u00e9 par l\u2019UNICEF et c\u2019est <strong>43,1 millions<\/strong> (d\u2019enfants). \u00ab\u00a0<em>En six ans, les catastrophes li\u00e9es au climat ont entra\u00een\u00e9 43,1 millions de d\u00e9placements internes d\u2019enfants dans 44 pays\u00a0\u00bb<\/em>, soit\u00a0<em>\u00ab\u00a0environ 20\u00a0000 d\u00e9placements d\u2019enfants chaque jour\u00a0\u00bb<\/em>, alerte le Fonds des nations unies pour l\u2019enfance dans\u00a0<a href=\"https:\/\/www.unicef.org\/media\/145956\/file\/Climate%20displacement%20report%20(French).pdf\" target=\"_blank\" rel=\"noreferrer noopener\">un rapport publi\u00e9 aujourd\u2019hui<\/a>.<\/p>\n\n<p><strong>La devinette de la semaine derni\u00e8re <\/strong>\u00e9tait une mesure\u00a0: \u00ab\u00a04805,59 m\u00e8tres\u00a0\u00bb. Elle aussi avait fait les titres de l\u2019actualit\u00e9. De quoi s\u2019agissait-il\u00a0? L\u2019indice\u00a0\u00e9tait que l\u2019on parlait plus ici de hauteur que de longueur\u00a0! Facile, donc, de deviner que ces <a href=\"https:\/\/www.tf1info.fr\/environnement-ecologie\/le-mont-blanc-mesure-desormais-4805-59-metres-soit-environ-deux-metres-de-perdus-en-deux-ans-2272021.html\">4805,59 m\u00e8tres<\/a> constituent la nouvelle mesure officielle de l\u2019altitude au sommet du Mont Blanc, soit environ deux m\u00e8tres de moins qu\u2019il y a deux ans. L\u2019altitude varie surtout en fonction de la m\u00e9t\u00e9o, la temp\u00e9rature dont il n\u2019a \u00e9chapp\u00e9 \u00e0 (presque) personne qu\u2019elle est plut\u00f4t \u00e0 la hausse, fait fondre les glaciers, notamment. La tendance depuis 20 ans est assez nette\u00a0:<\/p>\n\n<figure class=\"wp-block-image size-full\"><img loading=\"lazy\" decoding=\"async\" width=\"910\" height=\"564\" class=\"wp-image-2613\" src=\"https:\/\/reset.earth\/wp-content\/uploads\/2024\/01\/image-107.png\" alt=\"\" srcset=\"https:\/\/reset.earth\/wp-content\/uploads\/2024\/01\/image-107.png 910w, https:\/\/reset.earth\/wp-content\/uploads\/2024\/01\/image-107-300x186.png 300w, https:\/\/reset.earth\/wp-content\/uploads\/2024\/01\/image-107-768x476.png 768w\" sizes=\"(max-width: 910px) 100vw, 910px\" \/><\/figure>\n\n<p><strong>La devinette de cette semaine<\/strong> tient elle aussi en un chiffre\u00a0: 5 millions de m\u00e8tres carr\u00e9s. Mais de quoi\u00a0? L\u2019indice\u00a0: ce chiffre pose deux questions. La premi\u00e8re sur l\u2019origine \u00ab\u00a0made in China\u00a0\u00bb ou non de\u2026 quelque chose. La deuxi\u00e8me sur le z\u00e9ro net artificialisation des sols. L\u00e0, vraiment, vous \u00eates aid\u00e9s\u00a0!<\/p>\n\t\t\t\t\t\t\t\t<\/div>\n\t\t\t\t<\/div>\n\t\t\t\t\t<\/div>\n\t\t\t\t<\/div>\n\t\t\t\t<\/div>\n\t\t","protected":false},"excerpt":{"rendered":"<p>Une fois n\u2019est pas coutume, l\u2019actualit\u00e9 de cette semaine de la transition \u00e9conomique et environnementale est marqu\u00e9e par un mot. Pas n\u2019importe lequel\u00a0: le trilemme, cher aux \u00e9conomistes du Fonds Mon\u00e9taire International, qui l\u2019utilisent depuis quelques d\u00e9cennies. Dans son dernier opus, le FMI \u00e9voque \u00ab\u00a0le trilemme de la transition\u00a0\u00bb\u00a0: le climat, la dette et la [&hellip;]<\/p>\n","protected":false},"author":1,"featured_media":4261,"comment_status":"open","ping_status":"open","sticky":false,"template":"","format":"standard","meta":{"content-type":"","footnotes":""},"categories":[1],"tags":[33],"class_list":["post-2605","post","type-post","status-publish","format-standard","has-post-thumbnail","hentry","category-breaking-renews","tag-breaking-renews"],"yoast_head":"<!-- This site is optimized with the Yoast SEO plugin v27.4 - https:\/\/yoast.com\/product\/yoast-seo-wordpress\/ -->\n<title>Le Trilemme de la Transition: Climat, Dette, Politique et la Qu\u00eate d&#039;\u00c9quilibre<\/title>\n<meta name=\"description\" content=\"Le FMI souligne un trilemme dans la transition \u00e9conomique: concilier climat, dette, et politique sans compromis n&#039;est pas simple.\" \/>\n<meta name=\"robots\" content=\"index, follow, max-snippet:-1, max-image-preview:large, max-video-preview:-1\" \/>\n<link rel=\"canonical\" href=\"https:\/\/reset.earth\/en\/breaking-renews-du-13-octobre-2023-le-trilemme-de-la-transition\/\" \/>\n<meta property=\"og:locale\" content=\"en_US\" \/>\n<meta property=\"og:type\" content=\"article\" \/>\n<meta property=\"og:title\" content=\"Le Trilemme de la Transition: Climat, Dette, Politique et la Qu\u00eate d&#039;\u00c9quilibre\" \/>\n<meta property=\"og:description\" content=\"Le FMI souligne un trilemme dans la transition \u00e9conomique: concilier climat, dette, et politique sans compromis n&#039;est pas simple.\" \/>\n<meta property=\"og:url\" content=\"https:\/\/reset.earth\/en\/breaking-renews-du-13-octobre-2023-le-trilemme-de-la-transition\/\" \/>\n<meta property=\"og:site_name\" content=\"(RE)SET - Cabinet de conseil en transition \u00e9conomique et environnementale\" \/>\n<meta property=\"article:published_time\" content=\"2023-10-24T16:33:36+00:00\" \/>\n<meta property=\"article:modified_time\" content=\"2025-03-27T14:59:05+00:00\" \/>\n<meta property=\"og:image\" content=\"https:\/\/reset.earth\/wp-content\/uploads\/2024\/03\/Capture-decran-2024-03-22-a-16.43.54-1.png\" \/>\n\t<meta property=\"og:image:width\" content=\"864\" \/>\n\t<meta property=\"og:image:height\" content=\"840\" \/>\n\t<meta property=\"og:image:type\" content=\"image\/png\" \/>\n<meta name=\"author\" content=\"rrn46\" \/>\n<meta name=\"twitter:card\" content=\"summary_large_image\" \/>\n<meta name=\"twitter:label1\" content=\"Written by\" \/>\n\t<meta name=\"twitter:data1\" content=\"rrn46\" \/>\n\t<meta name=\"twitter:label2\" content=\"Est. reading time\" \/>\n\t<meta name=\"twitter:data2\" content=\"14 minutes\" \/>\n<script type=\"application\/ld+json\" class=\"yoast-schema-graph\">{\"@context\":\"https:\\\/\\\/schema.org\",\"@graph\":[{\"@type\":\"Article\",\"@id\":\"https:\\\/\\\/reset.earth\\\/breaking-renews-du-13-octobre-2023-le-trilemme-de-la-transition\\\/#article\",\"isPartOf\":{\"@id\":\"https:\\\/\\\/reset.earth\\\/breaking-renews-du-13-octobre-2023-le-trilemme-de-la-transition\\\/\"},\"author\":{\"name\":\"rrn46\",\"@id\":\"https:\\\/\\\/reset.earth\\\/#\\\/schema\\\/person\\\/61b723981bbd92aa0a2f1e8180985059\"},\"headline\":\"BREAKING (RE)NEWS DU 13 OCTOBRE 2023 : LE TRILEMME DE LA TRANSITION\u00a0\",\"datePublished\":\"2023-10-24T16:33:36+00:00\",\"dateModified\":\"2025-03-27T14:59:05+00:00\",\"mainEntityOfPage\":{\"@id\":\"https:\\\/\\\/reset.earth\\\/breaking-renews-du-13-octobre-2023-le-trilemme-de-la-transition\\\/\"},\"wordCount\":2622,\"commentCount\":0,\"publisher\":{\"@id\":\"https:\\\/\\\/reset.earth\\\/#organization\"},\"image\":{\"@id\":\"https:\\\/\\\/reset.earth\\\/breaking-renews-du-13-octobre-2023-le-trilemme-de-la-transition\\\/#primaryimage\"},\"thumbnailUrl\":\"https:\\\/\\\/reset.earth\\\/wp-content\\\/uploads\\\/2024\\\/03\\\/Capture-decran-2024-03-22-a-16.43.54-1.png\",\"keywords\":[\"Breaking Renews\"],\"articleSection\":[\"Breaking Renews\"],\"inLanguage\":\"en-US\",\"potentialAction\":[{\"@type\":\"CommentAction\",\"name\":\"Comment\",\"target\":[\"https:\\\/\\\/reset.earth\\\/breaking-renews-du-13-octobre-2023-le-trilemme-de-la-transition\\\/#respond\"]}]},{\"@type\":\"WebPage\",\"@id\":\"https:\\\/\\\/reset.earth\\\/breaking-renews-du-13-octobre-2023-le-trilemme-de-la-transition\\\/\",\"url\":\"https:\\\/\\\/reset.earth\\\/breaking-renews-du-13-octobre-2023-le-trilemme-de-la-transition\\\/\",\"name\":\"Le Trilemme de la Transition: Climat, Dette, Politique et la Qu\u00eate d'\u00c9quilibre\",\"isPartOf\":{\"@id\":\"https:\\\/\\\/reset.earth\\\/#website\"},\"primaryImageOfPage\":{\"@id\":\"https:\\\/\\\/reset.earth\\\/breaking-renews-du-13-octobre-2023-le-trilemme-de-la-transition\\\/#primaryimage\"},\"image\":{\"@id\":\"https:\\\/\\\/reset.earth\\\/breaking-renews-du-13-octobre-2023-le-trilemme-de-la-transition\\\/#primaryimage\"},\"thumbnailUrl\":\"https:\\\/\\\/reset.earth\\\/wp-content\\\/uploads\\\/2024\\\/03\\\/Capture-decran-2024-03-22-a-16.43.54-1.png\",\"datePublished\":\"2023-10-24T16:33:36+00:00\",\"dateModified\":\"2025-03-27T14:59:05+00:00\",\"description\":\"Le FMI souligne un trilemme dans la transition \u00e9conomique: concilier climat, dette, et politique sans compromis n'est pas simple.\",\"breadcrumb\":{\"@id\":\"https:\\\/\\\/reset.earth\\\/breaking-renews-du-13-octobre-2023-le-trilemme-de-la-transition\\\/#breadcrumb\"},\"inLanguage\":\"en-US\",\"potentialAction\":[{\"@type\":\"ReadAction\",\"target\":[\"https:\\\/\\\/reset.earth\\\/breaking-renews-du-13-octobre-2023-le-trilemme-de-la-transition\\\/\"]}]},{\"@type\":\"ImageObject\",\"inLanguage\":\"en-US\",\"@id\":\"https:\\\/\\\/reset.earth\\\/breaking-renews-du-13-octobre-2023-le-trilemme-de-la-transition\\\/#primaryimage\",\"url\":\"https:\\\/\\\/reset.earth\\\/wp-content\\\/uploads\\\/2024\\\/03\\\/Capture-decran-2024-03-22-a-16.43.54-1.png\",\"contentUrl\":\"https:\\\/\\\/reset.earth\\\/wp-content\\\/uploads\\\/2024\\\/03\\\/Capture-decran-2024-03-22-a-16.43.54-1.png\",\"width\":864,\"height\":840},{\"@type\":\"BreadcrumbList\",\"@id\":\"https:\\\/\\\/reset.earth\\\/breaking-renews-du-13-octobre-2023-le-trilemme-de-la-transition\\\/#breadcrumb\",\"itemListElement\":[{\"@type\":\"ListItem\",\"position\":1,\"name\":\"Home\",\"item\":\"https:\\\/\\\/reset.earth\\\/\"},{\"@type\":\"ListItem\",\"position\":2,\"name\":\"BREAKING (RE)NEWS DU 13 OCTOBRE 2023 : LE TRILEMME DE LA TRANSITION\u00a0\"}]},{\"@type\":\"WebSite\",\"@id\":\"https:\\\/\\\/reset.earth\\\/#website\",\"url\":\"https:\\\/\\\/reset.earth\\\/\",\"name\":\"(RE)SET - 1er cabinet de conseil en transition \u00e9conomique et environnementale\",\"description\":\"Resources to win environmental and economic battles\",\"publisher\":{\"@id\":\"https:\\\/\\\/reset.earth\\\/#organization\"},\"potentialAction\":[{\"@type\":\"SearchAction\",\"target\":{\"@type\":\"EntryPoint\",\"urlTemplate\":\"https:\\\/\\\/reset.earth\\\/?s={search_term_string}\"},\"query-input\":{\"@type\":\"PropertyValueSpecification\",\"valueRequired\":true,\"valueName\":\"search_term_string\"}}],\"inLanguage\":\"en-US\"},{\"@type\":\"Organization\",\"@id\":\"https:\\\/\\\/reset.earth\\\/#organization\",\"name\":\"(RE)SET - 1er cabinet de conseil en transition \u00e9conomique et environnementale\",\"url\":\"https:\\\/\\\/reset.earth\\\/\",\"logo\":{\"@type\":\"ImageObject\",\"inLanguage\":\"en-US\",\"@id\":\"https:\\\/\\\/reset.earth\\\/#\\\/schema\\\/logo\\\/image\\\/\",\"url\":\"https:\\\/\\\/reset.earth\\\/wp-content\\\/uploads\\\/2023\\\/10\\\/DARK-BLUE-RESET.png\",\"contentUrl\":\"https:\\\/\\\/reset.earth\\\/wp-content\\\/uploads\\\/2023\\\/10\\\/DARK-BLUE-RESET.png\",\"width\":1856,\"height\":538,\"caption\":\"(RE)SET - 1er cabinet de conseil en transition \u00e9conomique et environnementale\"},\"image\":{\"@id\":\"https:\\\/\\\/reset.earth\\\/#\\\/schema\\\/logo\\\/image\\\/\"}},{\"@type\":\"Person\",\"@id\":\"https:\\\/\\\/reset.earth\\\/#\\\/schema\\\/person\\\/61b723981bbd92aa0a2f1e8180985059\",\"name\":\"rrn46\",\"image\":{\"@type\":\"ImageObject\",\"inLanguage\":\"en-US\",\"@id\":\"https:\\\/\\\/secure.gravatar.com\\\/avatar\\\/fd3b8b26689fa3743439e0d0fb6ac29090b786fd3dc992a2c46370fa063ef24e?s=96&d=mm&r=g\",\"url\":\"https:\\\/\\\/secure.gravatar.com\\\/avatar\\\/fd3b8b26689fa3743439e0d0fb6ac29090b786fd3dc992a2c46370fa063ef24e?s=96&d=mm&r=g\",\"contentUrl\":\"https:\\\/\\\/secure.gravatar.com\\\/avatar\\\/fd3b8b26689fa3743439e0d0fb6ac29090b786fd3dc992a2c46370fa063ef24e?s=96&d=mm&r=g\",\"caption\":\"rrn46\"},\"sameAs\":[\"https:\\\/\\\/reset.earth\"],\"url\":\"https:\\\/\\\/reset.earth\\\/en\\\/author\\\/rrn46\\\/\"}]}<\/script>\n<!-- \/ Yoast SEO plugin. -->","yoast_head_json":{"title":"Le Trilemme de la Transition: Climat, Dette, Politique et la Qu\u00eate d'\u00c9quilibre","description":"Le FMI souligne un trilemme dans la transition \u00e9conomique: concilier climat, dette, et politique sans compromis n'est pas simple.","robots":{"index":"index","follow":"follow","max-snippet":"max-snippet:-1","max-image-preview":"max-image-preview:large","max-video-preview":"max-video-preview:-1"},"canonical":"https:\/\/reset.earth\/en\/breaking-renews-du-13-octobre-2023-le-trilemme-de-la-transition\/","og_locale":"en_US","og_type":"article","og_title":"Le Trilemme de la Transition: Climat, Dette, Politique et la Qu\u00eate d'\u00c9quilibre","og_description":"Le FMI souligne un trilemme dans la transition \u00e9conomique: concilier climat, dette, et politique sans compromis n'est pas simple.","og_url":"https:\/\/reset.earth\/en\/breaking-renews-du-13-octobre-2023-le-trilemme-de-la-transition\/","og_site_name":"(RE)SET - Cabinet de conseil en transition \u00e9conomique et environnementale","article_published_time":"2023-10-24T16:33:36+00:00","article_modified_time":"2025-03-27T14:59:05+00:00","og_image":[{"width":864,"height":840,"url":"https:\/\/reset.earth\/wp-content\/uploads\/2024\/03\/Capture-decran-2024-03-22-a-16.43.54-1.png","type":"image\/png"}],"author":"rrn46","twitter_card":"summary_large_image","twitter_misc":{"Written by":"rrn46","Est. reading time":"14 minutes"},"schema":{"@context":"https:\/\/schema.org","@graph":[{"@type":"Article","@id":"https:\/\/reset.earth\/breaking-renews-du-13-octobre-2023-le-trilemme-de-la-transition\/#article","isPartOf":{"@id":"https:\/\/reset.earth\/breaking-renews-du-13-octobre-2023-le-trilemme-de-la-transition\/"},"author":{"name":"rrn46","@id":"https:\/\/reset.earth\/#\/schema\/person\/61b723981bbd92aa0a2f1e8180985059"},"headline":"BREAKING (RE)NEWS DU 13 OCTOBRE 2023 : LE TRILEMME DE LA TRANSITION\u00a0","datePublished":"2023-10-24T16:33:36+00:00","dateModified":"2025-03-27T14:59:05+00:00","mainEntityOfPage":{"@id":"https:\/\/reset.earth\/breaking-renews-du-13-octobre-2023-le-trilemme-de-la-transition\/"},"wordCount":2622,"commentCount":0,"publisher":{"@id":"https:\/\/reset.earth\/#organization"},"image":{"@id":"https:\/\/reset.earth\/breaking-renews-du-13-octobre-2023-le-trilemme-de-la-transition\/#primaryimage"},"thumbnailUrl":"https:\/\/reset.earth\/wp-content\/uploads\/2024\/03\/Capture-decran-2024-03-22-a-16.43.54-1.png","keywords":["Breaking Renews"],"articleSection":["Breaking Renews"],"inLanguage":"en-US","potentialAction":[{"@type":"CommentAction","name":"Comment","target":["https:\/\/reset.earth\/breaking-renews-du-13-octobre-2023-le-trilemme-de-la-transition\/#respond"]}]},{"@type":"WebPage","@id":"https:\/\/reset.earth\/breaking-renews-du-13-octobre-2023-le-trilemme-de-la-transition\/","url":"https:\/\/reset.earth\/breaking-renews-du-13-octobre-2023-le-trilemme-de-la-transition\/","name":"Le Trilemme de la Transition: Climat, Dette, Politique et la Qu\u00eate d'\u00c9quilibre","isPartOf":{"@id":"https:\/\/reset.earth\/#website"},"primaryImageOfPage":{"@id":"https:\/\/reset.earth\/breaking-renews-du-13-octobre-2023-le-trilemme-de-la-transition\/#primaryimage"},"image":{"@id":"https:\/\/reset.earth\/breaking-renews-du-13-octobre-2023-le-trilemme-de-la-transition\/#primaryimage"},"thumbnailUrl":"https:\/\/reset.earth\/wp-content\/uploads\/2024\/03\/Capture-decran-2024-03-22-a-16.43.54-1.png","datePublished":"2023-10-24T16:33:36+00:00","dateModified":"2025-03-27T14:59:05+00:00","description":"Le FMI souligne un trilemme dans la transition \u00e9conomique: concilier climat, dette, et politique sans compromis n'est pas simple.","breadcrumb":{"@id":"https:\/\/reset.earth\/breaking-renews-du-13-octobre-2023-le-trilemme-de-la-transition\/#breadcrumb"},"inLanguage":"en-US","potentialAction":[{"@type":"ReadAction","target":["https:\/\/reset.earth\/breaking-renews-du-13-octobre-2023-le-trilemme-de-la-transition\/"]}]},{"@type":"ImageObject","inLanguage":"en-US","@id":"https:\/\/reset.earth\/breaking-renews-du-13-octobre-2023-le-trilemme-de-la-transition\/#primaryimage","url":"https:\/\/reset.earth\/wp-content\/uploads\/2024\/03\/Capture-decran-2024-03-22-a-16.43.54-1.png","contentUrl":"https:\/\/reset.earth\/wp-content\/uploads\/2024\/03\/Capture-decran-2024-03-22-a-16.43.54-1.png","width":864,"height":840},{"@type":"BreadcrumbList","@id":"https:\/\/reset.earth\/breaking-renews-du-13-octobre-2023-le-trilemme-de-la-transition\/#breadcrumb","itemListElement":[{"@type":"ListItem","position":1,"name":"Home","item":"https:\/\/reset.earth\/"},{"@type":"ListItem","position":2,"name":"BREAKING (RE)NEWS DU 13 OCTOBRE 2023 : LE TRILEMME DE LA TRANSITION\u00a0"}]},{"@type":"WebSite","@id":"https:\/\/reset.earth\/#website","url":"https:\/\/reset.earth\/","name":"(RE)SET - 1er cabinet de conseil en transition \u00e9conomique et environnementale","description":"Resources to win environmental and economic battles","publisher":{"@id":"https:\/\/reset.earth\/#organization"},"potentialAction":[{"@type":"SearchAction","target":{"@type":"EntryPoint","urlTemplate":"https:\/\/reset.earth\/?s={search_term_string}"},"query-input":{"@type":"PropertyValueSpecification","valueRequired":true,"valueName":"search_term_string"}}],"inLanguage":"en-US"},{"@type":"Organization","@id":"https:\/\/reset.earth\/#organization","name":"(RE)SET - 1er cabinet de conseil en transition \u00e9conomique et environnementale","url":"https:\/\/reset.earth\/","logo":{"@type":"ImageObject","inLanguage":"en-US","@id":"https:\/\/reset.earth\/#\/schema\/logo\/image\/","url":"https:\/\/reset.earth\/wp-content\/uploads\/2023\/10\/DARK-BLUE-RESET.png","contentUrl":"https:\/\/reset.earth\/wp-content\/uploads\/2023\/10\/DARK-BLUE-RESET.png","width":1856,"height":538,"caption":"(RE)SET - 1er cabinet de conseil en transition \u00e9conomique et environnementale"},"image":{"@id":"https:\/\/reset.earth\/#\/schema\/logo\/image\/"}},{"@type":"Person","@id":"https:\/\/reset.earth\/#\/schema\/person\/61b723981bbd92aa0a2f1e8180985059","name":"rrn46","image":{"@type":"ImageObject","inLanguage":"en-US","@id":"https:\/\/secure.gravatar.com\/avatar\/fd3b8b26689fa3743439e0d0fb6ac29090b786fd3dc992a2c46370fa063ef24e?s=96&d=mm&r=g","url":"https:\/\/secure.gravatar.com\/avatar\/fd3b8b26689fa3743439e0d0fb6ac29090b786fd3dc992a2c46370fa063ef24e?s=96&d=mm&r=g","contentUrl":"https:\/\/secure.gravatar.com\/avatar\/fd3b8b26689fa3743439e0d0fb6ac29090b786fd3dc992a2c46370fa063ef24e?s=96&d=mm&r=g","caption":"rrn46"},"sameAs":["https:\/\/reset.earth"],"url":"https:\/\/reset.earth\/en\/author\/rrn46\/"}]}},"_links":{"self":[{"href":"https:\/\/reset.earth\/en\/wp-json\/wp\/v2\/posts\/2605","targetHints":{"allow":["GET"]}}],"collection":[{"href":"https:\/\/reset.earth\/en\/wp-json\/wp\/v2\/posts"}],"about":[{"href":"https:\/\/reset.earth\/en\/wp-json\/wp\/v2\/types\/post"}],"author":[{"embeddable":true,"href":"https:\/\/reset.earth\/en\/wp-json\/wp\/v2\/users\/1"}],"replies":[{"embeddable":true,"href":"https:\/\/reset.earth\/en\/wp-json\/wp\/v2\/comments?post=2605"}],"version-history":[{"count":3,"href":"https:\/\/reset.earth\/en\/wp-json\/wp\/v2\/posts\/2605\/revisions"}],"predecessor-version":[{"id":5495,"href":"https:\/\/reset.earth\/en\/wp-json\/wp\/v2\/posts\/2605\/revisions\/5495"}],"wp:featuredmedia":[{"embeddable":true,"href":"https:\/\/reset.earth\/en\/wp-json\/wp\/v2\/media\/4261"}],"wp:attachment":[{"href":"https:\/\/reset.earth\/en\/wp-json\/wp\/v2\/media?parent=2605"}],"wp:term":[{"taxonomy":"category","embeddable":true,"href":"https:\/\/reset.earth\/en\/wp-json\/wp\/v2\/categories?post=2605"},{"taxonomy":"post_tag","embeddable":true,"href":"https:\/\/reset.earth\/en\/wp-json\/wp\/v2\/tags?post=2605"}],"curies":[{"name":"wp","href":"https:\/\/api.w.org\/{rel}","templated":true}]}}