{"id":3371,"date":"2024-02-06T16:38:11","date_gmt":"2024-02-06T15:38:11","guid":{"rendered":"https:\/\/reset.earth\/?p=3371"},"modified":"2025-03-27T15:55:27","modified_gmt":"2025-03-27T14:55:27","slug":"adn-les-marques-de-la-cosmetique-la-jouent-collectif-contre-le-plastique","status":"publish","type":"post","link":"https:\/\/reset.earth\/en\/adn-les-marques-de-la-cosmetique-la-jouent-collectif-contre-le-plastique\/","title":{"rendered":"ADN &#8211; Les marques de la cosm\u00e9tique la jouent collectif contre le plastique"},"content":{"rendered":"<p>Oubliez un instant la concurrence&nbsp;: vos rivaux sont vos alli\u00e9s dans la transition. Le cabinet de conseil (RE)SET accompagne les entreprises qui veulent transformer leur cha\u00eene de valeur \u00e0 plusieurs pour limiter les risques et acc\u00e9l\u00e9rer le processus. Une petite r\u00e9volution.<\/p>\n\n\n\n<p>\u00ab&nbsp;Trop risqu\u00e9&nbsp;\u00bb. Combien de fois avez-vous entendu une entreprise justifier son&nbsp;<a href=\"https:\/\/www.ladn.eu\/entreprises-innovantes\/transparence\/total-assigne-justice-pour-inaction-climatique\/\" target=\"_blank\" rel=\"noreferrer noopener\">inaction climatique<\/a>&nbsp;par les risques financiers qu\u2019elle encourt&nbsp;\u00e0 se transformer&nbsp;? Nombreuses sont celles qui&nbsp;<a href=\"https:\/\/www.ladn.eu\/actualite\/reseaux-sociaux-strategie-greenwashing-industries-fossiles\/\" target=\"_blank\" rel=\"noreferrer noopener\">se contentent de la politique des petits pas<\/a>, d\u00e9pass\u00e9es par la perspective de&nbsp;<a href=\"https:\/\/www.ladn.eu\/ladn-transition\/cec-comment-150-entreprises-ont-lance-leur-transition-ecologique\/\" target=\"_blank\" rel=\"noreferrer noopener\">la remise en question de leur cha\u00eene de valeur<\/a>.<\/p>\n\n\n\n<p><strong>Il existe pourtant un moyen de limiter les risques de la transition&nbsp;:&nbsp;<a href=\"https:\/\/www.ladn.eu\/ladn-transition\/cec-comment-150-entreprises-ont-lance-leur-transition-ecologique\/\" target=\"_blank\" rel=\"noreferrer noopener\">la coop\u00e9ration<\/a>.<\/strong>&nbsp;De la m\u00eame fa\u00e7on que l\u2019action climatique ne peut pas se contenter d\u2019\u00eatre la ni\u00e8me case de nos&nbsp;<em>to-do lists<\/em>&nbsp;personnelles (produits bios + pipi sous la douche + v\u00e9lo \u2260 plan\u00e8te sauv\u00e9e), il ne sert pas \u00e0 grand-chose qu\u2019une entreprise fasse sa transition si les autres ne suivent pas. Pire&nbsp;: dans un environnement instable et hyperconcurrentiel, agir seul est presque toujours vou\u00e9 \u00e0 l&rsquo;\u00e9chec.<\/p>\n\n\n\n<p>La coop\u00e9ration transsectorielle n&rsquo;est pas une mince affaire pour les entreprises, mais&nbsp;<a href=\"https:\/\/www.ladn.eu\/ladn-transition\/cec-comment-150-entreprises-ont-lance-leur-transition-ecologique\/\" target=\"_blank\" rel=\"noreferrer noopener\">consortiums et collectifs se multiplient pour accompagner la r\u00e9volution<\/a>. Et si aucun secteur industriel n\u2019\u00e9chappe \u00e0 ces questions, certains ont une longueur d\u2019avance.&nbsp;<a href=\"https:\/\/www.ladn.eu\/nouveaux-usages\/usages-et-style-de-vie\/marques-cosmetiques-francaises-changent-donne\/\" target=\"_blank\" rel=\"noreferrer noopener\">Le secteur de la cosm\u00e9tique est de ces pionniers<\/a>. En juin 2021, la FEBEA, F\u00e9d\u00e9ration des entreprises de la beaut\u00e9, a lanc\u00e9 son&nbsp;<a href=\"https:\/\/www.febea.fr\/fr\/vos-produits-cosmetiques\/actualites\/le-plastic-act-premier-plan-dactions-qui-vient-concretiser-la\" target=\"_blank\" rel=\"noreferrer noopener\">Plastic Act<\/a>, avec pour objectif d\u2019aller plus vite que ce que la loi AGEC (Anti-Gaspillage et \u00c9conomie Circulaire) exige&nbsp;: r\u00e9employer 20 % des emballages, d\u00e9velopper le vrac, r\u00e9duire de 15 % le volume d\u2019emballages plastiques par l\u2019\u00e9coconception et la substitution par de nouveaux mat\u00e9riaux\u2026 Le tout, \u00e0 horizon 2025.&nbsp;<strong>Le secteur cosm\u00e9tique est ainsi devenu le premier secteur \u00e0 se doter collectivement d\u2019objectifs chiffr\u00e9s.<\/strong><\/p>\n\n\n\n<p>\u00c0 la man\u0153uvre de ce travail d\u2019ampleur qui a fait grand bruit, un jeune cabinet de conseil sp\u00e9cialis\u00e9 dans la transition,&nbsp;<a href=\"https:\/\/www.theresetcompany.com\/en\" target=\"_blank\" rel=\"noreferrer noopener\">The (RE)SET Company<\/a>, cr\u00e9\u00e9 en 2019 et men\u00e9 par G\u00e9raldine Poivert. Depuis 2019, (RE)SET se donne pour mission de faire bouger les lignes dans dix secteurs strat\u00e9giques (emballages, cosm\u00e9tiques, mobilier, textile\u2026), en travaillant \u00e0 la fois avec des clients uniques et en consortiums.&nbsp;<strong>Le slogan de (RE)SET: \u00ab&nbsp;cooperation is the new competition&nbsp;\u00bb<\/strong>.<\/p>\n\n\n\n<h2 class=\"wp-block-heading\">Un consortium pour limiter les risques<\/h2>\n\n\n\n<p>L\u2019ann\u00e9e derni\u00e8re, quatorze entreprises du secteur (Chanel, L\u2019Or\u00e9al, Sisley, L\u2019Occitane\u2026) ont recontact\u00e9 (RE)SET pour se constituer en un consortium, Pulp In Action. L\u2019objectif&nbsp;: s\u2019accorder sur le d\u00e9veloppement de nouveaux mat\u00e9riaux en fibre de cellulose substituables au plastique, pour&nbsp;<strong>s\u2019attaquer de front \u00e0 l\u2019\u00e9pineuse question du packaging cosm\u00e9tique<\/strong>.<\/p>\n\n\n\n<figure class=\"wp-block-image\"><img decoding=\"async\" src=\"https:\/\/www.ladn.eu\/wp-content\/uploads\/2023\/02\/1644846812_1644250376810-1024x1024.jpeg\" alt=\"\"\/><figcaption class=\"wp-element-caption\">Les 14 entreprises du consortium Pulp In Action coordonn\u00e9 par (RE)SET<\/figcaption><\/figure>\n\n\n\n<p>Le consortium prend le probl\u00e8me du packaging \u00e0 la source, c\u2019est-\u00e0-dire dans les laboratoires, pour&nbsp;<a href=\"https:\/\/www.ladn.eu\/ladn-transition\/plastique-recycle-comment-ce-marche-empeche-le-developpement-de-matieres-plus-green\/\" target=\"_blank\" rel=\"noreferrer noopener\">d\u00e9velopper des mati\u00e8res innovantes aux propri\u00e9t\u00e9s adapt\u00e9es aux produits cosm\u00e9tiques<\/a>. (RE)SET \u00e9coute les besoins formul\u00e9s par les entreprises, organise les concertations, source les mat\u00e9riaux en fibre, et s\u2019assure qu\u2019ils soient fonctionnels pour les entreprises. Apr\u00e8s une premi\u00e8re ann\u00e9e de concertation et de sourcing,&nbsp;<strong>une quinzaine de pilotes de packagings sont d\u00e9j\u00e0 \u00e0 l\u2019\u00e9tude.<\/strong><\/p>\n\n\n\n<p>Si&nbsp;<a href=\"https:\/\/www.ladn.eu\/ladn-transition\/pollution-plastique-le-plastique-recycle-cest-du-poison-recycle-pour-notre-sante-et-pour-la-planete\/\" target=\"_blank\" rel=\"noreferrer noopener\">l\u2019urgence de la sortie du plastique ne fait plus d\u00e9bat<\/a>, la mise en \u0153uvre de cette noble intention est un casse-t\u00eate pour une entreprise cosm\u00e9tique. \u00ab&nbsp;Le plastique est une mati\u00e8re g\u00e9niale, avec des propri\u00e9t\u00e9s difficiles \u00e0 retrouver ailleurs&nbsp;\u00bb, reconna\u00eet G\u00e9raldine Poivert.&nbsp;<strong>L\u2019industrie tout enti\u00e8re est construite sur l\u2019h\u00e9g\u00e9monie du plastique<\/strong>&nbsp;: \u00ab&nbsp;m\u00eame les protocoles de test des emballages sur lesquels nous sommes cens\u00e9s nous appuyer ont \u00e9t\u00e9 fa\u00e7onn\u00e9s pour le plastique et ne sont pas adapt\u00e9s aux nouvelles mati\u00e8res. Tout est \u00e0 reprendre. Les changements industriels que nous devons mener sont de vraies r\u00e9volutions.&nbsp;\u00bb<\/p>\n\n\n\n<p>C\u2019est face \u00e0 cette montagne \u00e0 gravir que s\u2019unir devient pertinent. \u00ab&nbsp;On ne peut pas r\u00e9fl\u00e9chir au packaging seul dans son coin&nbsp;\u00bb, insiste la fondatrice de (RE)SET&nbsp;: \u00ab&nbsp;<a href=\"https:\/\/www.ladn.eu\/ladn-transition\/plastique-recycle-comment-ce-marche-empeche-le-developpement-de-matieres-plus-green\/\" target=\"_blank\" rel=\"noreferrer noopener\">il faut se poser au niveau du secteur pour d\u00e9cider de nouveaux standards<\/a>.&nbsp;<a href=\"https:\/\/www.ladn.eu\/nouveaux-usages\/etude-marketing\/les-tendances-2018-de-la-cosmetique\/\" target=\"_blank\" rel=\"noreferrer noopener\">La cosm\u00e9tique en a eu l\u2019intuition tr\u00e8s t\u00f4t<\/a>.&nbsp;\u00bb<\/p>\n\n\n\n<h2 class=\"wp-block-heading\">\u00ab&nbsp;On ne monte pas une armada pour une niche&nbsp;\u00bb<\/h2>\n\n\n\n<p>Les risques de la transition sont multiples.&nbsp;<strong>D\u2019abord, innover co\u00fbte cher. Autant s\u2019y mettre \u00e0 plusieurs, surtout lorsque c\u2019est le monopole du plastique \u00e9tabli sur le packaging depuis des d\u00e9cennies qu\u2019il s\u2019agit de challenger<\/strong>. \u00ab&nbsp;Ensuite, il y a toujours le risque que le consommateur ne suive pas&nbsp;\u00bb, rel\u00e8ve G\u00e9raldine Poivert. \u00ab&nbsp;Pour toute innovation, il faut un march\u00e9. Si une entreprise est la seule \u00e0 proposer un nouveau produit et qu\u2019il n\u2019y a pas de mouvement massif pour accompagner le consommateur, il y a de grandes chances qu\u2019elle soit perdante.&nbsp;\u00bb Enfin, les fournisseurs seront r\u00e9ticents si l\u2019entreprise la joue loup solitaire&nbsp;: \u00ab&nbsp;au niveau industriel, on ne va pas changer une machine-outil pour 5 % du march\u00e9. On ne monte pas toute une armada pour une niche.&nbsp;\u00bb<\/p>\n\n\n\n<p>Le consortium permet alors aux entreprises de \u00ab&nbsp;d\u00e9risquer&nbsp;l\u2019innovation&nbsp;\u00bb.&nbsp;<strong>\u00ab&nbsp;Les concurrents ont un int\u00e9r\u00eat commun, qui est aussi l\u2019int\u00e9r\u00eat g\u00e9n\u00e9ral&nbsp;: celui de red\u00e9finir des standards.&nbsp;\u00bb<\/strong>&nbsp;C\u2019est ce qui s\u2019est produit au moment de la r\u00e9volution digitale, compare G\u00e9raldine Poivert&nbsp;: \u00ab&nbsp;au d\u00e9but d\u2019Internet, il a fallu tomber d\u2019accord sur un Internet protocolaire. On est \u00e0 ce moment-l\u00e0 de la transition environnementale.&nbsp;\u00bb<\/p>\n\n\n\n<p>Pour G\u00e9raldine Poivert, la coop\u00e9ration a du sens au d\u00e9but de la transition, \u00ab&nbsp;lorsqu&rsquo;on en est au d\u00e9frichage.&nbsp;\u00bb La logique est simple&nbsp;:&nbsp;<strong>\u00ab&nbsp;Avant de s\u2019affronter sur le terrain de foot, il faut cr\u00e9er le terrain de foot.&nbsp;Cela n\u2019emp\u00eachera pas les entreprises de se diff\u00e9rencier par la suite, mais il faut passer par une phase de d\u00e9finition des standards.&nbsp;\u00bb<\/strong>&nbsp;Et donc s\u2019asseoir \u00e0 la m\u00eame table que ses concurrents pendant quelques mois, voire quelques ann\u00e9es.<\/p>\n\n\n\n<h2 class=\"wp-block-heading\">\u00ab&nbsp;Un costume d&rsquo;Arlequin&nbsp;\u00bb<\/h2>\n\n\n\n<p>La coop\u00e9ration est devenue un passage oblig\u00e9 pour chaque secteur, mais elle n\u2019en est pas moins un num\u00e9ro d\u2019\u00e9quilibriste. \u00ab&nbsp;Ce n\u2019est jamais facile d\u2019animer un consortium&nbsp;\u00bb, reconna\u00eet volontiers G\u00e9raldine Poivert. \u00ab&nbsp;Cela signifie cr\u00e9er une dynamique collective avec des gens qui ont leurs ego, leurs habitudes, leur culture d\u2019entreprise.&nbsp;\u00bb<\/p>\n\n\n\n<p>C\u2019est d\u2019autant plus complexe que les quatorze marques de Pulp In Action ont des profils tr\u00e8s divers&nbsp;: marques internationales ou plut\u00f4t tourn\u00e9es vers la France, maisons de luxes ou client\u00e8le grand public\u2026 Chanel, L\u2019Occitane et Sisley n\u2019ont pas les m\u00eames priorit\u00e9s.<\/p>\n\n\n\n<p><strong>\u00ab&nbsp;L\u2019id\u00e9e est de cr\u00e9er un costume d\u2019Arlequin&nbsp;\u00bb, explique G\u00e9raldine Poivert, \u00ab&nbsp;pour que tout le monde quitte le consortium avec le m\u00eame costume sans pour autant avoir renonc\u00e9 \u00e0 son identit\u00e9.&nbsp;\u00bb<\/strong>&nbsp;Un patchwork que (RE)SET semble avoir r\u00e9ussi, puisque les&nbsp;quatorze entreprises viennent de signer pour une deuxi\u00e8me ann\u00e9e de travail.<\/p>\n\n\n\n<h2 class=\"wp-block-heading\">\u00ab&nbsp;<strong>Le secteur de la cosm\u00e9tique ose jouer collectif&nbsp;<\/strong>\u00bb<\/h2>\n\n\n\n<p>Pour G\u00e9raldine Poivert,&nbsp;<a href=\"https:\/\/www.ladn.eu\/nouveaux-usages\/etude-marketing\/les-tendances-2018-de-la-cosmetique\/\" target=\"_blank\" rel=\"noreferrer noopener\">le secteur de la cosm\u00e9tique est particuli\u00e8rement bien positionn\u00e9 sur le sujet<\/a>.&nbsp;<strong>\u00ab&nbsp;La cosm\u00e9tique est un secteur qui a les moyens, qui ose jouer collectif quand il le faut, et qui par sa culture de l\u2019innovation, peut \u00eatre moteur dans la transition environnementale.&nbsp;\u00bb<\/strong><\/p>\n\n\n\n<p>G\u00e9raldine rappelle sa fiert\u00e9 d\u2019avoir \u00e9t\u00e9 contact\u00e9e par la FEBEA au moment du Plastic Act&nbsp;: \u00ab&nbsp;c\u2019\u00e9tait la premi\u00e8re organisation professionnelle sectorielle \u00e0 avoir fait un plan d\u2019action sur le plastique, et l\u2019\u00c9tat s\u2019en est ensuite inspir\u00e9 pour ses feuilles de route sectorielles recommand\u00e9es par l\u2019ADEME.&nbsp;\u00bb<\/p>\n\n\n\n<h2 class=\"wp-block-heading\"><strong>P\u00e9rim\u00e9e, la concurrence&nbsp;?<\/strong><\/h2>\n\n\n\n<p>2025, 2030, 2050\u2026 Les d\u00e9lais donn\u00e9s aux entreprises pour op\u00e9rer la transformation de leurs activit\u00e9s sont courts. Les directives nationales et europ\u00e9ennes se multiplient, et&nbsp;<a href=\"https:\/\/www.ladn.eu\/actualite\/rse-engagement-salaries-entreprise-kantar\/\" target=\"_blank\" rel=\"noreferrer noopener\">il y a d\u00e9sormais plus de risques \u00e0 ne rien faire qu&rsquo;\u00e0 se transformer<\/a>. \u00c0 l\u2019heure de l\u2019urgence,&nbsp;<strong>le fonctionnement en silo ne permet plus aux secteurs de se transformer suffisamment vite<\/strong>.&nbsp;<a href=\"https:\/\/www.usinenouvelle.com\/editorial\/avis-d-expert-transition-climatique-il-est-urgent-de-repenser-les-relations-client-fournisseur.N2018037\" target=\"_blank\" rel=\"noreferrer noopener\">Au-del\u00e0 des cosm\u00e9tiques, certains groupes l\u2019ont bien compris<\/a>. Nestl\u00e9 Waters, PepsiCo et Suntory ont uni leurs forces \u00e0 celles du fournisseur Carbios pour acc\u00e9l\u00e9rer la mise au point du recyclage enzymatique du plastique. Les fournisseurs d\u2019\u00e9nergies et fabricants de camion se rassemblent quant \u00e0 eux pour d\u00e9velopper des camions \u00e0 hydrog\u00e8ne. Depuis 2021,&nbsp;<a href=\"https:\/\/agirpourlatransition.ademe.fr\/entreprises\/demarche-decarbonation-industrie\/actualites\/plans-transition-sectoriels-decarboner-lindustrie\" target=\"_blank\" rel=\"noreferrer noopener\">l\u2019ADEME propose elle aussi des \u00ab&nbsp;feuilles de route sectorielles&nbsp;\u00bb pour mettre en \u0153uvre la coop\u00e9ration au sein d\u2019une industrie<\/a>.<\/p>\n\n\n\n<p><strong>Dans cette r\u00e9volution des relations entre les entreprises, (RE)SET offre la perspective rassurante d\u2019un accompagnement \u00e0 360\u00b0<\/strong>. Le cabinet de conseil \u00ab&nbsp;int\u00e9gr\u00e9&nbsp;\u00bb met en \u0153uvre la transformation de l\u2019entreprise dans chacune de ses phases, de la R&amp;D au d\u00e9ploiement industriel en passant par la r\u00e9flexion strat\u00e9gique. Impossible de faire l\u2019\u00e9conomie d\u2019un tel tour d&rsquo;horizon si l\u2019on veut aller plus loin qu\u2019une transformation de surface, insiste G\u00e9raldine Poivert.<\/p>\n\n\n\n<p>Mais si (RE)SET propose une d\u00e9marche ambitieuse aux entreprises, elle prend soin de se distinguer de certains discours \u00e9cologistes.&nbsp;<strong>\u00ab&nbsp;Chez (RE)SET, nous faisons de la transition pour de vrai. Nous croyons en la croissance verte et en l\u2019\u00e9cologie de solutions.&nbsp;\u00bb<\/strong>&nbsp;Pas question de parler de d\u00e9croissance pour ce cabinet qui met un point d\u2019honneur \u00e0 s\u2019adresser aux entreprises dans leur langue, celle du business. Un positionnement qui semble gagnant puisqu\u2019il a permis \u00e0 (RE)SET de gagner la confiance de dizaines d\u2019entreprises, de Carrefour \u00e0 Decathlon en passant par Hachette et Orange.<\/p>\n\n\n\n<p>Certains groupes vont plus loin encore en mettant leurs innovations en&nbsp;<em>open source<\/em>, \u00e0 disposition de tous&nbsp;: c&rsquo;est le cas de&nbsp;<a href=\"https:\/\/mobile.twitter.com\/ElsaCHANTEREAU\/status\/1316682017371836416\" target=\"_blank\" rel=\"noreferrer noopener\">L&rsquo;Or\u00e9al qui a donn\u00e9 acc\u00e8s en 2020 \u00e0 son outil d\u2019analyse du cycle de vie des produits cosm\u00e9tiques, SPICE<\/a>, pour que toutes les entreprises puissent faire leur diagnostic gratuitement. C\u2019est aussi sur l\u2019<em>open source<\/em>&nbsp;que mise&nbsp;<a href=\"https:\/\/www.ladn.eu\/ladn-transition\/recit-dun-influenceur-green-linkedin-est-devenu-le-reseau-ecolo-par-excellence\/\" target=\"_blank\" rel=\"noreferrer noopener\">Time for the Planet, entreprise qui vise \u00e0 rassembler 1 milliard d\u2019euros pour financer 100 entreprises pour la transition<\/a>. Pour cette entreprise au mod\u00e8le un peu particulier,&nbsp;<strong>la concurrence est tout bonnement p\u00e9rim\u00e9e<\/strong>&nbsp;: l\u2019entreprise propose en acc\u00e8s libre les innovations qu\u2019elle finance pour qu\u2019elles soient r\u00e9plicables le plus vite possible, au vu de l&rsquo;urgence climatique. De plateau t\u00e9l\u00e9 en post LinkedIn, les fondateurs de l&rsquo;entreprise ne cessent de le r\u00e9p\u00e9ter&nbsp;:&nbsp;<strong><a href=\"https:\/\/www.ladn.eu\/nouveaux-usages\/40-jours-grotte-sans-reperes-temporels-appris-pour-faire-face-defis-venir\/\" target=\"_blank\" rel=\"noreferrer noopener\">\u00ab&nbsp;L\u2019heure n\u2019est plus \u00e0 la concurrence mais \u00e0 la coop\u00e9ration.&nbsp;\u00bb<\/a><\/strong><\/p>","protected":false},"excerpt":{"rendered":"<p>Oubliez un instant la concurrence&nbsp;: vos rivaux sont vos alli\u00e9s dans la transition. Le cabinet de conseil (RE)SET accompagne les entreprises qui veulent transformer leur cha\u00eene de valeur \u00e0 plusieurs pour limiter les risques et acc\u00e9l\u00e9rer le processus. Une petite r\u00e9volution. \u00ab&nbsp;Trop risqu\u00e9&nbsp;\u00bb. Combien de fois avez-vous entendu une entreprise justifier son&nbsp;inaction climatique&nbsp;par les risques [&hellip;]<\/p>\n","protected":false},"author":1,"featured_media":0,"comment_status":"open","ping_status":"open","sticky":false,"template":"","format":"standard","meta":{"content-type":"","footnotes":""},"categories":[31],"tags":[29],"class_list":["post-3371","post","type-post","status-publish","format-standard","hentry","category-presse","tag-communique-de-presse"],"yoast_head":"<!-- This site is optimized with the Yoast SEO plugin v27.4 - https:\/\/yoast.com\/product\/yoast-seo-wordpress\/ -->\n<title>Les marques de la cosm\u00e9tique la jouent collectif contre le plastique<\/title>\n<meta name=\"description\" content=\"De plateau t\u00e9l\u00e9 en post LinkedIn, les fondateurs de l&#039;entreprise ne cessent de le r\u00e9p\u00e9ter\u00a0:\u00a0\u00ab\u00a0L\u2019heure n\u2019est plus \u00e0 la concurrence mais \u00e0 la coop\u00e9ration.\u00a0\u00bb\" \/>\n<meta name=\"robots\" content=\"index, follow, max-snippet:-1, max-image-preview:large, max-video-preview:-1\" \/>\n<link rel=\"canonical\" href=\"https:\/\/reset.earth\/en\/adn-les-marques-de-la-cosmetique-la-jouent-collectif-contre-le-plastique\/\" \/>\n<meta property=\"og:locale\" content=\"en_US\" \/>\n<meta property=\"og:type\" content=\"article\" \/>\n<meta property=\"og:title\" content=\"Les marques de la cosm\u00e9tique la jouent collectif contre le plastique\" \/>\n<meta property=\"og:description\" content=\"De plateau t\u00e9l\u00e9 en post LinkedIn, les fondateurs de l&#039;entreprise ne cessent de le r\u00e9p\u00e9ter\u00a0:\u00a0\u00ab\u00a0L\u2019heure n\u2019est plus \u00e0 la concurrence mais \u00e0 la coop\u00e9ration.\u00a0\u00bb\" \/>\n<meta property=\"og:url\" content=\"https:\/\/reset.earth\/en\/adn-les-marques-de-la-cosmetique-la-jouent-collectif-contre-le-plastique\/\" \/>\n<meta property=\"og:site_name\" content=\"(RE)SET - Cabinet de conseil en transition \u00e9conomique et environnementale\" \/>\n<meta property=\"article:published_time\" content=\"2024-02-06T15:38:11+00:00\" \/>\n<meta property=\"article:modified_time\" content=\"2025-03-27T14:55:27+00:00\" \/>\n<meta property=\"og:image\" content=\"https:\/\/www.ladn.eu\/wp-content\/uploads\/2023\/02\/1644846812_1644250376810-1024x1024.jpeg\" \/>\n<meta name=\"author\" content=\"rrn46\" \/>\n<meta name=\"twitter:card\" content=\"summary_large_image\" \/>\n<meta name=\"twitter:label1\" content=\"Written by\" \/>\n\t<meta name=\"twitter:data1\" content=\"rrn46\" \/>\n\t<meta name=\"twitter:label2\" content=\"Est. reading time\" \/>\n\t<meta name=\"twitter:data2\" content=\"9 minutes\" \/>\n<script type=\"application\/ld+json\" class=\"yoast-schema-graph\">{\"@context\":\"https:\\\/\\\/schema.org\",\"@graph\":[{\"@type\":\"Article\",\"@id\":\"https:\\\/\\\/reset.earth\\\/adn-les-marques-de-la-cosmetique-la-jouent-collectif-contre-le-plastique\\\/#article\",\"isPartOf\":{\"@id\":\"https:\\\/\\\/reset.earth\\\/adn-les-marques-de-la-cosmetique-la-jouent-collectif-contre-le-plastique\\\/\"},\"author\":{\"name\":\"rrn46\",\"@id\":\"https:\\\/\\\/reset.earth\\\/#\\\/schema\\\/person\\\/61b723981bbd92aa0a2f1e8180985059\"},\"headline\":\"ADN &#8211; Les marques de la cosm\u00e9tique la jouent collectif contre le plastique\",\"datePublished\":\"2024-02-06T15:38:11+00:00\",\"dateModified\":\"2025-03-27T14:55:27+00:00\",\"mainEntityOfPage\":{\"@id\":\"https:\\\/\\\/reset.earth\\\/adn-les-marques-de-la-cosmetique-la-jouent-collectif-contre-le-plastique\\\/\"},\"wordCount\":1923,\"commentCount\":0,\"publisher\":{\"@id\":\"https:\\\/\\\/reset.earth\\\/#organization\"},\"image\":{\"@id\":\"https:\\\/\\\/reset.earth\\\/adn-les-marques-de-la-cosmetique-la-jouent-collectif-contre-le-plastique\\\/#primaryimage\"},\"thumbnailUrl\":\"https:\\\/\\\/www.ladn.eu\\\/wp-content\\\/uploads\\\/2023\\\/02\\\/1644846812_1644250376810-1024x1024.jpeg\",\"keywords\":[\"Communiqu\u00e9 de presse\"],\"articleSection\":[\"Communiqu\u00e9 de presse\"],\"inLanguage\":\"en-US\",\"potentialAction\":[{\"@type\":\"CommentAction\",\"name\":\"Comment\",\"target\":[\"https:\\\/\\\/reset.earth\\\/adn-les-marques-de-la-cosmetique-la-jouent-collectif-contre-le-plastique\\\/#respond\"]}]},{\"@type\":\"WebPage\",\"@id\":\"https:\\\/\\\/reset.earth\\\/adn-les-marques-de-la-cosmetique-la-jouent-collectif-contre-le-plastique\\\/\",\"url\":\"https:\\\/\\\/reset.earth\\\/adn-les-marques-de-la-cosmetique-la-jouent-collectif-contre-le-plastique\\\/\",\"name\":\"Les marques de la cosm\u00e9tique la jouent collectif contre le plastique\",\"isPartOf\":{\"@id\":\"https:\\\/\\\/reset.earth\\\/#website\"},\"primaryImageOfPage\":{\"@id\":\"https:\\\/\\\/reset.earth\\\/adn-les-marques-de-la-cosmetique-la-jouent-collectif-contre-le-plastique\\\/#primaryimage\"},\"image\":{\"@id\":\"https:\\\/\\\/reset.earth\\\/adn-les-marques-de-la-cosmetique-la-jouent-collectif-contre-le-plastique\\\/#primaryimage\"},\"thumbnailUrl\":\"https:\\\/\\\/www.ladn.eu\\\/wp-content\\\/uploads\\\/2023\\\/02\\\/1644846812_1644250376810-1024x1024.jpeg\",\"datePublished\":\"2024-02-06T15:38:11+00:00\",\"dateModified\":\"2025-03-27T14:55:27+00:00\",\"description\":\"De plateau t\u00e9l\u00e9 en post LinkedIn, les fondateurs de l'entreprise ne cessent de le r\u00e9p\u00e9ter\u00a0:\u00a0\u00ab\u00a0L\u2019heure n\u2019est plus \u00e0 la concurrence mais \u00e0 la coop\u00e9ration.\u00a0\u00bb\",\"breadcrumb\":{\"@id\":\"https:\\\/\\\/reset.earth\\\/adn-les-marques-de-la-cosmetique-la-jouent-collectif-contre-le-plastique\\\/#breadcrumb\"},\"inLanguage\":\"en-US\",\"potentialAction\":[{\"@type\":\"ReadAction\",\"target\":[\"https:\\\/\\\/reset.earth\\\/adn-les-marques-de-la-cosmetique-la-jouent-collectif-contre-le-plastique\\\/\"]}]},{\"@type\":\"ImageObject\",\"inLanguage\":\"en-US\",\"@id\":\"https:\\\/\\\/reset.earth\\\/adn-les-marques-de-la-cosmetique-la-jouent-collectif-contre-le-plastique\\\/#primaryimage\",\"url\":\"https:\\\/\\\/www.ladn.eu\\\/wp-content\\\/uploads\\\/2023\\\/02\\\/1644846812_1644250376810-1024x1024.jpeg\",\"contentUrl\":\"https:\\\/\\\/www.ladn.eu\\\/wp-content\\\/uploads\\\/2023\\\/02\\\/1644846812_1644250376810-1024x1024.jpeg\"},{\"@type\":\"BreadcrumbList\",\"@id\":\"https:\\\/\\\/reset.earth\\\/adn-les-marques-de-la-cosmetique-la-jouent-collectif-contre-le-plastique\\\/#breadcrumb\",\"itemListElement\":[{\"@type\":\"ListItem\",\"position\":1,\"name\":\"Home\",\"item\":\"https:\\\/\\\/reset.earth\\\/\"},{\"@type\":\"ListItem\",\"position\":2,\"name\":\"ADN &#8211; Les marques de la cosm\u00e9tique la jouent collectif contre le plastique\"}]},{\"@type\":\"WebSite\",\"@id\":\"https:\\\/\\\/reset.earth\\\/#website\",\"url\":\"https:\\\/\\\/reset.earth\\\/\",\"name\":\"(RE)SET - 1er cabinet de conseil en transition \u00e9conomique et environnementale\",\"description\":\"Resources to win environmental and economic battles\",\"publisher\":{\"@id\":\"https:\\\/\\\/reset.earth\\\/#organization\"},\"potentialAction\":[{\"@type\":\"SearchAction\",\"target\":{\"@type\":\"EntryPoint\",\"urlTemplate\":\"https:\\\/\\\/reset.earth\\\/?s={search_term_string}\"},\"query-input\":{\"@type\":\"PropertyValueSpecification\",\"valueRequired\":true,\"valueName\":\"search_term_string\"}}],\"inLanguage\":\"en-US\"},{\"@type\":\"Organization\",\"@id\":\"https:\\\/\\\/reset.earth\\\/#organization\",\"name\":\"(RE)SET - 1er cabinet de conseil en transition \u00e9conomique et environnementale\",\"url\":\"https:\\\/\\\/reset.earth\\\/\",\"logo\":{\"@type\":\"ImageObject\",\"inLanguage\":\"en-US\",\"@id\":\"https:\\\/\\\/reset.earth\\\/#\\\/schema\\\/logo\\\/image\\\/\",\"url\":\"https:\\\/\\\/reset.earth\\\/wp-content\\\/uploads\\\/2023\\\/10\\\/DARK-BLUE-RESET.png\",\"contentUrl\":\"https:\\\/\\\/reset.earth\\\/wp-content\\\/uploads\\\/2023\\\/10\\\/DARK-BLUE-RESET.png\",\"width\":1856,\"height\":538,\"caption\":\"(RE)SET - 1er cabinet de conseil en transition \u00e9conomique et environnementale\"},\"image\":{\"@id\":\"https:\\\/\\\/reset.earth\\\/#\\\/schema\\\/logo\\\/image\\\/\"}},{\"@type\":\"Person\",\"@id\":\"https:\\\/\\\/reset.earth\\\/#\\\/schema\\\/person\\\/61b723981bbd92aa0a2f1e8180985059\",\"name\":\"rrn46\",\"image\":{\"@type\":\"ImageObject\",\"inLanguage\":\"en-US\",\"@id\":\"https:\\\/\\\/secure.gravatar.com\\\/avatar\\\/fd3b8b26689fa3743439e0d0fb6ac29090b786fd3dc992a2c46370fa063ef24e?s=96&d=mm&r=g\",\"url\":\"https:\\\/\\\/secure.gravatar.com\\\/avatar\\\/fd3b8b26689fa3743439e0d0fb6ac29090b786fd3dc992a2c46370fa063ef24e?s=96&d=mm&r=g\",\"contentUrl\":\"https:\\\/\\\/secure.gravatar.com\\\/avatar\\\/fd3b8b26689fa3743439e0d0fb6ac29090b786fd3dc992a2c46370fa063ef24e?s=96&d=mm&r=g\",\"caption\":\"rrn46\"},\"sameAs\":[\"https:\\\/\\\/reset.earth\"],\"url\":\"https:\\\/\\\/reset.earth\\\/en\\\/author\\\/rrn46\\\/\"}]}<\/script>\n<!-- \/ Yoast SEO plugin. -->","yoast_head_json":{"title":"Les marques de la cosm\u00e9tique la jouent collectif contre le plastique","description":"De plateau t\u00e9l\u00e9 en post LinkedIn, les fondateurs de l'entreprise ne cessent de le r\u00e9p\u00e9ter\u00a0:\u00a0\u00ab\u00a0L\u2019heure n\u2019est plus \u00e0 la concurrence mais \u00e0 la coop\u00e9ration.\u00a0\u00bb","robots":{"index":"index","follow":"follow","max-snippet":"max-snippet:-1","max-image-preview":"max-image-preview:large","max-video-preview":"max-video-preview:-1"},"canonical":"https:\/\/reset.earth\/en\/adn-les-marques-de-la-cosmetique-la-jouent-collectif-contre-le-plastique\/","og_locale":"en_US","og_type":"article","og_title":"Les marques de la cosm\u00e9tique la jouent collectif contre le plastique","og_description":"De plateau t\u00e9l\u00e9 en post LinkedIn, les fondateurs de l'entreprise ne cessent de le r\u00e9p\u00e9ter\u00a0:\u00a0\u00ab\u00a0L\u2019heure n\u2019est plus \u00e0 la concurrence mais \u00e0 la coop\u00e9ration.\u00a0\u00bb","og_url":"https:\/\/reset.earth\/en\/adn-les-marques-de-la-cosmetique-la-jouent-collectif-contre-le-plastique\/","og_site_name":"(RE)SET - Cabinet de conseil en transition \u00e9conomique et environnementale","article_published_time":"2024-02-06T15:38:11+00:00","article_modified_time":"2025-03-27T14:55:27+00:00","og_image":[{"url":"https:\/\/www.ladn.eu\/wp-content\/uploads\/2023\/02\/1644846812_1644250376810-1024x1024.jpeg","type":"","width":"","height":""}],"author":"rrn46","twitter_card":"summary_large_image","twitter_misc":{"Written by":"rrn46","Est. reading time":"9 minutes"},"schema":{"@context":"https:\/\/schema.org","@graph":[{"@type":"Article","@id":"https:\/\/reset.earth\/adn-les-marques-de-la-cosmetique-la-jouent-collectif-contre-le-plastique\/#article","isPartOf":{"@id":"https:\/\/reset.earth\/adn-les-marques-de-la-cosmetique-la-jouent-collectif-contre-le-plastique\/"},"author":{"name":"rrn46","@id":"https:\/\/reset.earth\/#\/schema\/person\/61b723981bbd92aa0a2f1e8180985059"},"headline":"ADN &#8211; Les marques de la cosm\u00e9tique la jouent collectif contre le plastique","datePublished":"2024-02-06T15:38:11+00:00","dateModified":"2025-03-27T14:55:27+00:00","mainEntityOfPage":{"@id":"https:\/\/reset.earth\/adn-les-marques-de-la-cosmetique-la-jouent-collectif-contre-le-plastique\/"},"wordCount":1923,"commentCount":0,"publisher":{"@id":"https:\/\/reset.earth\/#organization"},"image":{"@id":"https:\/\/reset.earth\/adn-les-marques-de-la-cosmetique-la-jouent-collectif-contre-le-plastique\/#primaryimage"},"thumbnailUrl":"https:\/\/www.ladn.eu\/wp-content\/uploads\/2023\/02\/1644846812_1644250376810-1024x1024.jpeg","keywords":["Communiqu\u00e9 de presse"],"articleSection":["Communiqu\u00e9 de presse"],"inLanguage":"en-US","potentialAction":[{"@type":"CommentAction","name":"Comment","target":["https:\/\/reset.earth\/adn-les-marques-de-la-cosmetique-la-jouent-collectif-contre-le-plastique\/#respond"]}]},{"@type":"WebPage","@id":"https:\/\/reset.earth\/adn-les-marques-de-la-cosmetique-la-jouent-collectif-contre-le-plastique\/","url":"https:\/\/reset.earth\/adn-les-marques-de-la-cosmetique-la-jouent-collectif-contre-le-plastique\/","name":"Les marques de la cosm\u00e9tique la jouent collectif contre le plastique","isPartOf":{"@id":"https:\/\/reset.earth\/#website"},"primaryImageOfPage":{"@id":"https:\/\/reset.earth\/adn-les-marques-de-la-cosmetique-la-jouent-collectif-contre-le-plastique\/#primaryimage"},"image":{"@id":"https:\/\/reset.earth\/adn-les-marques-de-la-cosmetique-la-jouent-collectif-contre-le-plastique\/#primaryimage"},"thumbnailUrl":"https:\/\/www.ladn.eu\/wp-content\/uploads\/2023\/02\/1644846812_1644250376810-1024x1024.jpeg","datePublished":"2024-02-06T15:38:11+00:00","dateModified":"2025-03-27T14:55:27+00:00","description":"De plateau t\u00e9l\u00e9 en post LinkedIn, les fondateurs de l'entreprise ne cessent de le r\u00e9p\u00e9ter\u00a0:\u00a0\u00ab\u00a0L\u2019heure n\u2019est plus \u00e0 la concurrence mais \u00e0 la coop\u00e9ration.\u00a0\u00bb","breadcrumb":{"@id":"https:\/\/reset.earth\/adn-les-marques-de-la-cosmetique-la-jouent-collectif-contre-le-plastique\/#breadcrumb"},"inLanguage":"en-US","potentialAction":[{"@type":"ReadAction","target":["https:\/\/reset.earth\/adn-les-marques-de-la-cosmetique-la-jouent-collectif-contre-le-plastique\/"]}]},{"@type":"ImageObject","inLanguage":"en-US","@id":"https:\/\/reset.earth\/adn-les-marques-de-la-cosmetique-la-jouent-collectif-contre-le-plastique\/#primaryimage","url":"https:\/\/www.ladn.eu\/wp-content\/uploads\/2023\/02\/1644846812_1644250376810-1024x1024.jpeg","contentUrl":"https:\/\/www.ladn.eu\/wp-content\/uploads\/2023\/02\/1644846812_1644250376810-1024x1024.jpeg"},{"@type":"BreadcrumbList","@id":"https:\/\/reset.earth\/adn-les-marques-de-la-cosmetique-la-jouent-collectif-contre-le-plastique\/#breadcrumb","itemListElement":[{"@type":"ListItem","position":1,"name":"Home","item":"https:\/\/reset.earth\/"},{"@type":"ListItem","position":2,"name":"ADN &#8211; Les marques de la cosm\u00e9tique la jouent collectif contre le plastique"}]},{"@type":"WebSite","@id":"https:\/\/reset.earth\/#website","url":"https:\/\/reset.earth\/","name":"(RE)SET - 1er cabinet de conseil en transition \u00e9conomique et environnementale","description":"Resources to win environmental and economic battles","publisher":{"@id":"https:\/\/reset.earth\/#organization"},"potentialAction":[{"@type":"SearchAction","target":{"@type":"EntryPoint","urlTemplate":"https:\/\/reset.earth\/?s={search_term_string}"},"query-input":{"@type":"PropertyValueSpecification","valueRequired":true,"valueName":"search_term_string"}}],"inLanguage":"en-US"},{"@type":"Organization","@id":"https:\/\/reset.earth\/#organization","name":"(RE)SET - 1er cabinet de conseil en transition \u00e9conomique et environnementale","url":"https:\/\/reset.earth\/","logo":{"@type":"ImageObject","inLanguage":"en-US","@id":"https:\/\/reset.earth\/#\/schema\/logo\/image\/","url":"https:\/\/reset.earth\/wp-content\/uploads\/2023\/10\/DARK-BLUE-RESET.png","contentUrl":"https:\/\/reset.earth\/wp-content\/uploads\/2023\/10\/DARK-BLUE-RESET.png","width":1856,"height":538,"caption":"(RE)SET - 1er cabinet de conseil en transition \u00e9conomique et environnementale"},"image":{"@id":"https:\/\/reset.earth\/#\/schema\/logo\/image\/"}},{"@type":"Person","@id":"https:\/\/reset.earth\/#\/schema\/person\/61b723981bbd92aa0a2f1e8180985059","name":"rrn46","image":{"@type":"ImageObject","inLanguage":"en-US","@id":"https:\/\/secure.gravatar.com\/avatar\/fd3b8b26689fa3743439e0d0fb6ac29090b786fd3dc992a2c46370fa063ef24e?s=96&d=mm&r=g","url":"https:\/\/secure.gravatar.com\/avatar\/fd3b8b26689fa3743439e0d0fb6ac29090b786fd3dc992a2c46370fa063ef24e?s=96&d=mm&r=g","contentUrl":"https:\/\/secure.gravatar.com\/avatar\/fd3b8b26689fa3743439e0d0fb6ac29090b786fd3dc992a2c46370fa063ef24e?s=96&d=mm&r=g","caption":"rrn46"},"sameAs":["https:\/\/reset.earth"],"url":"https:\/\/reset.earth\/en\/author\/rrn46\/"}]}},"_links":{"self":[{"href":"https:\/\/reset.earth\/en\/wp-json\/wp\/v2\/posts\/3371","targetHints":{"allow":["GET"]}}],"collection":[{"href":"https:\/\/reset.earth\/en\/wp-json\/wp\/v2\/posts"}],"about":[{"href":"https:\/\/reset.earth\/en\/wp-json\/wp\/v2\/types\/post"}],"author":[{"embeddable":true,"href":"https:\/\/reset.earth\/en\/wp-json\/wp\/v2\/users\/1"}],"replies":[{"embeddable":true,"href":"https:\/\/reset.earth\/en\/wp-json\/wp\/v2\/comments?post=3371"}],"version-history":[{"count":1,"href":"https:\/\/reset.earth\/en\/wp-json\/wp\/v2\/posts\/3371\/revisions"}],"predecessor-version":[{"id":3372,"href":"https:\/\/reset.earth\/en\/wp-json\/wp\/v2\/posts\/3371\/revisions\/3372"}],"wp:attachment":[{"href":"https:\/\/reset.earth\/en\/wp-json\/wp\/v2\/media?parent=3371"}],"wp:term":[{"taxonomy":"category","embeddable":true,"href":"https:\/\/reset.earth\/en\/wp-json\/wp\/v2\/categories?post=3371"},{"taxonomy":"post_tag","embeddable":true,"href":"https:\/\/reset.earth\/en\/wp-json\/wp\/v2\/tags?post=3371"}],"curies":[{"name":"wp","href":"https:\/\/api.w.org\/{rel}","templated":true}]}}