{"id":3829,"date":"2024-03-15T09:41:54","date_gmt":"2024-03-15T08:41:54","guid":{"rendered":"https:\/\/reset.earth\/?p=3829"},"modified":"2025-03-27T15:53:54","modified_gmt":"2025-03-27T14:53:54","slug":"breaking-renews-15-mars-adaptation-le-compte-ny-est-pas-dit-la-cour","status":"publish","type":"post","link":"https:\/\/reset.earth\/en\/breaking-renews-15-mars-adaptation-le-compte-ny-est-pas-dit-la-cour\/","title":{"rendered":"BREAKING (RE)NEWS 15 MARS : ADAPTATION: LE COMPTE N&rsquo;Y EST PAS, DIT LA COUR"},"content":{"rendered":"\n<p>\u00ab&nbsp;L\u2019aust\u00e8re Cour des Comptes prendrait-elle go\u00fbt au vert&nbsp;?&nbsp;\u00bb, fait semblant de s\u2019interroger <a href=\"https:\/\/www.liberation.fr\/economie\/ne-pas-sadapter-pourrait-se-reveler-bien-plus-couteux-lalerte-de-la-cour-des-comptes-sur-le-changement-climatique-20240312_5E3QNDCUJNGNJFF5GFVSIYMIKI\/\">Lib\u00e9ration<\/a> cette semaine. De fait, les magistrats de la rue Cambon multiplient les incursions dans un domaine o\u00f9 ils n\u2019\u00e9taient pas en pointe et le font avec force. Apr\u00e8s s\u2019\u00eatre attaqu\u00e9s \u00e0 la question des montagnes et des stations de ski le mois dernier, le rapport annuel de la Cour publi\u00e9 il y a quelques jours fait la part belle \u00e0 l\u2019adaptation de la France au changement climatique. Quelque 700 pages portant aussi bien sur le ferroviaire que sur les for\u00eats, le littoral, le logement ou encore les villes, avec des donn\u00e9es solides et document\u00e9es. Comme la Breaking (RE)NEWS sait votre temps pr\u00e9cieux, voici le lien vers <a href=\"https:\/\/www.ccomptes.fr\/sites\/default\/files\/2024-03\/20240312-syntheses-RPA-2024.pdf\">la synth\u00e8se&nbsp;<\/a>&#8211; 100 pages tout de m\u00eame. Conclusion du rapport : \u00ab Ne pas s\u2019adapter [au changement climatique], ou mal s\u2019adapter, pourrait se r\u00e9v\u00e9ler \u00e0 terme bien plus co\u00fbteux \u00bb [que de le faire].<\/p>\n\n\n\n<p>Il reste donc du chemin \u00e0 parcourir. D\u2019autant que le rapport pointe la difficult\u00e9, mais aussi la n\u00e9cessit\u00e9, d\u2019avancer de concert, \u00ab&nbsp;en m\u00eame temps&nbsp;\u00bb, vers l\u2019att\u00e9nuation du r\u00e9chauffement et vers l\u2019adaptation \u00e0 ce dernier, que l\u2019on sait in\u00e9luctable. Dans un timing remarquable et remarqu\u00e9, Christophe B\u00e9chu a r\u00e9dig\u00e9 une tribune au m\u00eame <a href=\"https:\/\/www.liberation.fr\/forums\/2024-an-i-de-ladaptation-au-changement-climatique-20240312_D7Z6OYN7MJCDTDSES3RAMQEH2U\/\">Lib\u00e9ration<\/a> pr\u00e9sentant les grandes lignes de ce que sera le plan national d\u2019adaptation climatique, qui table sur 4 degr\u00e9s de plus \u00e0 la fin du si\u00e8cle\u2026<\/p>\n\n\n\n<p>Les magistrats ont la dent dure, notamment quand ils soulignent les nombreux risques de \u00ab&nbsp;mal-adaptation&nbsp;\u00bb. Typiquement, cr\u00e9er des climatisations pour lutter contre la chaleur peut se comprendre mais constitue une mauvaise id\u00e9e, au risque de cr\u00e9er des ilots de chaleur et de consommer toujours pus d\u2019\u00e9nergie. En attendant de trouver des syst\u00e8mes de climatisation plus vertueux, et il existe des pistes sur ce sujet. A l\u2019inverse, les r\u00e9seaux de froid urbains, l\u2019isolation des b\u00e2timents ou l\u2019utilisation de mat\u00e9riaux r\u00e9fl\u00e9chissants trouve gr\u00e2ce aux yeux de la rue Cambon. Autres symboles de mal-adaptation&nbsp;: d\u00e9verser de la neige artificielle (fortement consommatrice d\u2019eau) sur les pistes noires (par exemple) des stations de ski, ou ajouter du sable (par ailleurs en voie de rar\u00e9faction) sur les plages de nos stations baln\u00e9aires sont de tr\u00e8s fausses bonnes id\u00e9es. Concernant le logement, \u00ab <em>aucune \u00e9tude prospective n\u2019a \u00e9t\u00e9 men\u00e9e sur le co\u00fbt global de l\u2019adaptation des logements au changement climatique, ni sur la r\u00e9partition des charges aff\u00e9rentes entre l\u2019Etat, les collectivit\u00e9s locales, les entreprises et les m\u00e9nages<\/em>&nbsp;\u00bb, regrette la Cour. <em>Le chiffrage global de l\u2019adaptation du parc r\u00e9sidentiel n\u2019est aujourd\u2019hui ni possible, faute de donn\u00e9es techniques, ni pertinent, faute d\u2019objectifs d\u00e9finis<\/em>. \u00bb Pour les magistrats, \u00ab l\u2019enjeu de l\u2019adaptation des logements doit \u00eatre inscrit au rang des priorit\u00e9s publiques et faire \u00e9merger une politique d\u2019ensemble \u00bb.<\/p>\n\n\n\n<p>Le rapport s\u2019appesantit notamment sur les for\u00eats (trop de biches mangeant les jeunes pousses, apprend-on au d\u00e9tour d\u2019un paragraphe), l\u2019\u00e9lectricit\u00e9, le transport ferroviaire (la SNCF a quelques satisfecit), l\u2019immobilier d\u2019Etat (un \u00ab&nbsp;angle mort&nbsp;\u00bb, rien moins, de la politique d\u2019adaptation), le littoral (solutions d\u2019urgence malheureusement privil\u00e9gi\u00e9es plut\u00f4t que des visions de long terme, disent les magistrats), le logement\u2026<\/p>\n\n\n\n<p>Pour trancher sur les d\u00e9penses \u00e0 prioriser, il faut des donn\u00e9es. Or \u00ab <em>l\u2019\u00e9valuation des co\u00fbts de l\u2019adaptation est lacunaire, voire inexistante<\/em>\u00a0\u00bb, ass\u00e8ne le Pr\u00e9sident de la Cour des Comptes, Pierre Moscovici. <em>C\u2019est d\u2019ailleurs pour cela que nous ne proposons pas de chiffre magique, parce que nous n\u2019avons pas les moyens de le faire et que les donn\u00e9es sont trop \u00e9parses<\/em>. [\u2026] D\u00e9finitivement cruel, Moscovici affirme \u00ab\u00a0l\u2019adaptation ne doit pas n\u00e9cessairement passer par de nouvelles d\u00e9penses publiques \u00bb. Sans doute en r\u00e9f\u00e9rence aux coupes budg\u00e9taires r\u00e9centes, d\u2019ailleurs particuli\u00e8rement cibl\u00e9es sur l\u2019environnement, annonc\u00e9es par Bruno Le Maire. Et peut-\u00eatre en anticipation des r\u00e9actions \u00e0 l\u2019autre br\u00fblot d\u00e9voil\u00e9 par la Cour des Comptes dans le m\u00eame \u00e9lan, qui pointe la forte d\u00e9rive des finances publiques fran\u00e7aises depuis plus d\u2019un quinquennat.<\/p>\n\n\n\n<figure class=\"wp-block-image size-full\"><img fetchpriority=\"high\" decoding=\"async\" width=\"902\" height=\"676\" src=\"https:\/\/reset.earth\/wp-content\/uploads\/2024\/03\/image-25.png\" alt=\"\" class=\"wp-image-3830\" srcset=\"https:\/\/reset.earth\/wp-content\/uploads\/2024\/03\/image-25.png 902w, https:\/\/reset.earth\/wp-content\/uploads\/2024\/03\/image-25-300x225.png 300w, https:\/\/reset.earth\/wp-content\/uploads\/2024\/03\/image-25-768x576.png 768w\" sizes=\"(max-width: 902px) 100vw, 902px\" \/><\/figure>\n\n\n\n<p>Pour entamer nos rubriques hebdomadaires, un grand classique, le <strong>chiffre de la semaine\u00a0<\/strong>: 9. Cela nous semble routinier et ce n\u2019est pas une bonne nouvelle. F\u00e9vrier 2024 est le mois de f\u00e9vrier le plus chaud jamais enregistr\u00e9 dans le monde au niveau mondial, selon l\u2019Observatoire europ\u00e9en Copernicus. Surtout\u00a0: c\u2019est la neuvi\u00e8me fois cons\u00e9cutive que le record mensuel est battu, rappelle <a href=\"https:\/\/www.francebleu.fr\/infos\/meteo\/climat-fevrier-2024-est-le-mois-de-fevrier-le-plus-chaud-jamais-enregistre-dans-le-monde-selon-copernicus-8547162\">France Bleu<\/a>. Et on ne se lasse pas, mois apr\u00e8s mois, de reprendre ces graphiques de Copernicus scrupuleusement publi\u00e9s par <a href=\"https:\/\/www.liberation.fr\/environnement\/climat\/fevrier-2024-le-neuvieme-mois-consecutif-a-battre-des-records-de-chaleur-a-lechelle-mondiale-20240307_QEOGM4COGBEXNH3YNNH4V7GWUM\/?redirected=1&amp;redirected=1\">Lib\u00e9ration<\/a>, tant ils sont parlants\u00a0:<\/p>\n\n\n\n<figure class=\"wp-block-image size-full\"><img decoding=\"async\" width=\"904\" height=\"528\" src=\"https:\/\/reset.earth\/wp-content\/uploads\/2024\/03\/image-26.png\" alt=\"\" class=\"wp-image-3831\" srcset=\"https:\/\/reset.earth\/wp-content\/uploads\/2024\/03\/image-26.png 904w, https:\/\/reset.earth\/wp-content\/uploads\/2024\/03\/image-26-300x175.png 300w, https:\/\/reset.earth\/wp-content\/uploads\/2024\/03\/image-26-768x449.png 768w\" sizes=\"(max-width: 904px) 100vw, 904px\" \/><\/figure>\n\n\n\n<p>Plus impressionnant encore peut-\u00eatre, la temp\u00e9rature de nos oc\u00e9ans n\u2019en finit plus, elle aussi, de monter\u00a0:<\/p>\n\n\n\n<figure class=\"wp-block-image size-full\"><img decoding=\"async\" width=\"908\" height=\"574\" src=\"https:\/\/reset.earth\/wp-content\/uploads\/2024\/03\/image-27.png\" alt=\"\" class=\"wp-image-3832\" srcset=\"https:\/\/reset.earth\/wp-content\/uploads\/2024\/03\/image-27.png 908w, https:\/\/reset.earth\/wp-content\/uploads\/2024\/03\/image-27-300x190.png 300w, https:\/\/reset.earth\/wp-content\/uploads\/2024\/03\/image-27-768x485.png 768w\" sizes=\"(max-width: 908px) 100vw, 908px\" \/><\/figure>\n\n\n\n<p>Et pour ceux &#8211; ils sont nombreux &#8211; qui pensent sans le dire que la crise climatique nous concernera moins que d\u2019autre, positionnement g\u00e9ographique de l\u2019Europe oblige, l\u2019Agence Europ\u00e9enne de l\u2019Environnement vient de publier <a href=\"https:\/\/www.lemonde.fr\/planete\/article\/2024\/03\/11\/climat-l-europe-doit-agir-beaucoup-plus-vite-pour-eviter-des-situations-catastrophiques-selon-l-aee_6221229_3244.html?lmd_medium=al&amp;lmd_campaign=envoye-par-appli&amp;lmd_creation=ios&amp;lmd_source=mail\">un rapport<\/a> sous forme d\u2019alerte\u00a0: \u00ab L\u2019Europe est le continent qui se r\u00e9chauffe le plus rapidement \u00bb et doit agir beaucoup plus vite pour \u00e9viter des situations qualifi\u00e9es de \u00ab catastrophiques \u00bb. L\u2019\u00e9tude r\u00e9pertorie trente-six risques climatiques majeurs pour l\u2019Europe. Vingt et un d\u2019entre eux, selon l\u2019Agence, n\u00e9cessitent plus d\u2019action imm\u00e9diate.<\/p>\n\n\n\n<p>Ce qui nous porte \u00e0 nous int\u00e9resser au <strong>deuxi\u00e8me chiffre de la semaine (!)<\/strong>, qui concerne lui les \u00e9missions de m\u00e9thane dans le monde en 2023&nbsp;: selon l\u2019Agence Internationale de l\u2019Energie, elles sont rest\u00e9es \u00e0 un niveau record l\u2019an dernier, parfaitement incompatible avec les objectifs de lutte contre la crise climatique. Pire&nbsp;: 40% des \u00e9missions de m\u00e9thane de l&rsquo;industrie fossile auraient pu \u00eatre \u00e9vit\u00e9es en 2023, selon l\u2019AIE, cit\u00e9e par <a href=\"https:\/\/www.latribune.fr\/climat\/energie-environnement\/gaz-a-effet-de-serre-40-des-emissions-de-methane-de-l-industrie-fossile-auraient-pu-etre-evitees-en-2023-992820.html\">La Tribune<\/a>, car des solutions existent et sont abordables, au premier rang desquelles la simple r\u00e9paration des fuites. Et compte tenu de la valeur des gaz ainsi r\u00e9cup\u00e9r\u00e9s, le co\u00fbt net de ces r\u00e9parations serait de\u2026 z\u00e9ro. \u00ab <em>Le m\u00e9thane est responsable d\u2019environ 30 % de l\u2019augmentation des temp\u00e9ratures mondiales depuis la r\u00e9volution industrielle et le secteur de l\u2019\u00e9nergie est la deuxi\u00e8me source d\u2019\u00e9missions provenant des activit\u00e9s humaines<\/em>, rappelle Christophe McGlade, responsable de l\u2019unit\u00e9 approvisionnement en \u00e9nergie de l\u2019AIE, repris par <a href=\"https:\/\/www.lemonde.fr\/planete\/article\/2024\/03\/13\/climat-les-emissions-de-methane-en-hausse-en-2023-malgre-des-objectifs-ambitieux-de-reduction-pour-2030_6221722_3244.html?lmd_medium=al&amp;lmd_campaign=envoye-par-appli&amp;lmd_creation=ios&amp;lmd_source=mail\">Le Monde<\/a>.<\/p>\n\n\n\n<p>A propos de climat, le <strong>\u00ab\u00a0Giec de la semaine\u00a0\u00bb<\/strong> est un abus de langage, car il concerne cette fois la pollution chimique, mais c\u2019est pour mieux comprendre. Face \u00e0 la triple crise plan\u00e9taire du changement climatique, de la perte de biodiversit\u00e9 et de la pollution, cette derni\u00e8re est la grande oubli\u00e9e. Alors que des plateformes intergouvernementales existent sur le climat (Giec, donc) et sur la biodiversit\u00e9 (IPBES), l\u2019ONU travaille depuis 2022 \u00e0 la cr\u00e9ation d\u2019un panel d\u2019experts semblable sur la pollution chimique et les d\u00e9chets. Selon <a href=\"https:\/\/www.novethic.fr\/environnement\/biodiversite\/lonu-travaille-a-la-creation-dun-giec-de-la-pollution-chimique\">Novethic<\/a>, celui-ci doit voir le jour d\u2019ici la fin de l\u2019ann\u00e9e, mais de nombreux probl\u00e8mes persistent notamment autour des conflits d\u2019int\u00e9r\u00eats avec l\u2019industrie chimique\u2026<\/p>\n\n\n\n<p>Et pourtant, le <strong>concept de la semaine<\/strong> s\u2019impose h\u00e9las peu \u00e0 peu dans le discours public, dans le contexte pr\u00e9-\u00e9lectoral qui est le n\u00f4tre\u00a0: le \u00ab\u00a0greenblaming\u00a0\u00bb a le vent en poupe. Il devient de bon ton, on a en a d\u00e9j\u00e0 parl\u00e9 dans la Breaking (RE)NEWS et on reparlera, de d\u00e9nigrer l\u2019\u00e9cologie et sa traduction concr\u00e8te, la transition, devenue bouc \u00e9missaire de tous les maux, ou presque, souvent en d\u00e9pit de l\u2019\u00e9vidence, notamment scientifique. Un <a href=\"https:\/\/www.novethic.fr\/economie-et-social\/transformation-de-leconomie\/greenblaming-eologie-bouc-emissaire-inaction?utm_source=mailpoet&amp;utm_medium=email&amp;utm_campaign=skier-coute-que-coute-le-greenblaming-menace-la-transition-la-descente-aux-enfers-datos-le-recap-du-5-mars-191\">rapport<\/a> fait le point sur le sujet. Conclusion des experts\u00a0: il faut faire \u0153uvre de plus de p\u00e9dagogie et s\u2019assurer, pour qu\u2019ils soient compris, que les efforts, car il en faudra, soient le plus justement r\u00e9partis. Au risque sinon de contribuer \u00e0 la \u00ab\u00a0<em>construction de l\u2019\u00e9pouvantail \u00e9cologique<\/em>\u00a0\u00bb. Donc n\u2019h\u00e9sitez plus, sugg\u00e9rez \u00e0 vos proches de s\u2019abonner \u00e0 cette revue de presse, c\u2019est gratuit.<\/p>\n\n\n\n<figure class=\"wp-block-image size-full\"><img loading=\"lazy\" decoding=\"async\" width=\"360\" height=\"452\" src=\"https:\/\/reset.earth\/wp-content\/uploads\/2024\/03\/image-28.png\" alt=\"\" class=\"wp-image-3833\" srcset=\"https:\/\/reset.earth\/wp-content\/uploads\/2024\/03\/image-28.png 360w, https:\/\/reset.earth\/wp-content\/uploads\/2024\/03\/image-28-239x300.png 239w\" sizes=\"(max-width: 360px) 100vw, 360px\" \/><\/figure>\n\n\n\n<p>A propos de juste r\u00e9partition des efforts, on n\u2019en prend pas forc\u00e9ment le chemin, si l\u2019on s\u2019int\u00e9resse aux \u00ab\u00a0<strong>dividendes de la semaine<\/strong>\u00a0\u00bb\u00a0: ceux distribu\u00e9s en 2023 par les entreprises du CAC 40, qui ont de nouveau battu leurs records historiques. Les principaux groupes fran\u00e7ais ont r\u00e9alis\u00e9 153,6 milliards d\u2019euros de profits l\u2019an dernier. Les dividendes, 67,8 milliards d\u2019euros, tout comme les rachats d\u2019actions, 30,1 milliards, atteignent des montants in\u00e9gal\u00e9s, comme on peut le lire dans <a href=\"https:\/\/www.lemonde.fr\/economie\/article\/2024\/03\/07\/records-de-profits-et-de-dividendes-pour-les-entreprises-du-cac-40-en-2023_6220744_3234.html\">Le Monde<\/a> qui en profite pour citer un dangereux militant gauchiste, d\u00e9non\u00e7ant \u00ab <em>le cynisme de ces groupes qui font des revenus tellement exceptionnels qu\u2019ils en arrivent \u00e0 utiliser cet argent pour racheter leurs propres actions<\/em> \u00bb. La phrase date d\u2019il y a un an et elle est sign\u00e9e Emmanuel Macron. De son c\u00f4t\u00e9, <a href=\"https:\/\/www.novethic.fr\/economie-et-social\/transformation-de-leconomie\/totalenergies-lvmh-bnp-paribas-la-france-championne-des-dividendes-malgre-une-economie-au-ralenti?utm_source=mailpoet&amp;utm_medium=email&amp;utm_campaign=mega-camions-dechets-nucleaires-casse-sociale-le-recap-du-15-mars-204\">Novethic<\/a> cite l\u2019Oxfam qui note une fois de plus que les entreprises favorisent plut\u00f4t leurs actionnaires au d\u00e9triment de leurs salari\u00e9s. En dix ans, entre 2011 et 2021, les salaires n\u2019ont augment\u00e9 que de 22% tandis que les versements aux actionnaires progressaient de 57%. Pire, l\u2019ONG s\u2019inqui\u00e8te du fait que les entreprises fran\u00e7aises versent une trop grande part de leurs gains, les dividendes ayant repr\u00e9sent\u00e9 71% de leurs b\u00e9n\u00e9fices sur cette p\u00e9riode. Pour certaines, des dividendes ont \u00e9t\u00e9 vers\u00e9s alors m\u00eame qu\u2019elles \u00e9taient en d\u00e9ficit, l\u2019\u00e9tude pointant notamment Engie. La transition \u00e9cologique devrait pourtant leur imposer d\u2019augmenter leurs investissements afin de d\u00e9carboner leurs mod\u00e8les d\u2019affaires, avant de \u00ab\u00a0soigner\u00a0\u00bb leurs actionnaires\u2026<\/p>\n\n\n\n<p>La <strong>proposition de loi de la semaine<\/strong> a \u00e9t\u00e9 pl\u00e9biscit\u00e9e, ce qui n\u2019est pas si fr\u00e9quent, \u00e0 l\u2019Assembl\u00e9e nationale. Son appellation est explicite\u00a0: \u00ab\u00a0\u00ab\u00a0D\u00e9moder la fast fashion avec un syst\u00e8me de bonus-malus\u00a0\u00bb.\u00a0\u00a0\u00a0 Elle s\u2019attaque donc \u00e0 la \u00ab\u00a0fast-fashion\u00a0\u00bb et <a href=\"https:\/\/www.lemonde.fr\/politique\/article\/2024\/02\/12\/les-republicains-veulent-demoder-la-fast-fashion_6216089_823448.html\">Antoine Vermorel-Marques<\/a>, le promoteur (LR) du texte, veut aller plus loin que la loi anti-gaspillage pour une \u00e9conomie circulaire, vot\u00e9e en\u00a02020.\u00a0<em>\u00ab\u00a0Un malus de 20\u00a0% ne change rien sur un tee-shirt achet\u00e9 \u00e0 4\u00a0euros\u00a0\u00bb<\/em>, estime le d\u00e9put\u00e9. Lui souhaite instaurer une p\u00e9nalit\u00e9 d\u2019un montant de 5\u00a0euros sur tous les produits estampill\u00e9sfast fashion. Le but est\u00a0<em>\u00ab\u00a0d\u2019inciter les producteurs \u00e0 adopter des pratiques plus respectueuses de l\u2019environnement, en r\u00e9duisant la fr\u00e9quence de renouvellement de leurs collections ou en adoptant des pratiques de production et de distribution plus durables\u00a0\u00bb<\/em>, \u00e9crit-il. Il a emport\u00e9 l\u2019adh\u00e9sion de ses coll\u00e8gues puisque les d\u00e9put\u00e9s pr\u00e9sents ont adopt\u00e9 \u00e0 l&rsquo;unanimit\u00e9 le texte pr\u00e9sent\u00e9\u00a0! La proposition de loi pr\u00e9voit un affichage environnemental obligatoire, un syst\u00e8me de bonus-malus, et l&rsquo;interdiction de la publicit\u00e9 pour les marques concern\u00e9es. Mais elle renvoie au gouvernement la lourde t\u00e2che de d\u00e9finir pr\u00e9cis\u00e9ment, via un d\u00e9cret, ce qu&rsquo;est la fast fashion. Selon <a href=\"https:\/\/www.lesechos.fr\/industrie-services\/mode-luxe\/la-proposition-de-loi-anti-fast-fashion-plebiscitee-a-lassemblee-2082823\">Les Echos<\/a>, c\u2019est le contenu de ce d\u00e9cret qui, in fine, sera d\u00e9terminant quant \u00e0 l\u2019impact final du texte.<\/p>\n\n\n\n<figure class=\"wp-block-image size-full\"><img loading=\"lazy\" decoding=\"async\" width=\"900\" height=\"506\" src=\"https:\/\/reset.earth\/wp-content\/uploads\/2024\/03\/image-29.png\" alt=\"\" class=\"wp-image-3834\" srcset=\"https:\/\/reset.earth\/wp-content\/uploads\/2024\/03\/image-29.png 900w, https:\/\/reset.earth\/wp-content\/uploads\/2024\/03\/image-29-300x169.png 300w, https:\/\/reset.earth\/wp-content\/uploads\/2024\/03\/image-29-768x432.png 768w\" sizes=\"(max-width: 900px) 100vw, 900px\" \/><\/figure>\n\n\n\n<p>Le <strong>dossier de la semaine<\/strong> nous est propos\u00e9 par <a href=\"https:\/\/www.usinenouvelle.com\/article\/dans-le-textile-une-filiere-a-tisser.N2205926\">l\u2019Usine Nouvelle<\/a>, qui a opportun\u00e9ment enqu\u00eat\u00e9 sur la difficile mue de l\u2019industrie fran\u00e7aise vers l\u2019\u00e9conomie circulaire, notant que l\u2019on compte aujourd\u2019hui plus de \u00ab\u00a0bonnes intentions\u00a0\u00bb que de r\u00e9alisations concr\u00e8tes. M\u00eame si c&rsquo;est pour constater que le chemin est encore long, les articles font la part belle aux projets et progr\u00e8s enregistr\u00e9s. A noter aussi\u00a0: les citations des fondateurs de <a href=\"https:\/\/reset.earth\/\">(RE)SET<\/a>, <a href=\"https:\/\/www.linkedin.com\/feed\/update\/urn:li:activity:7173342665495801856.\">G\u00e9raldine Poivert<\/a> (\u00ab\u00a0la transition verte a un suppl\u00e9ment d&rsquo;\u00e2me, c&rsquo;est une vraie opportunit\u00e9 de r\u00e9industrialisation (&#8230;) si nous ne d\u00e9marrons pas maintenant, il sera trop tard !\u00a0\u00bb) et Frank Gana (\u00ab\u00a0Il ne faut pas oublier d&rsquo;avoir du textile durable (&#8230;) la durabilit\u00e9, ce sont aussi les qualit\u00e9s m\u00e9caniques du textile !\u00bb. (RE)SET, au c\u0153ur de la r\u00e9industrialisation par la transition verte.<\/p>\n\n\n\n<p>Le <strong>camion de la semaine<\/strong> est coquettement appel\u00e9 \u00ab\u00a0m\u00e9ga-camion\u00a0\u00bb. Beaucoup moins pl\u00e9biscit\u00e9e que le texte sur la fast fashion, surtout en France, la directive europ\u00e9enne sur ces fameux m\u00e9ga-camions a n\u00e9anmoins \u00e9t\u00e9 approuv\u00e9e par les d\u00e9put\u00e9s europ\u00e9ens. Comme le raconte <a href=\"https:\/\/www.lemonde.fr\/economie\/article\/2024\/03\/12\/le-parlement-europeen-vote-en-faveur-d-une-circulation-facilitee-des-mega-camions-dans-l-ue-la-france-affiche-son-opposition_6221626_3234.html?lmd_medium=al&amp;lmd_campaign=envoye-par-appli&amp;lmd_creation=ios&amp;lmd_source=mail\">Le Monde<\/a>, les eurod\u00e9put\u00e9s se sont prononc\u00e9s, mardi 12 mars, en faveur d\u2019une circulation facilit\u00e9e dans l\u2019Union europ\u00e9enne (UE) des \u00ab m\u00e9ga-camions \u00bb mesurant jusqu\u2019\u00e0 25 m\u00e8tres de long, en d\u00e9pit des craintes sur l\u2019environnement et sur la s\u00e9curit\u00e9. Dommage pour le fret ferroviaire, victime d\u00e9sign\u00e9e de ce vote\u00a0! Cette l\u00e9gislation devra d\u00e9sormais \u00eatre n\u00e9goci\u00e9e entre les Etats membres, dont l\u2019approbation est indispensable pour son application. Ces camions \u00e0 rallonge, portant un conteneur auquel s\u2019ajoute une remorque, sont interdits en France, mais sont d\u00e9j\u00e0 autoris\u00e9s dans certains pays comme la Su\u00e8de ou la Finlande et test\u00e9s dans d\u2019autres comme l\u2019Allemagne. Le texte pr\u00e9voit d\u2019autoriser automatiquement entre Etats voisins consentants, qui les acceptent d\u00e9j\u00e0 sur leur territoire, la circulation de ces g\u00e9ants mesurant jusqu\u2019\u00e0 25 m\u00e8tres et pesant jusqu\u2019\u00e0 60 tonnes selon les normes europ\u00e9ennes. Un \u00ab\u00a0projet insens\u00e9, anachronique et anti-\u00e9cologique\u00a0\u00bb, selon l\u2019\u00e9ditorialiste de <a href=\"https:\/\/www.liberation.fr\/economie\/transports\/leurope-des-mega-camions-un-projet-insense-anachronique-et-anti-ecologique-20240311_K5HY37C6RZAILB57XE5HKS3SL4\/?redirected=1&amp;redirected=1\">Lib\u00e9ration<\/a>, qui stigmatise ces \u00ab\u00a0<em>monstres autoris\u00e9s \u00e0 sillonner les autoroutes de France et de Navarre tels des Mad Max de 700 chevaux traversant le bush australien\u00a0<\/em>\u00bb et estime que c\u2019est le genre de texte \u00ab\u00a0<em>qui risque de nous faire d\u00e9tester l\u2019Europe\u00a0<\/em>\u00bb. Il n\u2019a peut-\u00eatre pas tort.<\/p>\n\n\n\n<figure class=\"wp-block-image size-full\"><img loading=\"lazy\" decoding=\"async\" width=\"900\" height=\"506\" src=\"https:\/\/reset.earth\/wp-content\/uploads\/2024\/03\/image-30.png\" alt=\"\" class=\"wp-image-3835\" srcset=\"https:\/\/reset.earth\/wp-content\/uploads\/2024\/03\/image-30.png 900w, https:\/\/reset.earth\/wp-content\/uploads\/2024\/03\/image-30-300x169.png 300w, https:\/\/reset.earth\/wp-content\/uploads\/2024\/03\/image-30-768x432.png 768w\" sizes=\"(max-width: 900px) 100vw, 900px\" \/><\/figure>\n\n\n\n<p>Le <strong>forum de la semaine<\/strong> s\u2019est tenu en France les 7 et 8 mars et il \u00e9tait consacr\u00e9 \u00e0 la mani\u00e8re de construire les b\u00e2timents \u2013 on n\u2019ose \u00e9crire les \u00ab&nbsp;m\u00e9ga-b\u00e2timents&nbsp;\u00bb&nbsp;!&nbsp;Pour ce Forum Mondial B\u00e2timents et climat, 70 Etats, trente ministres, des industriels, des institutions financi\u00e8res, 1&nbsp;800 participants au total, ont fait le d\u00e9placement, raconte <a href=\"https:\/\/www.lemonde.fr\/economie\/article\/2024\/03\/07\/climat-reunis-a-paris-une-cinquantaine-d-etats-prets-a-revoir-la-maniere-de-construire_6220630_3234.html?lmd_medium=al&amp;lmd_campaign=envoye-par-appli&amp;lmd_creation=ios&amp;lmd_source=mail\">Le Monde<\/a>. Parmi les Etats pr\u00e9sents se trouvaient la Chine et les Etats-Unis, les plus grands \u00e9metteurs, le Japon, l\u2019Allemagne, mais aussi le Br\u00e9sil, l\u2019Egypte, la Turquie, la C\u00f4te d\u2019Ivoire, le Cameroun et l\u2019Afrique du Sud, directement concern\u00e9s par l\u2019emballement urbain. Les trente ministres (de la construction, de la transition \u00e9cologique, du logement, selon les diff\u00e9rentes appellations) se sont engag\u00e9s sur un texte commun, qui redit l\u2019imp\u00e9ratif \u00e0 agir, la n\u00e9cessit\u00e9 d\u2019adapter les villes, et que tous \u2013 le monde de la ville, du b\u00e2timent, de la finance \u2013 avancent dans le m\u00eame sens et au m\u00eame rythme&nbsp;: \u00e0 marche forc\u00e9e. Christophe B\u00e9chu s\u2019en r\u00e9jouit&nbsp;sur <a href=\"https:\/\/www.linkedin.com\/posts\/christophe-b%C3%A9chu-87a334233_jai-cl%C3%B4tur%C3%A9-le-forum-b%C3%A2timents-et-climat-activity-7172200779729084416-eTIG?utm_source=share&amp;utm_medium=member_desktop\">LinkedIn<\/a>: \u00ab&nbsp;<em>La D\u00e9claration de Chaillot adopt\u00e9e aujourd\u2019hui, \u00e0 l\u2019issue des n\u00e9gociations, est une victoire et une avanc\u00e9e majeure pour le secteur du b\u00e2timent. Elle a \u00e9t\u00e9 endoss\u00e9e par 70 pays. Elle permettra la cr\u00e9ation d\u2019un Conseil intergouvernemental pour le b\u00e2timent et le climat qui aura pour mission de suivre les engagements de chacun, nous nous dotons \u00e9galement d\u2019un m\u00e9canisme de suivi et de redevabilit\u00e9.<\/em>&nbsp;\u00bb<\/p>\n\n\n\n<p>La <strong>tribune de la semaine<\/strong> s\u2019attaque aux engrais sous un angle nouveau&nbsp;: celui de la souverainet\u00e9, en l\u2019esp\u00e8ce alimentaire. Intitul\u00e9e \u00ab&nbsp;Souverainet\u00e9 alimentaire, vraiment&nbsp;?&nbsp;\u00bb, l\u2019analyse est aussi clinique que convaincante. L\u2019auteur, professeur d\u2019\u00e9conomie \u00e0 AgroParisTech, s\u2019en prend au \u00ab&nbsp;mod\u00e8le FNSEA&nbsp;\u00bb sorti plut\u00f4t renforc\u00e9 de la crise des derni\u00e8res semaines, qui \u00ab&nbsp;ent\u00e9rine une fragilit\u00e9 g\u00e9ostrat\u00e9gique&nbsp;\u00bb.&nbsp; De fait, explique-t-il dans <a href=\"https:\/\/www.lesechos.fr\/idees-debats\/cercle\/opinion-une-souverainete-alimentaire-vraiment-2080332\">Les Echos<\/a>, notre production v\u00e9g\u00e9tale n&rsquo;est possible aujourd\u2019hui, avec notre mod\u00e8le d\u2019agriculture intensive, que gr\u00e2ce \u00e0 trois engrais pour lesquels nous d\u00e9pendons exclusivement d&rsquo;importations&nbsp;: Maroc et Alg\u00e9rie pour le phosphore&nbsp;; Canada et Russie pour la potasse. Russie et Etats-Unis pour l\u2019azote et le gaz qu\u2019il exige. Nulle souverainet\u00e9 possible, donc, quand l\u2019on d\u00e9pend \u00e0 ce point de nos seules importations. L\u2019auteur rappelle que nos exc\u00e9dents commerciaux alimentaires se r\u00e9duisent d\u2019ailleurs comme peau de chagrin si on int\u00e8gre dans les calculs le montant de nos importations d\u2019engrais ou des mati\u00e8res qui permettent de les produire.<\/p>\n\n\n\n<p>Le <strong>rapport de la semaine<\/strong> nous est propos\u00e9 par le World Economic Forum avec son enqu\u00eate annuelle sur la perception des risques par les entreprises, le \u00ab\u00a0Global Risks Report\u00a0\u00bb, \u00e9dition 2023\/2024. Une illustration r\u00e9sume bien <a href=\"https:\/\/www.weforum.org\/publications\/global-risks-report-2024\/digest\/\">son contenu<\/a> :<\/p>\n\n\n\n<figure class=\"wp-block-image size-full\"><img loading=\"lazy\" decoding=\"async\" width=\"908\" height=\"418\" src=\"https:\/\/reset.earth\/wp-content\/uploads\/2024\/03\/image-31.png\" alt=\"\" class=\"wp-image-3837\" srcset=\"https:\/\/reset.earth\/wp-content\/uploads\/2024\/03\/image-31.png 908w, https:\/\/reset.earth\/wp-content\/uploads\/2024\/03\/image-31-300x138.png 300w, https:\/\/reset.earth\/wp-content\/uploads\/2024\/03\/image-31-768x354.png 768w\" sizes=\"(max-width: 908px) 100vw, 908px\" \/><\/figure>\n\n\n\n<p>Au moins dans leur vision a 10 ans, il semble que les entreprises aient aujourd\u2019hui bien compris quels sont leurs vrais points de vuln\u00e9rabilit\u00e9. Compte tenu des d\u00e9lais d\u2019adaptation, (RE)SET leur expliquerait sans doute qu\u2019il faut d\u00e8s lors retrousser ses manches d\u00e8s maintenant.<\/p>\n\n\n\n<p>Le <strong>guide de la semaine<\/strong> a \u00e9t\u00e9 r\u00e9dig\u00e9 par <a href=\"https:\/\/librairie.ademe.fr\/changement-climatique-et-energie\/6728-en-entreprise-comment-s-engager-dans-un-parcours-d-adaptation-au-changement-climatique-.html\">l\u2019ADEME<\/a> et il s\u2019adresse lui aussi aux entreprises. A la suite des annonces faites par Bruno Le Maire et Christophe B\u00e9chu concernant <a href=\"https:\/\/presse.economie.gouv.fr\/bruno-le-maire-et-christophe-bechu-reunissent-les-representants-du-monde-economique-sur-le-theme-de-ladaptation-au-changement-climatique\/\" target=\"_blank\" rel=\"noreferrer noopener\">les chantiers principaux de l\u2019adaptation des entreprises face au changement climatique<\/a>, l\u2019ADEME en partenariat avec l\u2019association EpE et le minist\u00e8re de la Transition \u00e9cologique a con\u00e7u un petit guide pratique intitul\u00e9&nbsp;<em>\u00ab&nbsp;En entreprise, comment s\u2019engager dans un parcours d\u2019adaptation au changement climatique ?&nbsp;\u00bb<\/em>&nbsp;qui s\u2019appuie sur les t\u00e9moignages de 30 entreprises fran\u00e7aises d\u00e9j\u00e0 engag\u00e9es dans cette d\u00e9marche. Ce guide pr\u00e9sente les diff\u00e9rentes \u00e9tapes \u00e0 suivre, du diagnostic \u00e0 l\u2019\u00e9valuation, illustr\u00e9s par les actions et strat\u00e9gies de ces 30 entreprises. S\u2019inspirer de ce qui a d\u00e9j\u00e0 \u00e9t\u00e9 fait ailleurs, dans des entreprises aux tailles, secteurs et niveaux de maturit\u00e9 diff\u00e9rents, telle est son ambition. Un guide \u00e0 mettre entre toutes les mains.<\/p>\n\n\n\n<p>Ademe toujours, <strong>le sondage de la semaine<\/strong> nous montre ce \u00e0 quoi les Fran\u00e7ais sont pr\u00eats, ou beaucoup moins pr\u00eats, \u00e0 faire pour acc\u00e9l\u00e9rer la transition environnementale. Au moins <a href=\"https:\/\/t.ly\/ow3N4\">\u00e0 les en croire<\/a>. Les voitures et la viande ont encore quelques beaux jours devant elles.<\/p>\n\n\n\n<figure class=\"wp-block-image size-full\"><img loading=\"lazy\" decoding=\"async\" width=\"900\" height=\"438\" src=\"https:\/\/reset.earth\/wp-content\/uploads\/2024\/03\/image-32.png\" alt=\"\" class=\"wp-image-3838\" srcset=\"https:\/\/reset.earth\/wp-content\/uploads\/2024\/03\/image-32.png 900w, https:\/\/reset.earth\/wp-content\/uploads\/2024\/03\/image-32-300x146.png 300w, https:\/\/reset.earth\/wp-content\/uploads\/2024\/03\/image-32-768x374.png 768w\" sizes=\"(max-width: 900px) 100vw, 900px\" \/><\/figure>\n\n\n\n<p>Ces belles r\u00e9solutions pourraient n\u00e9anmoins se voire contredites par <strong>l\u2019acronyme de la semaine<\/strong>\u00a0: \u00ab\u00a0nimby\u00a0\u00bb\u00a0! Qui signifie en bon fran\u00e7ais \u00ab\u00a0not in my backyard\u00a0\u00bb. Autrement dit\u00a0: \u00ab\u00a0oui, je suis tr\u00e8s favorable \u00e0 que l\u2019on creuse des mines de lithium en France pour assurer la transition, du moment que ce n\u2019est pas \u00e0 c\u00f4t\u00e9 des p\u00e9tunias de mon arri\u00e8re-cour\u00a0\u00bb (traduction tr\u00e8s cr\u00e9ative de \u00ab\u00a0nimby\u00a0\u00bb). Le g\u00e9ographe S\u00e9bastien Bourdin, qui constate l\u2019intensification du ph\u00e9nom\u00e8ne, nous explique tout cela dans son interview \u00e0 <a href=\"https:\/\/www.liberation.fr\/environnement\/climat\/transition-energetique-louverture-dune-mine-de-lithium-pres-de-chez-soi-cest-tres-palpable-alors-que-la-souverainete-cest-un-concept-tres-abstrait-20240311_I7A56GBABREG7MP7XW7RXU24YY\/?redirected=1&amp;redirected=1\">Lib\u00e9ration<\/a>.<\/p>\n\n\n\n<figure class=\"wp-block-image size-full\"><img loading=\"lazy\" decoding=\"async\" width=\"478\" height=\"652\" src=\"https:\/\/reset.earth\/wp-content\/uploads\/2024\/03\/image-33.png\" alt=\"\" class=\"wp-image-3839\" srcset=\"https:\/\/reset.earth\/wp-content\/uploads\/2024\/03\/image-33.png 478w, https:\/\/reset.earth\/wp-content\/uploads\/2024\/03\/image-33-220x300.png 220w\" sizes=\"(max-width: 478px) 100vw, 478px\" \/><\/figure>\n\n\n\n<p>Le <strong>d\u00e9veloppement judiciaire de la semaine<\/strong> s\u2019annonce crucial pour le devenir du \u00ab devoir de vigilance \u00bb : les premi\u00e8res audiences de la chambre sp\u00e9ciale d\u00e9di\u00e9e \u00e0 la responsabilit\u00e9 sociale des entreprises et au devoir de vigilance ont eu lieu le mardi 5 mars 2024 \u00e0 la <a href=\"https:\/\/www.novethic.fr\/economie-et-social\/droits-humains\/proces-total-suez-devoir-vigilance-juridique?utm_source=mailpoet&amp;utm_medium=email&amp;utm_campaign=fast-fashion-attaquee-proces-de-total-fin-du-bio-le-recap-du-8-mars-197\">cour d\u2019appel de Paris<\/a>. TotalEnergies, EDF et Suez \u00e9taient assign\u00e9es par des associations et des collectivit\u00e9s, pour non-respect de leurs obligations en mati\u00e8re de vigilance sur les droits humains et environnementaux. Une quinzaine d\u2019entreprises fran\u00e7aises sont d\u2019ores et d\u00e9j\u00e0 vis\u00e9es par des proc\u00e9dures en lien avec le devoir de vigilance : Total, EDF et Suez, mais aussi BNP Paribas, McDonald\u2019s, Yves Rocher, ou encore Casino sont concern\u00e9es. Sept ans apr\u00e8s son entr\u00e9e en vigueur, le devoir de vigilance pourrait ainsi enfin avoir une jurisprudence fonctionnelle, et ouvrir la voie \u00e0 la responsabilit\u00e9 juridique des multinationales. R\u00e9ponse le 18 juin, quand la chambre sp\u00e9ciale rendra ses d\u00e9cisions\u00a0! Le 18 juin, une date qui parfois fait l\u2019histoire.<\/p>\n\n\n\n<p>Le <strong>pipeline \u00e0 hydrog\u00e8ne de la semaine<\/strong> est le plus long de la plan\u00e8te\u00a0: la Chine va d\u00e9buter cette ann\u00e9e la construction du plus long hydrog\u00e9noduc (oui, cela s\u2019appelle ainsi) \u00e0 ce jour. Co\u00fbtant la coquette somme de 6,1 milliards de yuans (845 millions de dollars), ce gigantesque pipeline facilitera le transport d&rsquo;hydrog\u00e8ne \u00e0 travers le pays. Baptis\u00e9 \u00ab\u00a0<a href=\"https:\/\/www-h2--mobile-fr.cdn.ampproject.org\/c\/s\/www.h2-mobile.fr\/actus\/hydrogene-chine-construire-plus-grand-pipeline-monde\/amp\/\">Zhangjiakou Kangbao-Caofeidian<\/a>\u00ab\u00a0, celui-ci fera 737 km de long et acheminera de l&rsquo;hydrog\u00e8ne produit \u00e0 partir d&rsquo;une usine situ\u00e9e dans la ville de Zhangjiakou jusqu&rsquo;au port de Caofeidian, \u00e0 environ 250 km au sud-est de P\u00e9kin. Il passera par les communes de Chengde et de Tangshan, localis\u00e9es dans le Hebei.<\/p>\n\n\n\n<figure class=\"wp-block-image size-full\"><img loading=\"lazy\" decoding=\"async\" width=\"912\" height=\"512\" src=\"https:\/\/reset.earth\/wp-content\/uploads\/2024\/03\/image-34.png\" alt=\"\" class=\"wp-image-3840\" srcset=\"https:\/\/reset.earth\/wp-content\/uploads\/2024\/03\/image-34.png 912w, https:\/\/reset.earth\/wp-content\/uploads\/2024\/03\/image-34-300x168.png 300w, https:\/\/reset.earth\/wp-content\/uploads\/2024\/03\/image-34-768x431.png 768w\" sizes=\"(max-width: 912px) 100vw, 912px\" \/><\/figure>\n\n\n\n<p>La <strong>vid\u00e9o de la semaine<\/strong> a un lointain rapport avec nos sujets mais apr\u00e8s tout pourquoi pas, c\u2019est le week-end. On a d\u00e9couvert une nouvelle esp\u00e8ce d\u2019anaconda\u00a0vert g\u00e9ant : l&rsquo;Eunectes Akiyama. Il est m\u00eame d\u00e9sormais officiellement reconnu comme \u00e9tant le plus gros serpent du monde\u00a0: 6m30 et 250 kilos\u00a0! A se demander comment on avait pu ne pas le remarquer jusque-l\u00e0. Vous pouvez nager avec lui, comme on le voit <a href=\"https:\/\/buff.ly\/3UZAWfB\">dans cette vid\u00e9o<\/a>. Ou le contempler de loin (c\u2019est la pr\u00e9f\u00e9rence personnelle de l\u2019auteur de ces lignes), comme sur cette photo\u00a0:<\/p>\n\n\n\n<figure class=\"wp-block-image size-full\"><img loading=\"lazy\" decoding=\"async\" width=\"906\" height=\"634\" src=\"https:\/\/reset.earth\/wp-content\/uploads\/2024\/03\/image-35.png\" alt=\"\" class=\"wp-image-3841\" srcset=\"https:\/\/reset.earth\/wp-content\/uploads\/2024\/03\/image-35.png 906w, https:\/\/reset.earth\/wp-content\/uploads\/2024\/03\/image-35-300x210.png 300w, https:\/\/reset.earth\/wp-content\/uploads\/2024\/03\/image-35-768x537.png 768w\" sizes=\"(max-width: 906px) 100vw, 906px\" \/><\/figure>\n\n\n\n<p>Plus mignon peut-\u00eatre et plus hexagonal pour s\u00fbr, la <strong>petite b\u00e9b\u00eate de la semaine<\/strong> est ce charmant amphibien. H\u00e9las pour lui, il figure sur la \u00ab\u00a0<a href=\"https:\/\/uicn.fr\/bilan-16-ans-liste-rouge-france\/\">liste rouge\u00a0<\/a>\u00bb des esp\u00e8ces menac\u00e9es en France, selon le dernier bilan dress\u00e9 \u00e0 l\u2019occasion de la Journ\u00e9e mondiale de la vie sauvage<strong>. <\/strong>Apr\u00e8s 16 ann\u00e9es d\u2019\u00e9valuations et d\u2019analyses sur la faune et la flore, le panorama \u00e9tabli permet de mesurer l\u2019ampleur des enjeux, les progr\u00e8s accomplis et les d\u00e9fis \u00e0 relever. Gr\u00e2ce \u00e0 cette Liste rouge, on dispose d\u2019une base scientifique pour identifier les priorit\u00e9s et agir pour les sauvegarder. Depuis son lancement en 2008, le Comit\u00e9 fran\u00e7ais de l\u2019UICN et l\u2019unit\u00e9 PatriNat (OFB-MNHN-CNRS-IRD) ont identifi\u00e9\u00a0: <strong>17 367<\/strong>\u00a0esp\u00e8ces \u00e9valu\u00e9es en France m\u00e9tropolitaine et en outre-mer ; <strong>2 903<\/strong>\u00a0esp\u00e8ces sont aujourd\u2019hui menac\u00e9es\u00a0; <strong>189<\/strong>\u00a0esp\u00e8ces ont disparu de France dont certaines sont \u00e9galement \u00e9teintes au niveau mondial.<\/p>\n\n\n\n<figure class=\"wp-block-image size-full\"><img loading=\"lazy\" decoding=\"async\" width=\"908\" height=\"682\" src=\"https:\/\/reset.earth\/wp-content\/uploads\/2024\/03\/image-36.png\" alt=\"\" class=\"wp-image-3842\" srcset=\"https:\/\/reset.earth\/wp-content\/uploads\/2024\/03\/image-36.png 908w, https:\/\/reset.earth\/wp-content\/uploads\/2024\/03\/image-36-300x225.png 300w, https:\/\/reset.earth\/wp-content\/uploads\/2024\/03\/image-36-768x577.png 768w\" sizes=\"(max-width: 908px) 100vw, 908px\" \/><\/figure>\n\n\n\n<p>La <strong>devinette de la semaine derni\u00e8re <\/strong>nous faisait prendre de la hauteur, de la distance et de l\u2019\u00e2ge\u2026 De quoi s\u2019agissait-il\u00a0? L\u2019indice\u00a0\u00e9tait qu\u2019il ne s\u2019agissait absolument pas d\u2019une image extraite de la deuxi\u00e8me partie du film Dune. De fait, cette vision d\u2019artiste repr\u00e9sente l\u2019objet le plus lumineux connu de l\u2019univers, r\u00e9cemment d\u00e9couvert\u00a0: le quasar J059-4351, noyau d\u2019une \u00ab\u00a0galaxie lointaine\u00a0\u00bb, comme on dit dans Star Wars, aliment\u00e9 par un trou noir supermassif. <em>\u00ab\u00a0Nous avons d\u00e9couvert le trou noir \u00e0 la croissance la plus rapide connue \u00e0 ce jour. Il a une masse de 17\u00a0milliards de soleils et \u201cmange\u201d un peu plus d\u2019un soleil par jour\u00a0\u00bb<\/em>, a expliqu\u00e9 Christian Wolf, astronome \u00e0 l\u2019Australian National University (ANU) et auteur principal de l\u2019\u00e9tude, dans <a href=\"https:\/\/www.lemonde.fr\/sciences\/article\/2024\/02\/21\/decouverte-d-un-trou-noir-qui-mange-l-equivalent-d-un-soleil-par-jour_6217743_1650684.html\">un communiqu\u00e9<\/a> de l\u2019Observatoire europ\u00e9en austral (ESO). Un soleil par jour\u2026 Bon app\u00e9tit\u00a0! (Et bravo \u00e0 ceux qui avaient r\u00e9pondu juste \u00e0 cette devinette pas facile)<\/p>\n\n\n\n<figure class=\"wp-block-image size-full\"><img loading=\"lazy\" decoding=\"async\" width=\"910\" height=\"566\" src=\"https:\/\/reset.earth\/wp-content\/uploads\/2024\/03\/image-37.png\" alt=\"\" class=\"wp-image-3843\" srcset=\"https:\/\/reset.earth\/wp-content\/uploads\/2024\/03\/image-37.png 910w, https:\/\/reset.earth\/wp-content\/uploads\/2024\/03\/image-37-300x187.png 300w, https:\/\/reset.earth\/wp-content\/uploads\/2024\/03\/image-37-768x478.png 768w\" sizes=\"(max-width: 910px) 100vw, 910px\" \/><\/figure>\n\n\n\n<p>La <strong>devinette de cette semaine<\/strong> n\u2019a pas plus de rapport avec le film Dune, en d\u00e9pit des apparences\u00a0: de quoi s\u2019agit-il\u00a0? Ni ver g\u00e9ant ni \u00e9pice si l\u2019on creuse.<\/p>\n\n\n\n<figure class=\"wp-block-image size-full is-resized\"><img loading=\"lazy\" decoding=\"async\" width=\"638\" height=\"956\" src=\"https:\/\/reset.earth\/wp-content\/uploads\/2024\/03\/image-38.png\" alt=\"\" class=\"wp-image-3844\" style=\"width:840px;height:auto\" srcset=\"https:\/\/reset.earth\/wp-content\/uploads\/2024\/03\/image-38.png 638w, https:\/\/reset.earth\/wp-content\/uploads\/2024\/03\/image-38-200x300.png 200w\" sizes=\"(max-width: 638px) 100vw, 638px\" \/><\/figure>\n\n\n\n<p><\/p>\n\n\n\n<p><\/p>\n\n\n\n<p>[Pour rappel, (RE)SET, fond\u00e9 en 2019, est le premier cabinet de conseil ind\u00e9pendant d\u00e9di\u00e9 \u00e0 la transition \u00e9conomique et environnementale et taill\u00e9 pour l\u2019action. \u00ab (RE)SET : resources to win environmental and economic battles ! \u00bb Forc\u00e9ment partielle, parfois partiale, toujours engag\u00e9e, cette revue des m\u00e9dias au ton souvent enlev\u00e9, voire impertinent, n\u2019engage aucunement (RE)SET dans ses activit\u00e9s de conseil mais elle brosse un portrait que nous estimons int\u00e9ressant de l\u2019\u00e9tat de la transition telle qu\u2019elle transpara\u00eet dans la presse et les travaux de recherche. Une photographie du d\u00e9bat, des forces en pr\u00e9sence, des oppositions, des convergences, que nous esp\u00e9rons utile \u00e0 vos d\u00e9cisions et \u00e0 la construction de vos strat\u00e9gies de transition.]<\/p>\n","protected":false},"excerpt":{"rendered":"<p>\u00ab&nbsp;L\u2019aust\u00e8re Cour des Comptes prendrait-elle go\u00fbt au vert&nbsp;?&nbsp;\u00bb, fait semblant de s\u2019interroger Lib\u00e9ration cette semaine. De fait, les magistrats de la rue Cambon multiplient les incursions dans un domaine o\u00f9 ils n\u2019\u00e9taient pas en pointe et le font avec force. Apr\u00e8s s\u2019\u00eatre attaqu\u00e9s \u00e0 la question des montagnes et des stations de ski le mois [&hellip;]<\/p>\n","protected":false},"author":1,"featured_media":4279,"comment_status":"open","ping_status":"open","sticky":false,"template":"","format":"standard","meta":{"content-type":"","footnotes":""},"categories":[1],"tags":[33],"class_list":["post-3829","post","type-post","status-publish","format-standard","has-post-thumbnail","hentry","category-breaking-renews","tag-breaking-renews"],"yoast_head":"<!-- This site is optimized with the Yoast SEO plugin v27.4 - https:\/\/yoast.com\/product\/yoast-seo-wordpress\/ -->\n<title>La Cour des Comptes et l&#039;Adaptation Climatique en France<\/title>\n<meta name=\"description\" content=\"D\u00e9couvrez comment la Cour des Comptes adresse les d\u00e9fis du changement climatique et les n\u00e9cessit\u00e9s d&#039;adaptation de la France\" \/>\n<meta name=\"robots\" content=\"index, follow, max-snippet:-1, max-image-preview:large, max-video-preview:-1\" \/>\n<link rel=\"canonical\" href=\"https:\/\/reset.earth\/en\/breaking-renews-15-mars-adaptation-le-compte-ny-est-pas-dit-la-cour\/\" \/>\n<meta property=\"og:locale\" content=\"en_US\" \/>\n<meta property=\"og:type\" content=\"article\" \/>\n<meta property=\"og:title\" content=\"La Cour des Comptes et l&#039;Adaptation Climatique en France\" \/>\n<meta property=\"og:description\" content=\"D\u00e9couvrez comment la Cour des Comptes adresse les d\u00e9fis du changement climatique et les n\u00e9cessit\u00e9s d&#039;adaptation de la France\" \/>\n<meta property=\"og:url\" content=\"https:\/\/reset.earth\/en\/breaking-renews-15-mars-adaptation-le-compte-ny-est-pas-dit-la-cour\/\" \/>\n<meta property=\"og:site_name\" content=\"(RE)SET - Cabinet de conseil en transition \u00e9conomique et environnementale\" \/>\n<meta property=\"article:published_time\" content=\"2024-03-15T08:41:54+00:00\" \/>\n<meta property=\"article:modified_time\" content=\"2025-03-27T14:53:54+00:00\" \/>\n<meta property=\"og:image\" content=\"https:\/\/reset.earth\/wp-content\/uploads\/2024\/03\/BR-1503.png\" \/>\n\t<meta property=\"og:image:width\" content=\"1108\" \/>\n\t<meta property=\"og:image:height\" content=\"580\" \/>\n\t<meta property=\"og:image:type\" content=\"image\/png\" \/>\n<meta name=\"author\" content=\"rrn46\" \/>\n<meta name=\"twitter:card\" content=\"summary_large_image\" \/>\n<meta name=\"twitter:label1\" content=\"Written by\" \/>\n\t<meta name=\"twitter:data1\" content=\"rrn46\" \/>\n\t<meta name=\"twitter:label2\" content=\"Est. reading time\" \/>\n\t<meta name=\"twitter:data2\" content=\"21 minutes\" \/>\n<script type=\"application\/ld+json\" class=\"yoast-schema-graph\">{\"@context\":\"https:\\\/\\\/schema.org\",\"@graph\":[{\"@type\":\"Article\",\"@id\":\"https:\\\/\\\/reset.earth\\\/breaking-renews-15-mars-adaptation-le-compte-ny-est-pas-dit-la-cour\\\/#article\",\"isPartOf\":{\"@id\":\"https:\\\/\\\/reset.earth\\\/breaking-renews-15-mars-adaptation-le-compte-ny-est-pas-dit-la-cour\\\/\"},\"author\":{\"name\":\"rrn46\",\"@id\":\"https:\\\/\\\/reset.earth\\\/#\\\/schema\\\/person\\\/61b723981bbd92aa0a2f1e8180985059\"},\"headline\":\"BREAKING (RE)NEWS 15 MARS : ADAPTATION: LE COMPTE N&rsquo;Y EST PAS, DIT LA COUR\",\"datePublished\":\"2024-03-15T08:41:54+00:00\",\"dateModified\":\"2025-03-27T14:53:54+00:00\",\"mainEntityOfPage\":{\"@id\":\"https:\\\/\\\/reset.earth\\\/breaking-renews-15-mars-adaptation-le-compte-ny-est-pas-dit-la-cour\\\/\"},\"wordCount\":4102,\"commentCount\":0,\"publisher\":{\"@id\":\"https:\\\/\\\/reset.earth\\\/#organization\"},\"image\":{\"@id\":\"https:\\\/\\\/reset.earth\\\/breaking-renews-15-mars-adaptation-le-compte-ny-est-pas-dit-la-cour\\\/#primaryimage\"},\"thumbnailUrl\":\"https:\\\/\\\/reset.earth\\\/wp-content\\\/uploads\\\/2024\\\/03\\\/BR-1503.png\",\"keywords\":[\"Breaking Renews\"],\"articleSection\":[\"Breaking Renews\"],\"inLanguage\":\"en-US\",\"potentialAction\":[{\"@type\":\"CommentAction\",\"name\":\"Comment\",\"target\":[\"https:\\\/\\\/reset.earth\\\/breaking-renews-15-mars-adaptation-le-compte-ny-est-pas-dit-la-cour\\\/#respond\"]}]},{\"@type\":\"WebPage\",\"@id\":\"https:\\\/\\\/reset.earth\\\/breaking-renews-15-mars-adaptation-le-compte-ny-est-pas-dit-la-cour\\\/\",\"url\":\"https:\\\/\\\/reset.earth\\\/breaking-renews-15-mars-adaptation-le-compte-ny-est-pas-dit-la-cour\\\/\",\"name\":\"La Cour des Comptes et l'Adaptation Climatique en France\",\"isPartOf\":{\"@id\":\"https:\\\/\\\/reset.earth\\\/#website\"},\"primaryImageOfPage\":{\"@id\":\"https:\\\/\\\/reset.earth\\\/breaking-renews-15-mars-adaptation-le-compte-ny-est-pas-dit-la-cour\\\/#primaryimage\"},\"image\":{\"@id\":\"https:\\\/\\\/reset.earth\\\/breaking-renews-15-mars-adaptation-le-compte-ny-est-pas-dit-la-cour\\\/#primaryimage\"},\"thumbnailUrl\":\"https:\\\/\\\/reset.earth\\\/wp-content\\\/uploads\\\/2024\\\/03\\\/BR-1503.png\",\"datePublished\":\"2024-03-15T08:41:54+00:00\",\"dateModified\":\"2025-03-27T14:53:54+00:00\",\"description\":\"D\u00e9couvrez comment la Cour des Comptes adresse les d\u00e9fis du changement climatique et les n\u00e9cessit\u00e9s d'adaptation de la France\",\"breadcrumb\":{\"@id\":\"https:\\\/\\\/reset.earth\\\/breaking-renews-15-mars-adaptation-le-compte-ny-est-pas-dit-la-cour\\\/#breadcrumb\"},\"inLanguage\":\"en-US\",\"potentialAction\":[{\"@type\":\"ReadAction\",\"target\":[\"https:\\\/\\\/reset.earth\\\/breaking-renews-15-mars-adaptation-le-compte-ny-est-pas-dit-la-cour\\\/\"]}]},{\"@type\":\"ImageObject\",\"inLanguage\":\"en-US\",\"@id\":\"https:\\\/\\\/reset.earth\\\/breaking-renews-15-mars-adaptation-le-compte-ny-est-pas-dit-la-cour\\\/#primaryimage\",\"url\":\"https:\\\/\\\/reset.earth\\\/wp-content\\\/uploads\\\/2024\\\/03\\\/BR-1503.png\",\"contentUrl\":\"https:\\\/\\\/reset.earth\\\/wp-content\\\/uploads\\\/2024\\\/03\\\/BR-1503.png\",\"width\":1108,\"height\":580},{\"@type\":\"BreadcrumbList\",\"@id\":\"https:\\\/\\\/reset.earth\\\/breaking-renews-15-mars-adaptation-le-compte-ny-est-pas-dit-la-cour\\\/#breadcrumb\",\"itemListElement\":[{\"@type\":\"ListItem\",\"position\":1,\"name\":\"Home\",\"item\":\"https:\\\/\\\/reset.earth\\\/\"},{\"@type\":\"ListItem\",\"position\":2,\"name\":\"BREAKING (RE)NEWS 15 MARS : ADAPTATION: LE COMPTE N&rsquo;Y EST PAS, DIT LA COUR\"}]},{\"@type\":\"WebSite\",\"@id\":\"https:\\\/\\\/reset.earth\\\/#website\",\"url\":\"https:\\\/\\\/reset.earth\\\/\",\"name\":\"(RE)SET - 1er cabinet de conseil en transition \u00e9conomique et environnementale\",\"description\":\"Resources to win environmental and economic battles\",\"publisher\":{\"@id\":\"https:\\\/\\\/reset.earth\\\/#organization\"},\"potentialAction\":[{\"@type\":\"SearchAction\",\"target\":{\"@type\":\"EntryPoint\",\"urlTemplate\":\"https:\\\/\\\/reset.earth\\\/?s={search_term_string}\"},\"query-input\":{\"@type\":\"PropertyValueSpecification\",\"valueRequired\":true,\"valueName\":\"search_term_string\"}}],\"inLanguage\":\"en-US\"},{\"@type\":\"Organization\",\"@id\":\"https:\\\/\\\/reset.earth\\\/#organization\",\"name\":\"(RE)SET - 1er cabinet de conseil en transition \u00e9conomique et environnementale\",\"url\":\"https:\\\/\\\/reset.earth\\\/\",\"logo\":{\"@type\":\"ImageObject\",\"inLanguage\":\"en-US\",\"@id\":\"https:\\\/\\\/reset.earth\\\/#\\\/schema\\\/logo\\\/image\\\/\",\"url\":\"https:\\\/\\\/reset.earth\\\/wp-content\\\/uploads\\\/2023\\\/10\\\/DARK-BLUE-RESET.png\",\"contentUrl\":\"https:\\\/\\\/reset.earth\\\/wp-content\\\/uploads\\\/2023\\\/10\\\/DARK-BLUE-RESET.png\",\"width\":1856,\"height\":538,\"caption\":\"(RE)SET - 1er cabinet de conseil en transition \u00e9conomique et environnementale\"},\"image\":{\"@id\":\"https:\\\/\\\/reset.earth\\\/#\\\/schema\\\/logo\\\/image\\\/\"}},{\"@type\":\"Person\",\"@id\":\"https:\\\/\\\/reset.earth\\\/#\\\/schema\\\/person\\\/61b723981bbd92aa0a2f1e8180985059\",\"name\":\"rrn46\",\"image\":{\"@type\":\"ImageObject\",\"inLanguage\":\"en-US\",\"@id\":\"https:\\\/\\\/secure.gravatar.com\\\/avatar\\\/fd3b8b26689fa3743439e0d0fb6ac29090b786fd3dc992a2c46370fa063ef24e?s=96&d=mm&r=g\",\"url\":\"https:\\\/\\\/secure.gravatar.com\\\/avatar\\\/fd3b8b26689fa3743439e0d0fb6ac29090b786fd3dc992a2c46370fa063ef24e?s=96&d=mm&r=g\",\"contentUrl\":\"https:\\\/\\\/secure.gravatar.com\\\/avatar\\\/fd3b8b26689fa3743439e0d0fb6ac29090b786fd3dc992a2c46370fa063ef24e?s=96&d=mm&r=g\",\"caption\":\"rrn46\"},\"sameAs\":[\"https:\\\/\\\/reset.earth\"],\"url\":\"https:\\\/\\\/reset.earth\\\/en\\\/author\\\/rrn46\\\/\"}]}<\/script>\n<!-- \/ Yoast SEO plugin. -->","yoast_head_json":{"title":"La Cour des Comptes et l'Adaptation Climatique en France","description":"D\u00e9couvrez comment la Cour des Comptes adresse les d\u00e9fis du changement climatique et les n\u00e9cessit\u00e9s d'adaptation de la France","robots":{"index":"index","follow":"follow","max-snippet":"max-snippet:-1","max-image-preview":"max-image-preview:large","max-video-preview":"max-video-preview:-1"},"canonical":"https:\/\/reset.earth\/en\/breaking-renews-15-mars-adaptation-le-compte-ny-est-pas-dit-la-cour\/","og_locale":"en_US","og_type":"article","og_title":"La Cour des Comptes et l'Adaptation Climatique en France","og_description":"D\u00e9couvrez comment la Cour des Comptes adresse les d\u00e9fis du changement climatique et les n\u00e9cessit\u00e9s d'adaptation de la France","og_url":"https:\/\/reset.earth\/en\/breaking-renews-15-mars-adaptation-le-compte-ny-est-pas-dit-la-cour\/","og_site_name":"(RE)SET - Cabinet de conseil en transition \u00e9conomique et environnementale","article_published_time":"2024-03-15T08:41:54+00:00","article_modified_time":"2025-03-27T14:53:54+00:00","og_image":[{"width":1108,"height":580,"url":"https:\/\/reset.earth\/wp-content\/uploads\/2024\/03\/BR-1503.png","type":"image\/png"}],"author":"rrn46","twitter_card":"summary_large_image","twitter_misc":{"Written by":"rrn46","Est. reading time":"21 minutes"},"schema":{"@context":"https:\/\/schema.org","@graph":[{"@type":"Article","@id":"https:\/\/reset.earth\/breaking-renews-15-mars-adaptation-le-compte-ny-est-pas-dit-la-cour\/#article","isPartOf":{"@id":"https:\/\/reset.earth\/breaking-renews-15-mars-adaptation-le-compte-ny-est-pas-dit-la-cour\/"},"author":{"name":"rrn46","@id":"https:\/\/reset.earth\/#\/schema\/person\/61b723981bbd92aa0a2f1e8180985059"},"headline":"BREAKING (RE)NEWS 15 MARS : ADAPTATION: LE COMPTE N&rsquo;Y EST PAS, DIT LA COUR","datePublished":"2024-03-15T08:41:54+00:00","dateModified":"2025-03-27T14:53:54+00:00","mainEntityOfPage":{"@id":"https:\/\/reset.earth\/breaking-renews-15-mars-adaptation-le-compte-ny-est-pas-dit-la-cour\/"},"wordCount":4102,"commentCount":0,"publisher":{"@id":"https:\/\/reset.earth\/#organization"},"image":{"@id":"https:\/\/reset.earth\/breaking-renews-15-mars-adaptation-le-compte-ny-est-pas-dit-la-cour\/#primaryimage"},"thumbnailUrl":"https:\/\/reset.earth\/wp-content\/uploads\/2024\/03\/BR-1503.png","keywords":["Breaking Renews"],"articleSection":["Breaking Renews"],"inLanguage":"en-US","potentialAction":[{"@type":"CommentAction","name":"Comment","target":["https:\/\/reset.earth\/breaking-renews-15-mars-adaptation-le-compte-ny-est-pas-dit-la-cour\/#respond"]}]},{"@type":"WebPage","@id":"https:\/\/reset.earth\/breaking-renews-15-mars-adaptation-le-compte-ny-est-pas-dit-la-cour\/","url":"https:\/\/reset.earth\/breaking-renews-15-mars-adaptation-le-compte-ny-est-pas-dit-la-cour\/","name":"La Cour des Comptes et l'Adaptation Climatique en France","isPartOf":{"@id":"https:\/\/reset.earth\/#website"},"primaryImageOfPage":{"@id":"https:\/\/reset.earth\/breaking-renews-15-mars-adaptation-le-compte-ny-est-pas-dit-la-cour\/#primaryimage"},"image":{"@id":"https:\/\/reset.earth\/breaking-renews-15-mars-adaptation-le-compte-ny-est-pas-dit-la-cour\/#primaryimage"},"thumbnailUrl":"https:\/\/reset.earth\/wp-content\/uploads\/2024\/03\/BR-1503.png","datePublished":"2024-03-15T08:41:54+00:00","dateModified":"2025-03-27T14:53:54+00:00","description":"D\u00e9couvrez comment la Cour des Comptes adresse les d\u00e9fis du changement climatique et les n\u00e9cessit\u00e9s d'adaptation de la France","breadcrumb":{"@id":"https:\/\/reset.earth\/breaking-renews-15-mars-adaptation-le-compte-ny-est-pas-dit-la-cour\/#breadcrumb"},"inLanguage":"en-US","potentialAction":[{"@type":"ReadAction","target":["https:\/\/reset.earth\/breaking-renews-15-mars-adaptation-le-compte-ny-est-pas-dit-la-cour\/"]}]},{"@type":"ImageObject","inLanguage":"en-US","@id":"https:\/\/reset.earth\/breaking-renews-15-mars-adaptation-le-compte-ny-est-pas-dit-la-cour\/#primaryimage","url":"https:\/\/reset.earth\/wp-content\/uploads\/2024\/03\/BR-1503.png","contentUrl":"https:\/\/reset.earth\/wp-content\/uploads\/2024\/03\/BR-1503.png","width":1108,"height":580},{"@type":"BreadcrumbList","@id":"https:\/\/reset.earth\/breaking-renews-15-mars-adaptation-le-compte-ny-est-pas-dit-la-cour\/#breadcrumb","itemListElement":[{"@type":"ListItem","position":1,"name":"Home","item":"https:\/\/reset.earth\/"},{"@type":"ListItem","position":2,"name":"BREAKING (RE)NEWS 15 MARS : ADAPTATION: LE COMPTE N&rsquo;Y EST PAS, DIT LA COUR"}]},{"@type":"WebSite","@id":"https:\/\/reset.earth\/#website","url":"https:\/\/reset.earth\/","name":"(RE)SET - 1er cabinet de conseil en transition \u00e9conomique et environnementale","description":"Resources to win environmental and economic battles","publisher":{"@id":"https:\/\/reset.earth\/#organization"},"potentialAction":[{"@type":"SearchAction","target":{"@type":"EntryPoint","urlTemplate":"https:\/\/reset.earth\/?s={search_term_string}"},"query-input":{"@type":"PropertyValueSpecification","valueRequired":true,"valueName":"search_term_string"}}],"inLanguage":"en-US"},{"@type":"Organization","@id":"https:\/\/reset.earth\/#organization","name":"(RE)SET - 1er cabinet de conseil en transition \u00e9conomique et environnementale","url":"https:\/\/reset.earth\/","logo":{"@type":"ImageObject","inLanguage":"en-US","@id":"https:\/\/reset.earth\/#\/schema\/logo\/image\/","url":"https:\/\/reset.earth\/wp-content\/uploads\/2023\/10\/DARK-BLUE-RESET.png","contentUrl":"https:\/\/reset.earth\/wp-content\/uploads\/2023\/10\/DARK-BLUE-RESET.png","width":1856,"height":538,"caption":"(RE)SET - 1er cabinet de conseil en transition \u00e9conomique et environnementale"},"image":{"@id":"https:\/\/reset.earth\/#\/schema\/logo\/image\/"}},{"@type":"Person","@id":"https:\/\/reset.earth\/#\/schema\/person\/61b723981bbd92aa0a2f1e8180985059","name":"rrn46","image":{"@type":"ImageObject","inLanguage":"en-US","@id":"https:\/\/secure.gravatar.com\/avatar\/fd3b8b26689fa3743439e0d0fb6ac29090b786fd3dc992a2c46370fa063ef24e?s=96&d=mm&r=g","url":"https:\/\/secure.gravatar.com\/avatar\/fd3b8b26689fa3743439e0d0fb6ac29090b786fd3dc992a2c46370fa063ef24e?s=96&d=mm&r=g","contentUrl":"https:\/\/secure.gravatar.com\/avatar\/fd3b8b26689fa3743439e0d0fb6ac29090b786fd3dc992a2c46370fa063ef24e?s=96&d=mm&r=g","caption":"rrn46"},"sameAs":["https:\/\/reset.earth"],"url":"https:\/\/reset.earth\/en\/author\/rrn46\/"}]}},"_links":{"self":[{"href":"https:\/\/reset.earth\/en\/wp-json\/wp\/v2\/posts\/3829","targetHints":{"allow":["GET"]}}],"collection":[{"href":"https:\/\/reset.earth\/en\/wp-json\/wp\/v2\/posts"}],"about":[{"href":"https:\/\/reset.earth\/en\/wp-json\/wp\/v2\/types\/post"}],"author":[{"embeddable":true,"href":"https:\/\/reset.earth\/en\/wp-json\/wp\/v2\/users\/1"}],"replies":[{"embeddable":true,"href":"https:\/\/reset.earth\/en\/wp-json\/wp\/v2\/comments?post=3829"}],"version-history":[{"count":1,"href":"https:\/\/reset.earth\/en\/wp-json\/wp\/v2\/posts\/3829\/revisions"}],"predecessor-version":[{"id":3845,"href":"https:\/\/reset.earth\/en\/wp-json\/wp\/v2\/posts\/3829\/revisions\/3845"}],"wp:featuredmedia":[{"embeddable":true,"href":"https:\/\/reset.earth\/en\/wp-json\/wp\/v2\/media\/4279"}],"wp:attachment":[{"href":"https:\/\/reset.earth\/en\/wp-json\/wp\/v2\/media?parent=3829"}],"wp:term":[{"taxonomy":"category","embeddable":true,"href":"https:\/\/reset.earth\/en\/wp-json\/wp\/v2\/categories?post=3829"},{"taxonomy":"post_tag","embeddable":true,"href":"https:\/\/reset.earth\/en\/wp-json\/wp\/v2\/tags?post=3829"}],"curies":[{"name":"wp","href":"https:\/\/api.w.org\/{rel}","templated":true}]}}