{"id":4288,"date":"2024-03-29T10:26:52","date_gmt":"2024-03-29T09:26:52","guid":{"rendered":"https:\/\/reset.earth\/?p=4288"},"modified":"2025-03-27T15:53:32","modified_gmt":"2025-03-27T14:53:32","slug":"breaking-renews-29-mars","status":"publish","type":"post","link":"https:\/\/reset.earth\/en\/breaking-renews-29-mars\/","title":{"rendered":"BREAKING (RE)NEWS 29 MARS"},"content":{"rendered":"\n<p>Aucun lecteur attentif de la Breaking (RE)NEWS ne sera surpris, mais l\u2019ampleur du mouvement interpelle. Plus l\u2019\u00e9ch\u00e9ance des \u00e9lections europ\u00e9ennes approche, plus nos dirigeants europ\u00e9ens semblent effray\u00e9s par leur propre audace pass\u00e9e et s\u2019empressent de d\u00e9tricoter des pans entiers du \u00ab&nbsp;Pacte Vert&nbsp;\u00bb, ou Green Deal, \u00e2prement n\u00e9goci\u00e9s ces derni\u00e8res ann\u00e9es. Qu\u2019on en juge. Depuis le 22 novembre et le rejet surprise du r\u00e8glement europ\u00e9en sur les pesticides, la machine \u00e0 d\u00e9tricoter s\u2019emballe. PAC verte revisit\u00e9e, devoir de vigilance vid\u00e9 d\u2019une part de sa substance, loi sur la restauration de la nature dans les limbes, texte sur la d\u00e9forestation import\u00e9e menac\u00e9e, \u2026 D\u2019ici le 9 juin et le premier tour des \u00e9lections, les acteurs de la transition s\u2019accrochent \u00e0 leurs si\u00e8ges, \u00e9lectris\u00e9s.<\/p>\n\n\n\n<p>Ce qui interpelle le plus, c\u2019est qu\u2019il s\u2019agit l\u00e0 de retours en arri\u00e8re sur des textes ayant d\u00e9j\u00e0 \u00e9t\u00e9 approuv\u00e9s, pour lesquelles des majorit\u00e9s s\u2019\u00e9taient d\u00e9gag\u00e9es\u00a0! Une innovation institutionnelle car l\u2019UE n\u2019est pas coutumi\u00e8re du fait, la l\u00e9gislation europ\u00e9enne \u00e9tant d\u2019ailleurs d\u00e9j\u00e0 assez complexe, car fruit de multiples compromis, pour ne pas avoir envie de revenir sur des d\u00e9cisions ardues, au risque de ne jamais aboutir. On assiste aujourd\u2019hui \u00e0 ce que des cavaliers \u00e9questres qualifieraient de refus d\u2019obstacles. Ainsi la PAC, ren\u00e9goci\u00e9e pendant de longues ann\u00e9es et finalement vot\u00e9e, avec une tonalit\u00e9 \u00ab\u00a0plus verte\u00a0\u00bb, en 2021, pr\u00e9voyait-elle diff\u00e9rents seuils de d\u00e9clenchements d\u2019actions. Par exemple, en 2023, de nouvelles exigences environnementales devaient \u00eatre mises en place et respect\u00e9es, ainsi qu\u2019en 2024. Mais cette ann\u00e9e comme l\u2019an dernier, juste avant les dates d\u00e9cisives, des \u00ab\u00a0phases transitoires\u00a0\u00bb sont ajout\u00e9es, des \u00ab\u00a0mesures exceptionnelles\u00a0\u00bb d\u00e9cid\u00e9es, des \u00ab\u00a0exemptions\u00a0\u00bb multipli\u00e9es, afin de vider les r\u00e9formes de leur substance. En bref, comme le dit <a href=\"https:\/\/www.liberation.fr\/environnement\/agriculture\/lunion-europeenne-detricote-les-mesures-vertes-de-sa-politique-agricole-commune-20240315_52A7D2W6LBGEBDL6YN332ZXYJ4\/\">Lib\u00e9ration<\/a>, un Pacte Vert \u00ab\u00a0d\u00e9tricot\u00e9\u00a0\u00bb. M\u00eame chose pour le devoir de vigilance europ\u00e9en, finalement act\u00e9 de justesse il y a dix jours mais avec des seuils, des secteurs, des sanctions abaissant fortement l\u2019ambition initiale du texte, pourtant initialement act\u00e9 par une majorit\u00e9, au Parlement comme au Conseil et \u00e0 la Commission. Aboutissant \u00e0 un devoir de vigilance \u00ab\u00a0tr\u00e8s affaibli\u00a0\u00bb, comme le qualifient <a href=\"file:\/\/\/C:\/Users\/bdura\/Desktop\/-%09https:\/www.lemonde.fr\/economie\/article\/2024\/03\/15\/devoir-de-vigilance-les-vingt-sept-trouvent-enfin-un-accord_6222247_3234.html\">Le Monde<\/a> et <a href=\"https:\/\/www.novethic.fr\/economie-et-social\/droits-humains\/vote-devoir-vigilance-conseil-europeen-affaibli?utm_source=mailpoet&amp;utm_medium=email&amp;utm_campaign=revolution-du-devoir-de-vigilance-pierre-fabre-et-la69-shein-zara-le-recap-du-19-mars-205\">Novethic<\/a>. Et que dire du projet phare consacr\u00e9 \u00e0 la Restauration de la nature, de nouveau torpill\u00e9, dans la derni\u00e8re ligne droite avant son adoption, qui ne devait \u00eatre qu\u2019une simple formalit\u00e9, apr\u00e8s que son contenu avait d\u00e9j\u00e0 \u00e9t\u00e9 fortement \u00e9dulcor\u00e9. La biodiversit\u00e9 attendra bien encore un peu\u2026 Le texte, qui visait \u00e0 pr\u00e9server la biodiversit\u00e9 de 20% des terres et des mers, avait fait l\u2019objet en f\u00e9vrier d\u2019un accord en trilogue (entre les trois instances europ\u00e9ennes) et d\u2019un vote positif au Parlement europ\u00e9en. \u201cNe restait plus\u201d qu\u2019\u00e0 passer l\u2019\u00e9preuve du Conseil de l\u2019UE. Mais non, cette fois en raison d\u2019un revirement inattendu de la Hongrie. Derni\u00e8re victime en date, et non des moindres, le r\u00e8glement \u00e0 la fois novateur et ambitieux concernant la d\u00e9forestation import\u00e9e, adopt\u00e9 en 2022 et cens\u00e9 entrer en vigueur \u00e0 la fin de l\u2019ann\u00e9e, est aujourd\u2019hui \u00e0 son tour menac\u00e9 de suspension et de report. C\u2019est en tout cas ce que demandent une vingtaine d\u2019Etats &#8211; une solide majorit\u00e9 d\u2019Etats membres, donc ! -, dont la France, selon des informations r\u00e9unies par Reuters et reprises par <a href=\"https:\/\/www.novethic.fr\/environnement\/biodiversite\/deforestation-importee-une-majorite-detats-dont-la-france-appellent-a-un-report-du-reglement\">Novethic<\/a>. La d\u00e9forestation attendra bien un peu la tenue des \u00e9lections europ\u00e9ennes. Ce qui avait commenc\u00e9 par l\u2019annonce d\u2019une \u00ab\u00a0pause\u00a0\u00bb commence \u00e0 prendre des allures de d\u00e9b\u00e2cle. Vivement les \u00e9lections\u00a0! M\u00eame s\u2019il est \u00e0 redouter que leur r\u00e9sultat fasse obstacle \u00e0 la poursuite de r\u00e9formes aussi urgentes que parfois d\u00e9cisives. On aurait peut-\u00eatre d\u00fb mieux les prioriser et les expliciter pour ne pas effrayer\u2026<\/p>\n\n\n\n<figure class=\"wp-block-image size-full\"><img fetchpriority=\"high\" decoding=\"async\" width=\"902\" height=\"602\" src=\"https:\/\/reset.earth\/wp-content\/uploads\/2024\/04\/image.png\" alt=\"\" class=\"wp-image-4319\" srcset=\"https:\/\/reset.earth\/wp-content\/uploads\/2024\/04\/image.png 902w, https:\/\/reset.earth\/wp-content\/uploads\/2024\/04\/image-300x200.png 300w, https:\/\/reset.earth\/wp-content\/uploads\/2024\/04\/image-768x513.png 768w\" sizes=\"(max-width: 902px) 100vw, 902px\" \/><\/figure>\n\n\n\n<p>Pour entamer nos <strong>rubriques hebdomadaires<\/strong>, d\u00e9butons par un grand classique\u00a0: la m\u00e9t\u00e9o. Records battus concernant la chaleur des oc\u00e9ans, l\u2019\u00e9l\u00e9vation du niveau de la mer, le recul des glaciers\u2026 2023 a conclu la d\u00e9cennie la plus chaude jamais enregistr\u00e9e, poussant la plan\u00e8te \u00ab\u00a0au bord du gouffre\u00a0\u00bb, vient d\u2019alerter l&rsquo;ONU. Un nouveau rapport de l\u2019Organisation m\u00e9t\u00e9orologique mondiale (OMM), cit\u00e9 par <a href=\"https:\/\/www.lexpress.fr\/environnement\/la-planete-est-au-bord-du-gouffre-climatique-le-dernier-coup-de-semonce-de-lonu-Q4UKYFWWNJFB3EL2J3AMTPGZYU\/\">L\u2019Express et l&rsquo;AFP<\/a> montre que des records ont \u00e9t\u00e9 \u00ab\u00a0pulv\u00e9ris\u00e9s\u00a0\u00bb, s\u2019agissant des niveaux de gaz \u00e0 effet de serre, des temp\u00e9ratures de surface, du contenu thermique et de l\u2019acidification des oc\u00e9ans, de l\u2019\u00e9l\u00e9vation du niveau de la mer, de l\u2019\u00e9tendue de la banquise antarctique et du recul des glaciers. La plan\u00e8te est donc \u00ab\u00a0au bord du gouffre\u00a0\u00bb alors que \u00ab\u00a0la pollution par les combustibles fossiles provoque un chaos climatique sans pr\u00e9c\u00e9dent\u00a0\u00bb, a alert\u00e9 pour la millioni\u00e8me fois (on exag\u00e8re un peu) le secr\u00e9taire g\u00e9n\u00e9ral de l&rsquo;ONU Antonio Guterres. \u00ab\u00a0Il est encore temps de lancer une bou\u00e9e de sauvetage aux populations et \u00e0 la plan\u00e8te\u00a0\u00bb, selon lui, mais il faut agir \u00ab\u00a0maintenant\u00a0\u00bb. La temp\u00e9rature moyenne \u00e0 la surface du globe a \u00e9t\u00e9 en 2023 de 1,45\u00b0C au-dessus du niveau de r\u00e9f\u00e9rence de l\u2019\u00e8re pr\u00e9industrielle. \u00ab\u00a0Chaque fraction de degr\u00e9 de r\u00e9chauffement climatique a un impact sur l\u2019avenir de la vie sur Terre\u00a0\u00bb, a pr\u00e9venu le chef de l&rsquo;ONU. Et que dira-t-il en 2024&#8230;\u00a0? Car l\u2019ann\u00e9e qui d\u00e9bute pourrait \u00eatre tout aussi chaotique, pr\u00e9vient <a href=\"https:\/\/www.liberation.fr\/environnement\/fonte-inedite-des-glaciers-ocean-en-surchauffe-banquise-antarctique-retrecie-les-trois-records-de-2023-les-plus-inquietants-selon-lorganisation-meteorologique-mondiale-20240319_WCDFYG4WANGJXHZ4ELADMFSLDA\/?redirected=1&amp;redirected=1\">Lib\u00e9ration<\/a>. \u00ab Il y a une probabilit\u00e9 \u00e9lev\u00e9e que 2024 batte \u00e0 nouveau le record de 2023 \u00bb, a fait savoir Omar Baddour, de l\u2019OMM.<\/p>\n\n\n\n<figure class=\"wp-block-image size-full\"><img decoding=\"async\" width=\"906\" height=\"606\" src=\"https:\/\/reset.earth\/wp-content\/uploads\/2024\/04\/image-1.png\" alt=\"\" class=\"wp-image-4320\" srcset=\"https:\/\/reset.earth\/wp-content\/uploads\/2024\/04\/image-1.png 906w, https:\/\/reset.earth\/wp-content\/uploads\/2024\/04\/image-1-300x201.png 300w, https:\/\/reset.earth\/wp-content\/uploads\/2024\/04\/image-1-768x514.png 768w\" sizes=\"(max-width: 906px) 100vw, 906px\" \/><\/figure>\n\n\n\n<p>A propos de gaz \u00e0 effet de serre, la <strong>bonne nouvelle de la semaine<\/strong> ne vous aura pas \u00e9chapp\u00e9 car elle a \u00e9t\u00e9 claironn\u00e9e haut et fort, surtout au sommet de l\u2019Etat\u00a0: le recul des \u00e9missions de gaz \u00e0 effet de serre (GES) en France s\u2019acc\u00e9l\u00e8re\u00a0! De quoi permettre au ministre de l\u2019Ecologie de faire le 20h00 de TF1 en se f\u00e9licitant d\u2019une ann\u00e9e \u00ab\u00a0record \u00bb. En 2023, les GES ont donc baiss\u00e9 de 4,8 % par rapport \u00e0 2022, pour atteindre 384,5 millions de tonnes \u00e9quivalent CO2. En une seule ann\u00e9e, c&rsquo;est l&rsquo;\u00e9quivalent de \u00ab quasiment la totalit\u00e9 de la baisse \u00bb enregistr\u00e9e en France entre 2012 et 2017, a soulign\u00e9 Christophe B\u00e9chu. Pour m\u00e9moire, la baisse n&rsquo;\u00e9tait que de 2,7 % en 2022 par rapport \u00e0 2021. Il faudra faire plus d&rsquo;efforts encore pour atteindre les objectifs que la France s&rsquo;est fix\u00e9s : une baisse de 34 % des \u00e9missions entre 2022 et 2030 &#8211; soit 5 % par an &#8211; seule mani\u00e8re d&rsquo;atteindre la neutralit\u00e9 carbone en 2050 (-55 % en net). Surtout\u00a0: on ne mesure toujours pas les gaz \u00e0 effet de serre li\u00e9s \u00e0 nos importations, qui sont tout sauf n\u00e9gligeables. Aussi\u00a0: on sait qu\u2019une bonne partie du recul est li\u00e9e \u00e0 la faiblesse de la croissance \u00e9conomique, notamment de la production industrielle, dont les GES ont plong\u00e9 de 8%, expliquent <a href=\"https:\/\/www.lesechos.fr\/politique-societe\/societe\/chute-spectaculaire-des-emissions-de-co2-de-la-france-en-2023-2083883\">Les Echos<\/a>. Enfin\u00a0: on a moins parl\u00e9 des performances de l\u2019Allemagne, notre comp\u00e9titeur pr\u00e9f\u00e9r\u00e9, dont les GES ont diminu\u00e9 de plus de 10% l\u2019an dernier, alors que ce pays ne dispose plus de l\u2019\u00e9nergie nucl\u00e9aire\u2026<\/p>\n\n\n\n<figure class=\"wp-block-image size-full\"><img decoding=\"async\" width=\"460\" height=\"576\" src=\"https:\/\/reset.earth\/wp-content\/uploads\/2024\/04\/image-2.png\" alt=\"\" class=\"wp-image-4321\" srcset=\"https:\/\/reset.earth\/wp-content\/uploads\/2024\/04\/image-2.png 460w, https:\/\/reset.earth\/wp-content\/uploads\/2024\/04\/image-2-240x300.png 240w\" sizes=\"(max-width: 460px) 100vw, 460px\" \/><\/figure>\n\n\n\n<p>La <strong>d\u00e9cision judiciaire de la semaine<\/strong> n\u2019est pas sans lien avec le sujet pr\u00e9c\u00e9dent et elle nous vient du juge administratif, pour changer. Elle concerne l\u2019\u00e9conomie du ski. Elle marque concr\u00e8tement les cons\u00e9quences de la crise climatique et la n\u00e9cessit\u00e9 de s\u2019y adapter. En l\u2019espace d\u2019un mois, les stations de ski de l\u2019Alpe-d\u2019Huez (Is\u00e8re) et du Grand-Bornand (Haute-Savoie) ont eu chacune leur plan d\u2019urbanisme retoqu\u00e9 par le tribunal administratif de Grenoble. Celui-ci a \u00e9galement annul\u00e9 un projet de t\u00e9l\u00e9si\u00e8ge \u00e0 Aussois (Savoie), le 5 mars. Comme le rappelle <a href=\"https:\/\/www.lemonde.fr\/economie\/article\/2024\/03\/17\/dans-les-alpes-la-justice-met-un-coup-d-arret-a-plusieurs-projets-touristiques-lies-au-ski_6222426_3234.html?lmd_medium=al&amp;lmd_campaign=envoye-par-appli&amp;lmd_creation=ios&amp;lmd_source=mail\">Le Monde<\/a>, le ton avait \u00e9t\u00e9 donn\u00e9 en 2023, lors d\u2019une d\u00e9cision qui avait fait grand bruit : l\u2019annulation, le 30 mai 2023, du sch\u00e9ma de coh\u00e9rence territoriale de la Maurienne, un document vot\u00e9 par soixante-deux communes savoyardes, dont vingt-quatre stations (Valloire, Valmeinier, Saint-Jean-d\u2019Arves, Valfr\u00e9jus\u2026). Cette feuille de route pr\u00e9voyait l\u2019extension de domaines skiables, et la construction de 22 800 lits touristiques, dont un Club Med de 1 000 lits \u00e0 Valloire. Aujourd\u2019hui, \u00ab <em>un point de bascule a \u00e9t\u00e9 atteint, <\/em>estime Philippe Bourdeau, enseignant-chercheur \u00e0 l\u2019universit\u00e9 Grenoble-Alpes, sp\u00e9cialis\u00e9 dans l\u2019\u00e9conomie de la montagne<em>. Les hauts fonctionnaires sont de plus en plus sensibles aux enjeux environnementaux, et \u00e0 la d\u00e9pense d\u2019argent public qui n\u2019en tiendrait pas compte. Le r\u00e9cent rapport de la Cour des comptes en t\u00e9moigne. Il y a moins de bienveillance vis-\u00e0-vis de cette \u00e9conomie du ski.<\/em> \u00bb<\/p>\n\n\n\n<figure class=\"wp-block-image size-full\"><img loading=\"lazy\" decoding=\"async\" width=\"912\" height=\"576\" src=\"https:\/\/reset.earth\/wp-content\/uploads\/2024\/04\/image-3.png\" alt=\"\" class=\"wp-image-4322\" srcset=\"https:\/\/reset.earth\/wp-content\/uploads\/2024\/04\/image-3.png 912w, https:\/\/reset.earth\/wp-content\/uploads\/2024\/04\/image-3-300x189.png 300w, https:\/\/reset.earth\/wp-content\/uploads\/2024\/04\/image-3-768x485.png 768w\" sizes=\"(max-width: 912px) 100vw, 912px\" \/><\/figure>\n\n\n\n<p>Un peu dans le m\u00eame ordre d\u2019id\u00e9e, <strong>la pri\u00e8re de la semaine<\/strong> (un \u00ab\u00a0must\u00a0\u00bb en ce week-end de P\u00e2ques\u00a0!) est adress\u00e9e \u00e0 Sant Galdric, saint patron des Catalans.\u00a0 Les paroissiens de Perpignan ont d\u00e9cid\u00e9 de s\u2019en remettre une nouvelle fois \u00e0 lui afin de faire enfin tomber la pluie sur les Pyr\u00e9n\u00e9es-Orientales. Le dimanche 10 mars, pour la deuxi\u00e8me ann\u00e9e cons\u00e9cutive, ils ont organis\u00e9 <a href=\"https:\/\/www.lemonde.fr\/planete\/article\/2024\/03\/18\/une-secheresse-critique-s-installe-dans-le-bassin-mediterraneen_6222655_3244.html?lmd_medium=al&amp;lmd_campaign=envoye-par-appli&amp;lmd_creation=ios&amp;lmd_source=mail\">une procession dans les rues de la ville<\/a>. Dans l\u2019extr\u00eame sud de la France, comme dans tout l\u2019ouest du bassin m\u00e9diterran\u00e9en, la s\u00e9cheresse s\u2019est install\u00e9e, pour de bon semble-t-il. Dieu fasse que les pri\u00e8res soient entendues. A d\u00e9faut, un \u00ab\u00a0Plan Eau\u00a0\u00bb effectif et sans doute renforc\u00e9 peut servir aussi.<\/p>\n\n\n\n<p>C\u00f4t\u00e9 \u00ab ressources et transition \u00bb, le <strong>d\u00e9bat public de la semaine<\/strong> (et des mois qui viennent) a \u00e9t\u00e9 lanc\u00e9 en Auvergne. Avant que le projet d\u2019exploitation de ressources en lithium, par la soci\u00e9t\u00e9 Imerys, leader mondial des sp\u00e9cialit\u00e9s min\u00e9rales pour l\u2019industrie, ne soit lanc\u00e9 sur le site d\u2019\u00c9chassi\u00e8res, une \u00e9tude technique, environnementale et \u00e9conomique doit \u00eatre finalis\u00e9e. Le site est actuellement exploit\u00e9 pour la production de c\u00e9ramique et de porcelaine. Si le projet est finalis\u00e9, le site d&rsquo;\u00c9chassi\u00e8res deviendrait le deuxi\u00e8me plus important exploitant de lithium en Europe. <a href=\"https:\/\/www.vie-publique.fr\/en-bref\/293399-mine-de-lithium-en-auvergne-lancement-dun-debat-public\">Du 11 mars au 7 juillet 2024<\/a>, une consultation publique est ouverte sur ce projet, sous le pilotage de la Commission nationale du d\u00e9bat public (CNDP). Une plateforme de participation en ligne est \u00e9galement mise \u00e0 disposition du public pour d\u00e9couvrir le projet et recueillir les avis. Nos lecteurs attentifs se souviennent du \u00ab\u00a0concept de la semaine\u00a0\u00bb derni\u00e8re\u00a0: le nimby (\u00ab\u00a0not in my backyard\u00a0\u00bb). Le lithium, c\u2019est bon pour la transition et les batteries \u00e9lectriques, mais une mine dans mon jardin, c\u2019est moins sympa. Une bonne illustration.<\/p>\n\n\n\n<figure class=\"wp-block-image size-full\"><img loading=\"lazy\" decoding=\"async\" width=\"912\" height=\"452\" src=\"https:\/\/reset.earth\/wp-content\/uploads\/2024\/04\/image-4.png\" alt=\"\" class=\"wp-image-4323\" srcset=\"https:\/\/reset.earth\/wp-content\/uploads\/2024\/04\/image-4.png 912w, https:\/\/reset.earth\/wp-content\/uploads\/2024\/04\/image-4-300x149.png 300w, https:\/\/reset.earth\/wp-content\/uploads\/2024\/04\/image-4-768x381.png 768w\" sizes=\"(max-width: 912px) 100vw, 912px\" \/><\/figure>\n\n\n\n<p>A propos d\u2019\u00e9nergie \u00ab\u00a0propre\u00a0\u00bb, <strong>l\u2019innovation de la semaine<\/strong> nous vient des pays froids, de Finlande plus pr\u00e9cis\u00e9ment, avec la mise \u00e0 l\u2019\u00e9chelle des \u00ab\u00a0batteries au sable\u00a0\u00bb (Sand Battery), dont une premi\u00e8re version fonctionne depuis 2022. La nouvelle batterie de sable, qui devrait \u00eatre op\u00e9rationnelle d\u2019ici 18 mois, mesurera 13 m\u00e8tres de hauteur et 15 m\u00e8tres de largeur, offrant une puissance de sortie de 1 MW et une capacit\u00e9 de 100 MWh, pr\u00e9cise la lettre online <a href=\"https:\/\/newatlas.com\/energy\/sand-battery-finland\/\">Newatlas<\/a>. Elle devrait r\u00e9duire les \u00e9missions de dioxyde de carbone du syst\u00e8me de chauffage urbain la ville voisine de 160 tonnes par an, ce qui correspond \u00e0 une r\u00e9duction de pr\u00e8s de 70 %. Les esprits pervers parmi vous se feront la m\u00eame remarque que l\u2019auteur de ces lignes\u00a0: le sable aussi est une ressource qui se rar\u00e9fie\u2026 Mais les Finnois ont la r\u00e9ponse\u00a0: le sable lui-m\u00eame proviendra de sources durables\u00a0! Il sera constitu\u00e9 de st\u00e9atite concass\u00e9e, qui est un sous-produit de fabrication d\u2019une autre industrie locale. Un mat\u00e9riau qui peut apparemment conduire la chaleur encore mieux que le vieux sable ordinaire.<\/p>\n\n\n\n<figure class=\"wp-block-image size-full\"><img loading=\"lazy\" decoding=\"async\" width=\"908\" height=\"606\" src=\"https:\/\/reset.earth\/wp-content\/uploads\/2024\/04\/image-5.png\" alt=\"\" class=\"wp-image-4324\" srcset=\"https:\/\/reset.earth\/wp-content\/uploads\/2024\/04\/image-5.png 908w, https:\/\/reset.earth\/wp-content\/uploads\/2024\/04\/image-5-300x200.png 300w, https:\/\/reset.earth\/wp-content\/uploads\/2024\/04\/image-5-768x513.png 768w\" sizes=\"(max-width: 908px) 100vw, 908px\" \/><\/figure>\n\n\n\n<p>Ressources toujours, mais alimentaires cette fois, <strong>la gabegie de la semaine<\/strong> est point\u00e9e par l\u2019ONU, qui \u00e9voque une \u00ab\u00a0<em>trag\u00e9die mondiale<\/em>\u00a0\u00bb\u00a0: au moins un milliard de repas sont gaspill\u00e9s chaque jour sur la plan\u00e8te\u00a0!\u00a0 Ce chiffre est d\u2019autant plus choquant que la m\u00eame ann\u00e9e, 783 millions de personnes ont souffert de la faim et un tiers de l\u2019humanit\u00e9 a \u00e9t\u00e9 confront\u00e9 \u00e0 l\u2019ins\u00e9curit\u00e9 alimentaire. Selon l\u2019\u00e9tude, r\u00e9alis\u00e9e en partenariat avec l\u2019ONG britannique Wrap, 1,05 milliard de tonnes de denr\u00e9es alimentaires (y compris les parties immangeables comme les os, ar\u00eates, noyaux ou coquilles d\u2019\u0153ufs) ont \u00e9t\u00e9 jet\u00e9es dans le monde en 2022, soit \u00ab <em>pr\u00e8s d\u2019un cinqui\u00e8me (19 %) de toute l\u2019alimentation mise \u00e0 la disposition des consommateurs<\/em> \u00bb. Pire, pr\u00e9cise <a href=\"https:\/\/www.liberation.fr\/environnement\/agriculture\/au-moins-un-milliard-de-repas-gaspilles-chaque-jour-une-tragedie-mondiale-pour-lonu-20240327_FUC7HA26MVGVPIY7CZ45PGGNAM\/?redirected=1&amp;redirected=1\">Lib\u00e9ration<\/a>, cela ne repr\u00e9sente qu\u2019une partie du gaspillage alimentaire total. Car ce volume ahurissant de victuailles mis au rebut plut\u00f4t que dans nos estomacs s\u2019ajoute aux 13 % du total de la production alimentaire mondiale perdus en amont de la cha\u00eene d\u2019approvisionnement (apr\u00e8s les r\u00e9coltes et avant l\u2019arriv\u00e9e dans les commerces), un chiffre fourni par l\u2019Organisation des Nations unies pour l\u2019alimentation et l\u2019agriculture (FAO). Des champs \u00e0 l\u2019assiette, le monde dilapide donc un tiers de la production alimentaire totale\u00a0! Et les m\u00e9nages sont largement en cause. Car ce sont eux qui jettent 60 % de toute cette nourriture gaspill\u00e9e (soit 631 millions de tonnes), tandis que les restaurants et cantines en jettent 28 % et les commerces 12 %. Les cons\u00e9quences de cette gabegie mondiale sont \u00ab <em>d\u00e9vastatrices<\/em> \u00bb, alerte le rapport. Elle est en effet responsable de 8 \u00e0 10 % des \u00e9missions annuelles mondiales de gaz \u00e0 effet de serre, soit <em>\u00ab pr\u00e8s de cinq fois plus que celles du secteur a\u00e9rien \u00bb. Autre effet funeste, une \u00ab perte significative de biodiversit\u00e9<\/em> \u00bb, car produire toute cette nourriture g\u00e2ch\u00e9e occupe l\u2019\u00e9quivalent de pr\u00e8s de 30 % des terres agricoles mondiales. En plus d\u2019\u00eatre un \u00ab <em>\u00e9chec environnemental<\/em> \u00bb, la perte et le gaspillage de nourriture est aussi \u00ab <em>un \u00e9chec du march\u00e9<\/em> \u00bb, qui p\u00e8se sur l\u2019\u00e9conomie mondiale, avec plus de 1 000 milliards de dollars (environ 922 milliards d\u2019euros) litt\u00e9ralement jet\u00e9s \u00e0 la poubelle chaque ann\u00e9e. L\u2019objectif mondial, inscrit fin 2022 dans l\u2019accord de Kunming-Montr\u00e9al sur la biodiversit\u00e9, est de diviser par deux le gaspillage alimentaire d\u2019ici \u00e0 2030. Un \u00ab job qui est trop grand pour n\u2019importe quelle partie prenante \u00bb prise isol\u00e9ment, conclut le rapport. Qui appelle donc \u00e0 un effort collectif, \u00ab les gouvernements, municipalit\u00e9s, entreprises agroalimentaires, chercheurs et organisations non gouvernementales de toutes tailles [ayant] tous un r\u00f4le \u00e0 jouer pour changer les pratiques et comportements, cibler les zones \u00e0 risque, innover et am\u00e9liorer la situation \u00bb en aidant les m\u00e9nages \u00e0 agir, conclue le rapport. \u00ab <em>Si le gaspillage alimentaire \u00e9tait un pays, il serait le \u00ab troisi\u00e8me \u00e9metteur de gaz \u00e0 effet de serre derri\u00e8re les Etats-Unis et la Chine<\/em> \u00bb, lit-on par ailleurs dans <a href=\"https:\/\/www.lemonde.fr\/planete\/article\/2024\/03\/28\/un-milliard-de-repas-gaspilles-chaque-jour-dans-le-monde-selon-l-onu-c-est-tout-simplement-ahurissant_6224604_3244.html?lmd_medium=al&amp;lmd_campaign=envoye-par-appli&amp;lmd_creation=ios&amp;lmd_source=mail\">Le Monde<\/a>.<\/p>\n\n\n\n<figure class=\"wp-block-image size-large\"><img loading=\"lazy\" decoding=\"async\" width=\"796\" height=\"1024\" src=\"https:\/\/reset.earth\/wp-content\/uploads\/2024\/04\/image-6-796x1024.png\" alt=\"\" class=\"wp-image-4325\" srcset=\"https:\/\/reset.earth\/wp-content\/uploads\/2024\/04\/image-6-796x1024.png 796w, https:\/\/reset.earth\/wp-content\/uploads\/2024\/04\/image-6-233x300.png 233w, https:\/\/reset.earth\/wp-content\/uploads\/2024\/04\/image-6-768x988.png 768w, https:\/\/reset.earth\/wp-content\/uploads\/2024\/04\/image-6.png 908w\" sizes=\"(max-width: 796px) 100vw, 796px\" \/><\/figure>\n\n\n\n<p>Un bon moment pour \u00e9voquer <strong>les maladies de la semaines<\/strong>, li\u00e9es \u00e0 la pr\u00e9carit\u00e9 alimentaire\u00a0! Rachitisme et scorbut font leur retour en Europe, notamment au Royaume-Uni. \u00ab\u00a0Pourquoi le retour des maladies de l\u2019\u00e8re victorienne au Royaume-Uni inqui\u00e8te les experts de la sant\u00e9\u00a0\u00bb, titre <a href=\"https:\/\/www.theguardian.com\/society\/2024\/feb\/18\/return-of-victorian-era-diseases-to-the-uk-scabies-measles-rickets-scurvy\">le Guardian<\/a> qui fait \u00e9tat du retour sur son territoire de maladies que l\u2019on croyait \u00e9radiqu\u00e9es \u00e0 tout jamais en Europe, gr\u00e2ce \u00e0 la modernit\u00e9 et l\u2019avanc\u00e9e de la m\u00e9decine. La raison : l\u2019appauvrissement de la population. Environ un Britannique sur cinq vit aujourd\u2019hui sous le seuil de pauvret\u00e9. Soit 14 millions d\u2019individus, dont une partie peine \u00e0 se nourrir correctement. En 2022, 423 patients ont ainsi \u00e9t\u00e9 hospitalis\u00e9s au Royaume-Uni pour rachitisme, caus\u00e9 par une carence en Vitamines D ou en calcium, et 188 pour scorbut, en raison de la consommation insuffisante de fruits et l\u00e9gumes frais, garants d\u2019un apport en vitamine C. Au total, pr\u00e8s de 10 000 Britanniques ont \u00e9t\u00e9 hospitalis\u00e9s en un an pour malnutrition, soit quatre fois plus qu\u2019il y a douze ans. \u00ab\u00a0It is shameful\u00a0\u00bb, conclue le quotidien britannique. Indeed.<\/p>\n\n\n\n<figure class=\"wp-block-image size-full\"><img loading=\"lazy\" decoding=\"async\" width=\"750\" height=\"502\" src=\"https:\/\/reset.earth\/wp-content\/uploads\/2024\/04\/image-7.png\" alt=\"\" class=\"wp-image-4326\" srcset=\"https:\/\/reset.earth\/wp-content\/uploads\/2024\/04\/image-7.png 750w, https:\/\/reset.earth\/wp-content\/uploads\/2024\/04\/image-7-300x201.png 300w\" sizes=\"(max-width: 750px) 100vw, 750px\" \/><\/figure>\n\n\n\n<p>Continuons dans le contenu de nos assiettes avec la <strong>\u00ab\u00a0journ\u00e9e internationale de la semaine\u00a0\u00bb<\/strong>, dont il est possible qu\u2019elle ne convainque pas enti\u00e8rement les victimes de rachitisme et de scorbut\u00a0: le 20 mars \u00e9tait la \u00ab\u00a0journ\u00e9e sans viande\u00a0\u00bb. A propos, quel changement de comportement se r\u00e9v\u00e8le le plus utile pour lutter contre le r\u00e9chauffement climatique ? \u00ab Consommer uniquement des produits locaux \u00bb, r\u00e9pondent 31 % des Fran\u00e7ais interrog\u00e9s par l\u2019institut YouGov en f\u00e9vrier. \u00ab Opter pour le v\u00e9lo lors de d\u00e9placements courts \u00bb ou \u00ab adopter le mode de vie z\u00e9ro d\u00e9chet \u00bb arrivent en seconde et troisi\u00e8me position (respectivement 20 % et 19 % des r\u00e9ponses). Pour 16 % des sond\u00e9s, il faut \u00ab refuser les voyages en avion \u00bb. Seules 6 % des personnes interrog\u00e9es estiment qu\u2019il faudrait surtout \u00ab adopter une alimentation v\u00e9g\u00e9tarienne \u00bb. Or, l\u2019association Futur, commanditaire de ce sondage, a profit\u00e9 de la Journ\u00e9e internationale sans viande pour rappeler, avec la complicit\u00e9 de <a href=\"https:\/\/www.liberation.fr\/societe\/laffaire-du-steak-met-sur-la-table-le-poids-de-la-viande-pour-lenvironnement-20240320_GJ4WQ5OLLJBDLBZ4L5T27HDUWU\/\">Lib\u00e9ration<\/a>, que renoncer \u00e0 la viande et au poisson constitue l\u2019\u00e9cogeste le plus utile, et de loin, permettant de r\u00e9duire les \u00e9missions de gaz \u00e0 effet de serre \u00e0 l\u2019\u00e9chelle individuelle. Ce sondage s\u2019inscrit dans une campagne baptis\u00e9e \u00ab L\u2019Affaire du steak \u00bb (en r\u00e9f\u00e9rence \u00e0 la campagne de justice climatique \u00ab L\u2019Affaire du si\u00e8cle \u00bb) qui s\u2019affiche aussi dans le m\u00e9tro parisien.<\/p>\n\n\n\n<figure class=\"wp-block-image size-full\"><img loading=\"lazy\" decoding=\"async\" width=\"912\" height=\"678\" src=\"https:\/\/reset.earth\/wp-content\/uploads\/2024\/04\/image-8.png\" alt=\"\" class=\"wp-image-4327\" srcset=\"https:\/\/reset.earth\/wp-content\/uploads\/2024\/04\/image-8.png 912w, https:\/\/reset.earth\/wp-content\/uploads\/2024\/04\/image-8-300x223.png 300w, https:\/\/reset.earth\/wp-content\/uploads\/2024\/04\/image-8-768x571.png 768w\" sizes=\"(max-width: 912px) 100vw, 912px\" \/><\/figure>\n\n\n\n<p>Le deuxi\u00e8me (!) <strong>d\u00e9chet de la semaine<\/strong> est \u00e9lectronique\u00a0: smartphones, tablettes, ordinateurs, \u00e9crans plats, batteries de v\u00e9lo \u00e9lectriques, panneaux photovolta\u00efques\u2026 La num\u00e9risation et l\u2019\u00e9lectrification de nos modes de vie s\u2019accompagnent d\u2019une explosion des d\u00e9chets \u00e9lectroniques. Entre 2010 et 2022, ils ont bondi de 82 % pour atteindre le volume record de 62 millions de tonnes, \u00e0 l\u2019\u00e9chelle de la plan\u00e8te, alerte l\u2019Organisation des Nations unies (ONU), dans un rapport publi\u00e9 le 20 mars. Et, selon les projections de l\u2019ONU, elle va continuer \u00e0 grossir d\u2019un tiers d\u2019ici 2030. Pire\u00a0: entre 2022 et 2030, le taux de collecte et de recyclage devrait d\u00e9cliner de 22,3 % \u00e0 20 %. Si bien que les d\u00e9chets \u00e9lectroniques croissent cinq fois plus vite que la quantit\u00e9 recycl\u00e9e. E-d\u00e9chets et \u00e9conomie circulaire ne vont toujours pas de pair. Ce qui est dommage car, on le sait bien chez <a href=\"https:\/\/reset.earth\/\">(RE)SET<\/a>, cela pourrait \u00eatre possible\u2026 En attendant, la r\u00e9partition par pays est sans surprise\u00a0: la Chine est loin, tr\u00e8s loin, devant, suivie par les Etats-Unis, l\u2019Inde et le Br\u00e9sil. Mais, comme souvent, si l\u2019on rapporte les volumes de d\u00e9chets par habitant, la hi\u00e9rarchie change drastiquement\u00a0: l\u2019Union Europ\u00e9enne est loin devant le reste du monde. Un Fran\u00e7ais g\u00e9n\u00e8re en moyenne 22,4 kg de d\u00e9chets \u00e9lectroniques par an, moins qu\u2019un Norv\u00e9gien (26 kg), mais plus qu\u2019un Am\u00e9ricain (21,3 kg), pr\u00e8s du triple d\u2019un Chinois (8,5 kg) et le d\u00e9cuple d\u2019un africain\u00a0! En 2022, pr\u00e8s de la moiti\u00e9 des 62 millions de tonnes d\u2019\u00ab e-d\u00e9chets \u00bb se sont retrouv\u00e9es dans des d\u00e9charges sauvages (14 millions de tonnes) ou ont aliment\u00e9 le march\u00e9 noir du recyclage dans les pays en d\u00e9veloppement (16 millions de tonnes). Ce qui a des cons\u00e9quences catastrophiques sur l\u2019environnement et la sant\u00e9 des personnes qui travaillent ou vivent \u00e0 proximit\u00e9 de ces d\u00e9charges, en particulier les enfants, en les exposant \u00e0 un cocktail de produits toxiques (plomb, dioxines, PFAS\u2026). Aujourd\u2019hui, le recyclage de ces d\u00e9chets, qui contiennent d\u2019importantes quantit\u00e9s de mat\u00e9riaux strat\u00e9giques, couvre \u00e0 peine 1 % de la demande mondiale en m\u00e9taux rare (cuivre, cobalt, nickel, or et argent). L\u2019ONU \u00e9value ce gaspillage de ressources \u00e0 91 milliards de dollars. \u00ab Le statu quo ne peut plus durer, estime Kees Bald\u00e9, le principal auteur du rapport, cit\u00e9 par <a href=\"https:\/\/www.lemonde.fr\/planete\/article\/2024\/03\/20\/l-explosion-des-dechets-electroniques-menace-l-environnement-et-la-sante-alerte-l-onu_6223080_3244.html?lmd_medium=al&amp;lmd_campaign=envoye-par-appli&amp;lmd_creation=ios&amp;lmd_source=mail\">Le Monde<\/a>. Il est urgent que les Etats investissent davantage dans les infrastructures de recyclage et promeuvent la r\u00e9paration et le r\u00e9emploi.\u00a0\u00bb Chez (RE)SET, on applaudit cette recommandation des deux mains\u00a0! D\u2019autant qu\u2019en France, on a des \u00e9co-organismes sp\u00e9cialis\u00e9s sur la question.<\/p>\n\n\n\n<figure class=\"wp-block-image size-full\"><img loading=\"lazy\" decoding=\"async\" width=\"906\" height=\"638\" src=\"https:\/\/reset.earth\/wp-content\/uploads\/2024\/04\/image-9.png\" alt=\"\" class=\"wp-image-4328\" srcset=\"https:\/\/reset.earth\/wp-content\/uploads\/2024\/04\/image-9.png 906w, https:\/\/reset.earth\/wp-content\/uploads\/2024\/04\/image-9-300x211.png 300w, https:\/\/reset.earth\/wp-content\/uploads\/2024\/04\/image-9-768x541.png 768w\" sizes=\"(max-width: 906px) 100vw, 906px\" \/><\/figure>\n\n\n\n<p>A propos de d\u00e9chets et de recyclage, le <strong>supermarch\u00e9 de la semaine<\/strong> a un joli nom\u00a0: il s\u2019appelle Super Tout Nu. Il vient d&rsquo;\u00eatre inaugur\u00e9, \u00e0 Toulouse, par la Ministre Olivia Gr\u00e9goire, en charge des entreprises, du tourisme et de la consommation. On n\u2019y trouve aucun emballage jetable\u00a0! Consigne, local, bio, r\u00e9emploi et vrac \u00e0 tous les \u00e9tages !\u00a0 Il a \u00e9t\u00e9 imagin\u00e9 par Salom\u00e9 G\u00e9raud (Nicaise) et Pierre G\u00e9raud-Liria, cofondateurs de l&rsquo;enseigne de e-commerce z\u00e9ro d\u00e9chet Le Drive tout nu. Une station de lavage des contenants (bocaux, bouteilles, \u2026) jouxte le supermarch\u00e9. Pour aller y faire vos courses, il faudra vous rendre dans la zone commerciale de Lab\u00e8ge au sud de Toulouse. Des visuels sont disponibles sur <a href=\"https:\/\/www.linkedin.com\/posts\/l%C3%A9a-lesurf-277855162_emballagejetable-local-bio-activity-7178654998900146176-Rm5j?utm_source=share&amp;utm_medium=member_desktop\">LinkedIn<\/a>.<\/p>\n\n\n\n<figure class=\"wp-block-image size-full\"><img loading=\"lazy\" decoding=\"async\" width=\"900\" height=\"676\" src=\"https:\/\/reset.earth\/wp-content\/uploads\/2024\/04\/image-10.png\" alt=\"\" class=\"wp-image-4329\" srcset=\"https:\/\/reset.earth\/wp-content\/uploads\/2024\/04\/image-10.png 900w, https:\/\/reset.earth\/wp-content\/uploads\/2024\/04\/image-10-300x225.png 300w, https:\/\/reset.earth\/wp-content\/uploads\/2024\/04\/image-10-768x577.png 768w\" sizes=\"(max-width: 900px) 100vw, 900px\" \/><\/figure>\n\n\n\n<p>La <strong>surprise de la semaine<\/strong> n\u2019a qu\u2019un rapport indirect avec nos sujets, au moins on l\u2019esp\u00e8re, mais comme elle est importante, on vous la donne quand m\u00eame\u00a0: la baisse de la f\u00e9condit\u00e9 humaine dans le monde est plus rapide que pr\u00e9vu. Selon une \u00e9tude publi\u00e9e dans \u00ab The Lancet \u00bb, et dont <a href=\"https:\/\/www.lemonde.fr\/planete\/article\/2024\/03\/20\/la-baisse-de-la-fecondite-humaine-dans-le-monde-pourrait-etre-plus-rapide-que-prevu_6223140_3244.html?lmd_medium=al&amp;lmd_campaign=envoye-par-appli&amp;lmd_creation=ios&amp;lmd_source=mail\">Le Monde<\/a> se fait l\u2019\u00e9cho, l\u2019indice de f\u00e9condit\u00e9 moyen en 2050 pourrait se situer autour de 1,8 enfant par femme \u00e0 l\u2019\u00e9chelle de la plan\u00e8te, soit au-dessous du seuil de renouvellement de la population -qui est de 2,1. Les chercheurs s\u2019attendent \u00e0 ce qu\u2019en\u00a02100 seuls les Samoa, la Somalie, les \u00eeles Tonga, le Niger, le Tchad et le Tadjikistan se maintiennent au-dessus du seuil de renouvellement des populations. A l\u2019autre extr\u00e9mit\u00e9 du spectre, le Bhoutan, le N\u00e9pal, le Bangladesh ou encore l\u2019Arabie saoudite pourraient voir leur indice de f\u00e9condit\u00e9 passer au-dessous d\u2019un enfant par femme (ce qui conduit \u00e0 terme \u00e0 une division par deux de la population). \u00ab\u00a0Les implications sont consid\u00e9rables, a d\u00e9clar\u00e9 Natalia V. Bhattacharjee, de l\u2019IHME, coautrice de ces travaux. Ces tendances (\u2026) reconfigureront compl\u00e8tement l\u2019\u00e9conomie mondiale et l\u2019\u00e9quilibre international des pouvoirs et n\u00e9cessiteront une r\u00e9organisation des soci\u00e9t\u00e9s.\u00a0\u00bb A rebours de l\u2019air du temps politique en France et en Europe, la chercheuse anticipe \u00ab\u00a0une concurrence internationale pour attirer les migrants afin de soutenir la croissance \u00e9conomique, alors que le baby-boom se poursuit \u00e0 un rythme soutenu en Afrique subsaharienne\u00a0\u00bb. Passer du refoulement manu militari \u00e0 la concurrence pour attirer les migrants, cela prendra du temps mais cela viendra, selon les scientifiques\u2026<\/p>\n\n\n\n<figure class=\"wp-block-image size-full\"><img loading=\"lazy\" decoding=\"async\" width=\"922\" height=\"764\" src=\"https:\/\/reset.earth\/wp-content\/uploads\/2024\/04\/image-11.png\" alt=\"\" class=\"wp-image-4330\" srcset=\"https:\/\/reset.earth\/wp-content\/uploads\/2024\/04\/image-11.png 922w, https:\/\/reset.earth\/wp-content\/uploads\/2024\/04\/image-11-300x249.png 300w, https:\/\/reset.earth\/wp-content\/uploads\/2024\/04\/image-11-768x636.png 768w\" sizes=\"(max-width: 922px) 100vw, 922px\" \/><\/figure>\n\n\n\n<p>La <strong>star de la semaine<\/strong> est Barack Obama, l\u2019ancien pr\u00e9sident am\u00e9ricain, qui de passage \u00e0 Paris s\u2019est ouvertement moqu\u00e9 des visions d\u2019Elon Musk et autre Jeff Bezos, \u00e9voquant&nbsp; <em>\u00ab&nbsp;les magnats de la Silicon Valley, dont beaucoup construisent des vaisseaux spatiaux (&#8230;) J&rsquo;aime l&rsquo;exploration spatiale, et j&rsquo;attends avec impatience de nous voir arriver sur Mars et au-del\u00e0 (&#8230;) Mais quand j&rsquo;entends certaines personnes dire que le plan est de coloniser Mars parce que l&rsquo;environnement sur la Terre pourrait se d\u00e9grader, qu&rsquo;il deviendrait invivable&#8230; Mais que dites-vous ?!&nbsp;<\/em>\u00bb, s\u2019est enflamm\u00e9 Obama. <em>\u00ab&nbsp;M\u00eame apr\u00e8s une guerre nucl\u00e9aire (\u2026) la Terre serait plus vivable que Mars ! M\u00eame si l&rsquo;on ne faisait rien contre le changement climatique, elle aurait toujours de l&rsquo;oxyg\u00e8ne, et pour ce que l&rsquo;on en sait, Mars non&nbsp;\u00bb<\/em>, a-t-il d\u00e9velopp\u00e9, devant un parterre compos\u00e9 notamment de professionnels des \u00e9nergies renouvelables, rassembl\u00e9s dans l&rsquo;amphith\u00e9\u00e2tre du CNIT de Paris-La D\u00e9fense. Et d\u2019au moins un journaliste de <a href=\"https:\/\/www.francetvinfo.fr\/monde\/environnement\/biodiversite\/presidentielle-americaine-vie-sur-mars-michelle-a-paris-barack-obama-inaugure-un-sommet-sur-la-transition-energetique_6423634.html\">Francetvinfo<\/a>.<\/p>\n\n\n\n<p>La <strong>tribune de la semaine<\/strong> nous a r\u00e9joui, chez (RE)SET, car elle \u00e9mane de sa Pr\u00e9sidente. En mati\u00e8re de transition \u00e9conomique et environnementale, \u00ab\u00a0une radicalit\u00e9 peut en cacher un autre\u00a0\u00bb, \u00e9crit G\u00e9raldine Poivert dans <a href=\"https:\/\/www.lesechos.fr\/idees-debats\/cercle\/opinion-ecologie-une-radicalite-peut-en-cacher-une-autre-2085185\">Les Echos<\/a>. En d\u2019autres termes, il n\u2019est plus temps d\u2019alerter (tout le monde est au courant), ni de d\u00e9battre (les d\u00e9bats ont d\u00e9j\u00e0 eu lieu) mais bien d\u2019agir\u00a0! La difficult\u00e9 de la transition aujourd\u2019hui r\u00e9side pour beaucoup dans le fait que les promesses et les engagements (des Etats, des entreprises, des citoyens) ne sont pas tenus. La vraie radicalit\u00e9, celle qui s&rsquo;attaque \u00e0 la racine, n&rsquo;est-elle pas simplement de cesser de se payer de mot et agir ? Les enjeux sont connus. Les difficult\u00e9s le sont autant. Le cadre juridique est, pour l&rsquo;essentiel, pos\u00e9. De nombreuses solutions, pragmatiques, sont d\u00e9j\u00e0 pr\u00eates. Reste \u00e0 s&rsquo;en saisir, \u00e0 mettre en conformit\u00e9 les actes avec les engagements. Grands capitalistes, gouvernement et militants \u00e9cologistes pourraient se retrouver dans cette radicalit\u00e9-l\u00e0. Celle qui fait concr\u00e8tement avancer les choses. Notre obsession, chez (RE)SET.<\/p>\n\n\n\n<p>La <strong>devinette de la semaine derni\u00e8re<\/strong> n\u2019avait donc aucun rapport avec le film Dune, ni ver g\u00e9ant ni \u00e9pice si l\u2019on creuse. Car il s\u2019agit de la photo prise par satellite d\u2019un d\u00e9sert de Namibie. Si vous souhaitez vous y rendre, c\u2019est ici\u00a0: 24\u00b042\u201951.43\u2033S, 15\u00b029\u201922.71\u2033E.<\/p>\n\n\n\n<figure class=\"wp-block-image size-full\"><img loading=\"lazy\" decoding=\"async\" width=\"638\" height=\"956\" src=\"https:\/\/reset.earth\/wp-content\/uploads\/2024\/04\/image-12.png\" alt=\"\" class=\"wp-image-4331\" srcset=\"https:\/\/reset.earth\/wp-content\/uploads\/2024\/04\/image-12.png 638w, https:\/\/reset.earth\/wp-content\/uploads\/2024\/04\/image-12-200x300.png 200w\" sizes=\"(max-width: 638px) 100vw, 638px\" \/><\/figure>\n\n\n\n<p>La <strong>devinette de cette semaine<\/strong> nous fait revenir en France. Sur cette carte, que pourraient bien repr\u00e9senter ces petits points allant du vert p\u00e2le au rouge\u00a0fonc\u00e9 ? On en compte plus qu\u2019ailleurs en Ard\u00e8che, Pyr\u00e9n\u00e9es-Orientales, Hautes-Alpes et Corse (c\u2019est l\u2019indice).<\/p>\n\n\n\n<figure class=\"wp-block-image size-full\"><img loading=\"lazy\" decoding=\"async\" width=\"906\" height=\"510\" src=\"https:\/\/reset.earth\/wp-content\/uploads\/2024\/04\/image-13.png\" alt=\"\" class=\"wp-image-4332\" srcset=\"https:\/\/reset.earth\/wp-content\/uploads\/2024\/04\/image-13.png 906w, https:\/\/reset.earth\/wp-content\/uploads\/2024\/04\/image-13-300x169.png 300w, https:\/\/reset.earth\/wp-content\/uploads\/2024\/04\/image-13-768x432.png 768w\" sizes=\"(max-width: 906px) 100vw, 906px\" \/><\/figure>\n\n\n\n<p><\/p>\n\n\n\n<p><em>[Pour rappel, (RE)SET, fond\u00e9 en 2019, est le premier cabinet de conseil ind\u00e9pendant d\u00e9di\u00e9 \u00e0 la transition \u00e9conomique et environnementale et taill\u00e9 pour l\u2019action. \u00ab (RE)SET : resources to win environmental and economic battles ! \u00bb Forc\u00e9ment partielle, parfois partiale, toujours engag\u00e9e, cette revue des m\u00e9dias au ton souvent enlev\u00e9, voire impertinent, n\u2019engage aucunement (RE)SET dans ses activit\u00e9s de conseil mais elle brosse un portrait que nous estimons int\u00e9ressant de l\u2019\u00e9tat de la transition telle qu\u2019elle transpara\u00eet dans la presse et les travaux de recherche. Une photographie du d\u00e9bat, des forces en pr\u00e9sence, des oppositions, des convergences, que nous esp\u00e9rons utile \u00e0 vos d\u00e9cisions et \u00e0 la construction de vos strat\u00e9gies de transition.]<\/em><\/p>\n","protected":false},"excerpt":{"rendered":"<p>Aucun lecteur attentif de la Breaking (RE)NEWS ne sera surpris, mais l\u2019ampleur du mouvement interpelle. Plus l\u2019\u00e9ch\u00e9ance des \u00e9lections europ\u00e9ennes approche, plus nos dirigeants europ\u00e9ens semblent effray\u00e9s par leur propre audace pass\u00e9e et s\u2019empressent de d\u00e9tricoter des pans entiers du \u00ab&nbsp;Pacte Vert&nbsp;\u00bb, ou Green Deal, \u00e2prement n\u00e9goci\u00e9s ces derni\u00e8res ann\u00e9es. Qu\u2019on en juge. Depuis le [&hellip;]<\/p>\n","protected":false},"author":1,"featured_media":4405,"comment_status":"open","ping_status":"open","sticky":false,"template":"","format":"standard","meta":{"content-type":"","footnotes":""},"categories":[1],"tags":[33],"class_list":["post-4288","post","type-post","status-publish","format-standard","has-post-thumbnail","hentry","category-breaking-renews","tag-breaking-renews"],"yoast_head":"<!-- This site is optimized with the Yoast SEO plugin v27.4 - https:\/\/yoast.com\/product\/yoast-seo-wordpress\/ -->\n<title>D\u00e9tricotage du Pacte Vert: Enjeu Majeur des \u00c9lections UE<\/title>\n<meta name=\"description\" content=\"L\u2019Europe d\u00e9tricote son Pacte Vert \u00e0 l&#039;approche des \u00e9lections. Analyse des enjeux et impacts sur les politiques environnementales\" \/>\n<meta name=\"robots\" content=\"index, follow, max-snippet:-1, max-image-preview:large, max-video-preview:-1\" \/>\n<link rel=\"canonical\" href=\"https:\/\/reset.earth\/en\/breaking-renews-29-mars\/\" \/>\n<meta property=\"og:locale\" content=\"en_US\" \/>\n<meta property=\"og:type\" content=\"article\" \/>\n<meta property=\"og:title\" content=\"D\u00e9tricotage du Pacte Vert: Enjeu Majeur des \u00c9lections UE\" \/>\n<meta property=\"og:description\" content=\"L\u2019Europe d\u00e9tricote son Pacte Vert \u00e0 l&#039;approche des \u00e9lections. Analyse des enjeux et impacts sur les politiques environnementales\" \/>\n<meta property=\"og:url\" content=\"https:\/\/reset.earth\/en\/breaking-renews-29-mars\/\" \/>\n<meta property=\"og:site_name\" content=\"(RE)SET - Cabinet de conseil en transition \u00e9conomique et environnementale\" \/>\n<meta property=\"article:published_time\" content=\"2024-03-29T09:26:52+00:00\" \/>\n<meta property=\"article:modified_time\" content=\"2025-03-27T14:53:32+00:00\" \/>\n<meta property=\"og:image\" content=\"https:\/\/reset.earth\/wp-content\/uploads\/2024\/04\/Capture-decran-2024-04-03-a-14.30.30.png\" \/>\n\t<meta property=\"og:image:width\" content=\"1108\" \/>\n\t<meta property=\"og:image:height\" content=\"580\" \/>\n\t<meta property=\"og:image:type\" content=\"image\/png\" \/>\n<meta name=\"author\" content=\"rrn46\" \/>\n<meta name=\"twitter:card\" content=\"summary_large_image\" \/>\n<meta name=\"twitter:label1\" content=\"Written by\" \/>\n\t<meta name=\"twitter:data1\" content=\"rrn46\" \/>\n\t<meta name=\"twitter:label2\" content=\"Est. reading time\" \/>\n\t<meta name=\"twitter:data2\" content=\"24 minutes\" \/>\n<script type=\"application\/ld+json\" class=\"yoast-schema-graph\">{\"@context\":\"https:\\\/\\\/schema.org\",\"@graph\":[{\"@type\":\"Article\",\"@id\":\"https:\\\/\\\/reset.earth\\\/breaking-renews-29-mars\\\/#article\",\"isPartOf\":{\"@id\":\"https:\\\/\\\/reset.earth\\\/breaking-renews-29-mars\\\/\"},\"author\":{\"name\":\"rrn46\",\"@id\":\"https:\\\/\\\/reset.earth\\\/#\\\/schema\\\/person\\\/61b723981bbd92aa0a2f1e8180985059\"},\"headline\":\"BREAKING (RE)NEWS 29 MARS\",\"datePublished\":\"2024-03-29T09:26:52+00:00\",\"dateModified\":\"2025-03-27T14:53:32+00:00\",\"mainEntityOfPage\":{\"@id\":\"https:\\\/\\\/reset.earth\\\/breaking-renews-29-mars\\\/\"},\"wordCount\":4360,\"commentCount\":0,\"publisher\":{\"@id\":\"https:\\\/\\\/reset.earth\\\/#organization\"},\"image\":{\"@id\":\"https:\\\/\\\/reset.earth\\\/breaking-renews-29-mars\\\/#primaryimage\"},\"thumbnailUrl\":\"https:\\\/\\\/reset.earth\\\/wp-content\\\/uploads\\\/2024\\\/04\\\/Capture-decran-2024-04-03-a-14.30.30.png\",\"keywords\":[\"Breaking Renews\"],\"articleSection\":[\"Breaking Renews\"],\"inLanguage\":\"en-US\",\"potentialAction\":[{\"@type\":\"CommentAction\",\"name\":\"Comment\",\"target\":[\"https:\\\/\\\/reset.earth\\\/breaking-renews-29-mars\\\/#respond\"]}]},{\"@type\":\"WebPage\",\"@id\":\"https:\\\/\\\/reset.earth\\\/breaking-renews-29-mars\\\/\",\"url\":\"https:\\\/\\\/reset.earth\\\/breaking-renews-29-mars\\\/\",\"name\":\"D\u00e9tricotage du Pacte Vert: Enjeu Majeur des \u00c9lections UE\",\"isPartOf\":{\"@id\":\"https:\\\/\\\/reset.earth\\\/#website\"},\"primaryImageOfPage\":{\"@id\":\"https:\\\/\\\/reset.earth\\\/breaking-renews-29-mars\\\/#primaryimage\"},\"image\":{\"@id\":\"https:\\\/\\\/reset.earth\\\/breaking-renews-29-mars\\\/#primaryimage\"},\"thumbnailUrl\":\"https:\\\/\\\/reset.earth\\\/wp-content\\\/uploads\\\/2024\\\/04\\\/Capture-decran-2024-04-03-a-14.30.30.png\",\"datePublished\":\"2024-03-29T09:26:52+00:00\",\"dateModified\":\"2025-03-27T14:53:32+00:00\",\"description\":\"L\u2019Europe d\u00e9tricote son Pacte Vert \u00e0 l'approche des \u00e9lections. Analyse des enjeux et impacts sur les politiques environnementales\",\"breadcrumb\":{\"@id\":\"https:\\\/\\\/reset.earth\\\/breaking-renews-29-mars\\\/#breadcrumb\"},\"inLanguage\":\"en-US\",\"potentialAction\":[{\"@type\":\"ReadAction\",\"target\":[\"https:\\\/\\\/reset.earth\\\/breaking-renews-29-mars\\\/\"]}]},{\"@type\":\"ImageObject\",\"inLanguage\":\"en-US\",\"@id\":\"https:\\\/\\\/reset.earth\\\/breaking-renews-29-mars\\\/#primaryimage\",\"url\":\"https:\\\/\\\/reset.earth\\\/wp-content\\\/uploads\\\/2024\\\/04\\\/Capture-decran-2024-04-03-a-14.30.30.png\",\"contentUrl\":\"https:\\\/\\\/reset.earth\\\/wp-content\\\/uploads\\\/2024\\\/04\\\/Capture-decran-2024-04-03-a-14.30.30.png\",\"width\":1108,\"height\":580},{\"@type\":\"BreadcrumbList\",\"@id\":\"https:\\\/\\\/reset.earth\\\/breaking-renews-29-mars\\\/#breadcrumb\",\"itemListElement\":[{\"@type\":\"ListItem\",\"position\":1,\"name\":\"Home\",\"item\":\"https:\\\/\\\/reset.earth\\\/\"},{\"@type\":\"ListItem\",\"position\":2,\"name\":\"BREAKING (RE)NEWS 29 MARS\"}]},{\"@type\":\"WebSite\",\"@id\":\"https:\\\/\\\/reset.earth\\\/#website\",\"url\":\"https:\\\/\\\/reset.earth\\\/\",\"name\":\"(RE)SET - 1er cabinet de conseil en transition \u00e9conomique et environnementale\",\"description\":\"Resources to win environmental and economic battles\",\"publisher\":{\"@id\":\"https:\\\/\\\/reset.earth\\\/#organization\"},\"potentialAction\":[{\"@type\":\"SearchAction\",\"target\":{\"@type\":\"EntryPoint\",\"urlTemplate\":\"https:\\\/\\\/reset.earth\\\/?s={search_term_string}\"},\"query-input\":{\"@type\":\"PropertyValueSpecification\",\"valueRequired\":true,\"valueName\":\"search_term_string\"}}],\"inLanguage\":\"en-US\"},{\"@type\":\"Organization\",\"@id\":\"https:\\\/\\\/reset.earth\\\/#organization\",\"name\":\"(RE)SET - 1er cabinet de conseil en transition \u00e9conomique et environnementale\",\"url\":\"https:\\\/\\\/reset.earth\\\/\",\"logo\":{\"@type\":\"ImageObject\",\"inLanguage\":\"en-US\",\"@id\":\"https:\\\/\\\/reset.earth\\\/#\\\/schema\\\/logo\\\/image\\\/\",\"url\":\"https:\\\/\\\/reset.earth\\\/wp-content\\\/uploads\\\/2023\\\/10\\\/DARK-BLUE-RESET.png\",\"contentUrl\":\"https:\\\/\\\/reset.earth\\\/wp-content\\\/uploads\\\/2023\\\/10\\\/DARK-BLUE-RESET.png\",\"width\":1856,\"height\":538,\"caption\":\"(RE)SET - 1er cabinet de conseil en transition \u00e9conomique et environnementale\"},\"image\":{\"@id\":\"https:\\\/\\\/reset.earth\\\/#\\\/schema\\\/logo\\\/image\\\/\"}},{\"@type\":\"Person\",\"@id\":\"https:\\\/\\\/reset.earth\\\/#\\\/schema\\\/person\\\/61b723981bbd92aa0a2f1e8180985059\",\"name\":\"rrn46\",\"image\":{\"@type\":\"ImageObject\",\"inLanguage\":\"en-US\",\"@id\":\"https:\\\/\\\/secure.gravatar.com\\\/avatar\\\/fd3b8b26689fa3743439e0d0fb6ac29090b786fd3dc992a2c46370fa063ef24e?s=96&d=mm&r=g\",\"url\":\"https:\\\/\\\/secure.gravatar.com\\\/avatar\\\/fd3b8b26689fa3743439e0d0fb6ac29090b786fd3dc992a2c46370fa063ef24e?s=96&d=mm&r=g\",\"contentUrl\":\"https:\\\/\\\/secure.gravatar.com\\\/avatar\\\/fd3b8b26689fa3743439e0d0fb6ac29090b786fd3dc992a2c46370fa063ef24e?s=96&d=mm&r=g\",\"caption\":\"rrn46\"},\"sameAs\":[\"https:\\\/\\\/reset.earth\"],\"url\":\"https:\\\/\\\/reset.earth\\\/en\\\/author\\\/rrn46\\\/\"}]}<\/script>\n<!-- \/ Yoast SEO plugin. -->","yoast_head_json":{"title":"D\u00e9tricotage du Pacte Vert: Enjeu Majeur des \u00c9lections UE","description":"L\u2019Europe d\u00e9tricote son Pacte Vert \u00e0 l'approche des \u00e9lections. Analyse des enjeux et impacts sur les politiques environnementales","robots":{"index":"index","follow":"follow","max-snippet":"max-snippet:-1","max-image-preview":"max-image-preview:large","max-video-preview":"max-video-preview:-1"},"canonical":"https:\/\/reset.earth\/en\/breaking-renews-29-mars\/","og_locale":"en_US","og_type":"article","og_title":"D\u00e9tricotage du Pacte Vert: Enjeu Majeur des \u00c9lections UE","og_description":"L\u2019Europe d\u00e9tricote son Pacte Vert \u00e0 l'approche des \u00e9lections. Analyse des enjeux et impacts sur les politiques environnementales","og_url":"https:\/\/reset.earth\/en\/breaking-renews-29-mars\/","og_site_name":"(RE)SET - Cabinet de conseil en transition \u00e9conomique et environnementale","article_published_time":"2024-03-29T09:26:52+00:00","article_modified_time":"2025-03-27T14:53:32+00:00","og_image":[{"width":1108,"height":580,"url":"https:\/\/reset.earth\/wp-content\/uploads\/2024\/04\/Capture-decran-2024-04-03-a-14.30.30.png","type":"image\/png"}],"author":"rrn46","twitter_card":"summary_large_image","twitter_misc":{"Written by":"rrn46","Est. reading time":"24 minutes"},"schema":{"@context":"https:\/\/schema.org","@graph":[{"@type":"Article","@id":"https:\/\/reset.earth\/breaking-renews-29-mars\/#article","isPartOf":{"@id":"https:\/\/reset.earth\/breaking-renews-29-mars\/"},"author":{"name":"rrn46","@id":"https:\/\/reset.earth\/#\/schema\/person\/61b723981bbd92aa0a2f1e8180985059"},"headline":"BREAKING (RE)NEWS 29 MARS","datePublished":"2024-03-29T09:26:52+00:00","dateModified":"2025-03-27T14:53:32+00:00","mainEntityOfPage":{"@id":"https:\/\/reset.earth\/breaking-renews-29-mars\/"},"wordCount":4360,"commentCount":0,"publisher":{"@id":"https:\/\/reset.earth\/#organization"},"image":{"@id":"https:\/\/reset.earth\/breaking-renews-29-mars\/#primaryimage"},"thumbnailUrl":"https:\/\/reset.earth\/wp-content\/uploads\/2024\/04\/Capture-decran-2024-04-03-a-14.30.30.png","keywords":["Breaking Renews"],"articleSection":["Breaking Renews"],"inLanguage":"en-US","potentialAction":[{"@type":"CommentAction","name":"Comment","target":["https:\/\/reset.earth\/breaking-renews-29-mars\/#respond"]}]},{"@type":"WebPage","@id":"https:\/\/reset.earth\/breaking-renews-29-mars\/","url":"https:\/\/reset.earth\/breaking-renews-29-mars\/","name":"D\u00e9tricotage du Pacte Vert: Enjeu Majeur des \u00c9lections UE","isPartOf":{"@id":"https:\/\/reset.earth\/#website"},"primaryImageOfPage":{"@id":"https:\/\/reset.earth\/breaking-renews-29-mars\/#primaryimage"},"image":{"@id":"https:\/\/reset.earth\/breaking-renews-29-mars\/#primaryimage"},"thumbnailUrl":"https:\/\/reset.earth\/wp-content\/uploads\/2024\/04\/Capture-decran-2024-04-03-a-14.30.30.png","datePublished":"2024-03-29T09:26:52+00:00","dateModified":"2025-03-27T14:53:32+00:00","description":"L\u2019Europe d\u00e9tricote son Pacte Vert \u00e0 l'approche des \u00e9lections. Analyse des enjeux et impacts sur les politiques environnementales","breadcrumb":{"@id":"https:\/\/reset.earth\/breaking-renews-29-mars\/#breadcrumb"},"inLanguage":"en-US","potentialAction":[{"@type":"ReadAction","target":["https:\/\/reset.earth\/breaking-renews-29-mars\/"]}]},{"@type":"ImageObject","inLanguage":"en-US","@id":"https:\/\/reset.earth\/breaking-renews-29-mars\/#primaryimage","url":"https:\/\/reset.earth\/wp-content\/uploads\/2024\/04\/Capture-decran-2024-04-03-a-14.30.30.png","contentUrl":"https:\/\/reset.earth\/wp-content\/uploads\/2024\/04\/Capture-decran-2024-04-03-a-14.30.30.png","width":1108,"height":580},{"@type":"BreadcrumbList","@id":"https:\/\/reset.earth\/breaking-renews-29-mars\/#breadcrumb","itemListElement":[{"@type":"ListItem","position":1,"name":"Home","item":"https:\/\/reset.earth\/"},{"@type":"ListItem","position":2,"name":"BREAKING (RE)NEWS 29 MARS"}]},{"@type":"WebSite","@id":"https:\/\/reset.earth\/#website","url":"https:\/\/reset.earth\/","name":"(RE)SET - 1er cabinet de conseil en transition \u00e9conomique et environnementale","description":"Resources to win environmental and economic battles","publisher":{"@id":"https:\/\/reset.earth\/#organization"},"potentialAction":[{"@type":"SearchAction","target":{"@type":"EntryPoint","urlTemplate":"https:\/\/reset.earth\/?s={search_term_string}"},"query-input":{"@type":"PropertyValueSpecification","valueRequired":true,"valueName":"search_term_string"}}],"inLanguage":"en-US"},{"@type":"Organization","@id":"https:\/\/reset.earth\/#organization","name":"(RE)SET - 1er cabinet de conseil en transition \u00e9conomique et environnementale","url":"https:\/\/reset.earth\/","logo":{"@type":"ImageObject","inLanguage":"en-US","@id":"https:\/\/reset.earth\/#\/schema\/logo\/image\/","url":"https:\/\/reset.earth\/wp-content\/uploads\/2023\/10\/DARK-BLUE-RESET.png","contentUrl":"https:\/\/reset.earth\/wp-content\/uploads\/2023\/10\/DARK-BLUE-RESET.png","width":1856,"height":538,"caption":"(RE)SET - 1er cabinet de conseil en transition \u00e9conomique et environnementale"},"image":{"@id":"https:\/\/reset.earth\/#\/schema\/logo\/image\/"}},{"@type":"Person","@id":"https:\/\/reset.earth\/#\/schema\/person\/61b723981bbd92aa0a2f1e8180985059","name":"rrn46","image":{"@type":"ImageObject","inLanguage":"en-US","@id":"https:\/\/secure.gravatar.com\/avatar\/fd3b8b26689fa3743439e0d0fb6ac29090b786fd3dc992a2c46370fa063ef24e?s=96&d=mm&r=g","url":"https:\/\/secure.gravatar.com\/avatar\/fd3b8b26689fa3743439e0d0fb6ac29090b786fd3dc992a2c46370fa063ef24e?s=96&d=mm&r=g","contentUrl":"https:\/\/secure.gravatar.com\/avatar\/fd3b8b26689fa3743439e0d0fb6ac29090b786fd3dc992a2c46370fa063ef24e?s=96&d=mm&r=g","caption":"rrn46"},"sameAs":["https:\/\/reset.earth"],"url":"https:\/\/reset.earth\/en\/author\/rrn46\/"}]}},"_links":{"self":[{"href":"https:\/\/reset.earth\/en\/wp-json\/wp\/v2\/posts\/4288","targetHints":{"allow":["GET"]}}],"collection":[{"href":"https:\/\/reset.earth\/en\/wp-json\/wp\/v2\/posts"}],"about":[{"href":"https:\/\/reset.earth\/en\/wp-json\/wp\/v2\/types\/post"}],"author":[{"embeddable":true,"href":"https:\/\/reset.earth\/en\/wp-json\/wp\/v2\/users\/1"}],"replies":[{"embeddable":true,"href":"https:\/\/reset.earth\/en\/wp-json\/wp\/v2\/comments?post=4288"}],"version-history":[{"count":2,"href":"https:\/\/reset.earth\/en\/wp-json\/wp\/v2\/posts\/4288\/revisions"}],"predecessor-version":[{"id":4403,"href":"https:\/\/reset.earth\/en\/wp-json\/wp\/v2\/posts\/4288\/revisions\/4403"}],"wp:featuredmedia":[{"embeddable":true,"href":"https:\/\/reset.earth\/en\/wp-json\/wp\/v2\/media\/4405"}],"wp:attachment":[{"href":"https:\/\/reset.earth\/en\/wp-json\/wp\/v2\/media?parent=4288"}],"wp:term":[{"taxonomy":"category","embeddable":true,"href":"https:\/\/reset.earth\/en\/wp-json\/wp\/v2\/categories?post=4288"},{"taxonomy":"post_tag","embeddable":true,"href":"https:\/\/reset.earth\/en\/wp-json\/wp\/v2\/tags?post=4288"}],"curies":[{"name":"wp","href":"https:\/\/api.w.org\/{rel}","templated":true}]}}