{"id":5013,"date":"2024-06-14T10:51:40","date_gmt":"2024-06-14T09:51:40","guid":{"rendered":"https:\/\/reset.earth\/?p=5013"},"modified":"2025-03-27T15:50:57","modified_gmt":"2025-03-27T14:50:57","slug":"une-experimentation-ineditepour-accelerer-le-reemploi-des-emballages-alimentaires","status":"publish","type":"post","link":"https:\/\/reset.earth\/en\/une-experimentation-ineditepour-accelerer-le-reemploi-des-emballages-alimentaires\/","title":{"rendered":"Une exp\u00e9rimentation in\u00e9dite pour acc\u00e9l\u00e9rer le r\u00e9emploi des emballages alimentaires"},"content":{"rendered":"<figure class=\"wp-block-image size-large\"><img fetchpriority=\"high\" decoding=\"async\" width=\"1024\" height=\"263\" src=\"https:\/\/reset.earth\/wp-content\/uploads\/2024\/06\/image-1024x263.png\" alt=\"\" class=\"wp-image-5014\" srcset=\"https:\/\/reset.earth\/wp-content\/uploads\/2024\/06\/image-1024x263.png 1024w, https:\/\/reset.earth\/wp-content\/uploads\/2024\/06\/image-300x77.png 300w, https:\/\/reset.earth\/wp-content\/uploads\/2024\/06\/image-768x197.png 768w, https:\/\/reset.earth\/wp-content\/uploads\/2024\/06\/image.png 1480w\" sizes=\"(max-width: 1024px) 100vw, 1024px\" \/><\/figure>\n\n\n\n<p id=\"u2ga9111\">Le consortium R3PACK, compos\u00e9 de plus de 25 partenaires issus de toute la cha\u00eene de valeur agro-alimentaire et coordonn\u00e9 par (RE)SET (cabinet de conseil d\u00e9di\u00e9 \u00e0 la transition environnementale et \u00e9conomique), rel\u00e8ve le d\u00e9fi de l\u2019emballage r\u00e9employable. Tous ensemble, ils ont lanc\u00e9 \u201c<strong>Rapportez-moi pour r\u00e9emploi<\/strong>\u201d pour promouvoir le r\u00e9emploi des emballages alimentaires et faire de la consigne un v\u00e9ritable \u00e9cogeste du quotidien. Une premi\u00e8re exp\u00e9rimentation a \u00e9t\u00e9 lanc\u00e9e ce 7 juin dans 3 magasins Coop\u00e9rative U du Nord de la France.<\/p>\n\n\n\n<p id=\"obc03140\"><strong><em>Cette exp\u00e9rimentation s\u2019int\u00e8gre dans le plan national de r\u00e9duction du plastique<\/em><\/strong> <strong><em>\u00e0 usage unique. Avec la mise en place de la loi anti-gaspillage pour une \u00e9conomie<\/em><\/strong> <strong><em>circulaire (AGEC), la France est le premier pays de l\u2019Union europ\u00e9enne \u00e0 se doter<\/em><\/strong> <strong><em>d\u2019un objectif de sortie des emballages \u00e0 usage unique d\u2019ici 2040<\/em><\/strong><em>.<\/em><\/p>\n\n\n\n<h3 class=\"wp-block-heading has-medium-font-size\"><strong>\u00abRAPPORTEZ-MOI POUR R\u00c9EMPLOI\u00bb EN CHIFFRES ET INFORMATIONS CL\u00c9S<\/strong><\/h3>\n\n\n\n<p id=\"livf7458\"><strong>Un projet Horizon Europe, soutenu par la Commission europ\u00e9enne et Citeo<\/strong><\/p>\n\n\n\n<p id=\"4ye93462\"><strong>+ 25 <\/strong>partenaires \u00e0 date, dont 2 grands distributeurs<\/p>\n\n\n\n<p id=\"ng6tg466\"><strong>3 <\/strong>magasins pilotes en phase 1 (juin 2024), <strong>30<\/strong> en phase 2 (\u00e0 partir de septembre 2024)<\/p>\n\n\n\n<p id=\"fn9aq1176\"><strong>15<\/strong> familles de produits concern\u00e9es<\/p>\n\n\n\n<p id=\"uqu6k476\">Des emballages standardis\u00e9s pour certaines cat\u00e9gories de produits<\/p>\n\n\n\n<figure class=\"wp-block-image size-full\"><img decoding=\"async\" width=\"943\" height=\"1000\" src=\"https:\/\/reset.earth\/wp-content\/uploads\/2024\/06\/image-1.png\" alt=\"\" class=\"wp-image-5015\" srcset=\"https:\/\/reset.earth\/wp-content\/uploads\/2024\/06\/image-1.png 943w, https:\/\/reset.earth\/wp-content\/uploads\/2024\/06\/image-1-283x300.png 283w, https:\/\/reset.earth\/wp-content\/uploads\/2024\/06\/image-1-768x814.png 768w\" sizes=\"(max-width: 943px) 100vw, 943px\" \/><\/figure>\n\n\n\n<h3 class=\"wp-block-heading\" id=\"ijlv21985\"><strong>UNE INITIATIVE POUR D\u00c9VELOPPER LE R\u00c9EMPLOI DANS LA GRANDE DISTRIBUTION AVEC UNE APPROCHE SIMPLE POUR LES CONSOMMATEURS<\/strong><\/h3>\n\n\n\n<p id=\"j00s92273\">Autour de Coop\u00e9rative U et Carrefour pour la distribution, des industriels Altho-Brets, Biscuits Bouvard, ECLOR Boissons, Eurial, Europe Snacks, Florette, Laiteries H. Triballat Rians, Lesieur, Les Crudettes, LSDH, Monin, Schreiber, Sodebo s\u2019unissent pour<strong> r\u00e9pondre \u00e0 un enjeu de soci\u00e9t\u00e9 majeur : r\u00e9duire l\u2019impact environnemental des emballages de produits alimentaires<\/strong>. Conscients de l\u2019urgence environnementale et des attentes des consommateurs, ils encouragent l\u2019utilisation d\u2019emballages r\u00e9employables qui devront r\u00e9sister \u00e0 plusieurs cycles d\u2019utilisation.<\/p>\n\n\n\n<p id=\"og9rj3311\"><strong>L\u2019objectif est d\u2019offrir aux consommateurs une large gamme de produits alimentaires du quotidien dans des emballages qu\u2019ils pourront rapporter facilement, dans n\u2019importe quelle enseigne partenaire du projet, en vue de leur r\u00e9emploi.<\/strong> Les contenants d\u00e9pos\u00e9s dans les bornes seront collect\u00e9s puis lav\u00e9s. Lorsque tous les tests de qualit\u00e9 et de s\u00e9curit\u00e9 alimentaire auront \u00e9t\u00e9 valid\u00e9s, les contenants seront remplis \u00e0 nouveau par les industriels, puis remis en rayon.<\/p>\n\n\n\n<h3 class=\"wp-block-heading\" id=\"pt8wl4237\"><strong>CONCR\u00c8TEMENT, COMMENT \u00c7A MARCHE ?<\/strong><\/h3>\n\n\n\n<figure class=\"wp-block-image size-large\"><img decoding=\"async\" width=\"724\" height=\"1024\" src=\"https:\/\/reset.earth\/wp-content\/uploads\/2024\/06\/image-2-724x1024.png\" alt=\"\" class=\"wp-image-5016\" srcset=\"https:\/\/reset.earth\/wp-content\/uploads\/2024\/06\/image-2-724x1024.png 724w, https:\/\/reset.earth\/wp-content\/uploads\/2024\/06\/image-2-212x300.png 212w, https:\/\/reset.earth\/wp-content\/uploads\/2024\/06\/image-2-768x1087.png 768w, https:\/\/reset.earth\/wp-content\/uploads\/2024\/06\/image-2.png 1005w\" sizes=\"(max-width: 724px) 100vw, 724px\" \/><\/figure>\n\n\n\n<p id=\"4qxrx5397\"><em>Pour retrouver la liste des magasins et produits concern\u00e9s :<\/em> <\/p>\n\n\n\n<figure class=\"wp-block-embed is-type-wp-embed is-provider-rapporte-moi wp-block-embed-rapporte-moi\"><div class=\"wp-block-embed__wrapper\">\n<blockquote class=\"wp-embedded-content\" data-secret=\"DkEamjJlZS\"><a href=\"https:\/\/rapportemoi.com\/\">Home<\/a><\/blockquote><iframe class=\"wp-embedded-content\" sandbox=\"allow-scripts\" security=\"restricted\" style=\"position: absolute; clip: rect(1px, 1px, 1px, 1px);\" title=\"\u00ab\u00a0Home\u00a0\u00bb &#8212; Rapporte-moi\" src=\"https:\/\/rapportemoi.com\/embed\/#?secret=5p9TfMi35K#?secret=DkEamjJlZS\" data-secret=\"DkEamjJlZS\" width=\"600\" height=\"338\" frameborder=\"0\" marginwidth=\"0\" marginheight=\"0\" scrolling=\"no\"><\/iframe>\n<\/div><\/figure>\n\n\n\n<h3 class=\"wp-block-heading\" id=\"knfht5581\"><strong>\u201cRAPPORTEZ-MOI POUR R\u00c9EMPLOI\u201d: D\u00c9MARRE DANS LE NORD<\/strong><\/h3>\n\n\n\n<p id=\"e0zhq5916\">Ce projet ambitieux, soutenu par la Commission europ\u00e9enne et Citeo, a d\u00e9marr\u00e9 le 7 juin par <strong>une exp\u00e9rimentation dans trois magasins Coop\u00e9rative U du Nord de la France (Lille-La Madeleine, Merville, Grand-Fort-Philippe)<\/strong>. Le but est d\u2019offrir aux clients un large assortiment de produits alimentaires du quotidien dont les emballages r\u00e9pondent aux conditions du r\u00e9emploi. Des bornes de collecte, d\u00e9j\u00e0 exp\u00e9riment\u00e9es avec succ\u00e8s par Carrefour dans l\u2019hypermarch\u00e9 de Montesson, ont \u00e9t\u00e9 install\u00e9es, leur permettant de rapporter les emballages apr\u00e8s consommation. Tr\u00e8s simples d\u2019utilisation, elles \u00e9mettent un bon d\u2019achat du montant de leurs consignes ou un remboursement par carte bancaire \u00e0 tous ceux qui viennent d\u00e9poser leurs emballages.<\/p>\n\n\n\n<p id=\"r3eqq5984\"><strong>Au d\u00e9marrage, 8 r\u00e9f\u00e9rences sont disponibles.<\/strong><\/p>\n\n\n\n<p id=\"ggtet5986\"><strong>\u00c0 partir de septembre 2024, pour la seconde phase de d\u00e9ploiement, 12 magasins Coop\u00e9rative U suppl\u00e9mentaires et 15 magasins Carrefour proposeront ce service<\/strong>, avec une gamme de produits aux emballages r\u00e9employables \u00e9tendue issue de nombreux rayons : le frais, la cr\u00e8merie, l\u2019\u00e9picerie sucr\u00e9e ou sal\u00e9e, les boissons.<\/p>\n\n\n\n<p id=\"mb3qw8332\">Les emballages seront en verre ou en plastique, grande nouveaut\u00e9 au sein de l\u2019\u00e9cosyst\u00e8me du r\u00e9emploi. <strong>L\u2019objectif de cette exp\u00e9rimentation est d\u2019\u00e9largir les apprentissages sur l\u2019attractivit\u00e9 du r\u00e9emploi sur une large gamme de produits et de<\/strong> <strong>mesurer les indicateurs cl\u00e9s de performance<\/strong> du r\u00e9emploi (taux de retour, efficacit\u00e9 du lavage, rotation des emballages, logistique, \u2026).<\/p>\n\n\n\n<figure class=\"wp-block-image size-large\"><img loading=\"lazy\" decoding=\"async\" width=\"930\" height=\"1024\" src=\"https:\/\/reset.earth\/wp-content\/uploads\/2024\/06\/image-3-930x1024.png\" alt=\"\" class=\"wp-image-5017\" srcset=\"https:\/\/reset.earth\/wp-content\/uploads\/2024\/06\/image-3-930x1024.png 930w, https:\/\/reset.earth\/wp-content\/uploads\/2024\/06\/image-3-272x300.png 272w, https:\/\/reset.earth\/wp-content\/uploads\/2024\/06\/image-3-768x846.png 768w, https:\/\/reset.earth\/wp-content\/uploads\/2024\/06\/image-3.png 1059w\" sizes=\"(max-width: 930px) 100vw, 930px\" \/><\/figure>\n\n\n\n<h3 class=\"wp-block-heading\" id=\"55p0z4986\"><strong>UN COLLECTIF ENGAG\u00c9 DANS UNE D\u00c9MARCHE D\u2019\u00c9CONOMIE CIRCULAIRE<\/strong><\/h3>\n\n\n\n<p id=\"j9h029622\">L\u2019\u00e9conomie circulaire est un enjeu majeur pour l\u2019industrie agroalimentaire, de la production \u00e0 la distribution. Les acteurs doivent repenser leurs m\u00e9thodes, leurs fonctionnements, mais aussi accompagner les changements de comportement des consommateurs.<strong> Cet engagement collectif permet d\u2019int\u00e9grer davantage de produits,<\/strong> <strong>de d\u00e9velopper des emballages communs, de proposer la collecte de nombreux emballages diff\u00e9rents et dans des lieux vari\u00e9s, interop\u00e9rables.<\/strong> La standardisation des emballages et la mutualisation des flux permettra de massifier rapidement les volumes trait\u00e9s et d\u2019atteindre des \u00e9conomies d\u2019\u00e9chelle.<\/p>\n\n\n\n<div class=\"wp-block-columns is-layout-flex wp-container-core-columns-is-layout-28f84493 wp-block-columns-is-layout-flex\">\n<div class=\"wp-block-column is-vertically-aligned-center is-layout-flow wp-block-column-is-layout-flow\" style=\"flex-basis:30%\">\n<figure class=\"wp-block-image size-full is-resized\"><img loading=\"lazy\" decoding=\"async\" width=\"385\" height=\"600\" src=\"https:\/\/reset.earth\/wp-content\/uploads\/2024\/06\/image-4.png\" alt=\"\" class=\"wp-image-5018\" style=\"width:239px;height:auto\" srcset=\"https:\/\/reset.earth\/wp-content\/uploads\/2024\/06\/image-4.png 385w, https:\/\/reset.earth\/wp-content\/uploads\/2024\/06\/image-4-193x300.png 193w\" sizes=\"(max-width: 385px) 100vw, 385px\" \/><\/figure>\n\n\n\n<p id=\"xjycv14550\"><\/p>\n<\/div>\n\n\n\n<div class=\"wp-block-column is-vertically-aligned-center is-layout-flow wp-block-column-is-layout-flow\" style=\"flex-basis:70%\">\n<p>\u201cLa transition environnementale et \u00e9conomique n\u2019est pas une option car nos ressources sont limit\u00e9es, notre \u00e9nergie trop carbon\u00e9e et nos pollutions exponentielles. Moins de 7% de notre \u00e9conomie est circulaire et nous aurons en quelques d\u00e9cennies consommer plus de terres rares que depuis le d\u00e9but de l\u2019humanit\u00e9. Pour autant, si le constat est sans appel, transformer est un d\u00e9fi complexe qui suppose la coop\u00e9tition entre acteurs d\u2019une m\u00eame chaine de valeur, refonder les mod\u00e8les industriels de production, les exp\u00e9riences clients et marketing en conciliant fin du monde et fin du mois ! Changer un emballage n\u2019est en rien simple ! Coup de chapeau aux 20 acteurs qui le font ici en direct, avec \u00e9nergie et pour de vrai ! Nous souhaitons que les consommateurs soient nombreux \u00e0 pl\u00e9bisciter ces nouveaux contenants en nous aidant encore \u00e0 am\u00e9liorer le dispositif ! La diff\u00e9rence entre dire et faire, c\u2019est faire !\u201d d\u00e9clare <strong>G\u00e9raldine Poivert, pr\u00e9sidente et cofondatrice de (RE)SET.<\/strong><\/p>\n<\/div>\n<\/div>\n\n\n\n<figure class=\"wp-block-image size-large\"><img loading=\"lazy\" decoding=\"async\" width=\"1024\" height=\"149\" src=\"https:\/\/reset.earth\/wp-content\/uploads\/2024\/06\/image-5-1024x149.png\" alt=\"\" class=\"wp-image-5019\" srcset=\"https:\/\/reset.earth\/wp-content\/uploads\/2024\/06\/image-5-1024x149.png 1024w, https:\/\/reset.earth\/wp-content\/uploads\/2024\/06\/image-5-300x44.png 300w, https:\/\/reset.earth\/wp-content\/uploads\/2024\/06\/image-5-768x112.png 768w, https:\/\/reset.earth\/wp-content\/uploads\/2024\/06\/image-5.png 1480w\" sizes=\"(max-width: 1024px) 100vw, 1024px\" \/><\/figure>","protected":false},"excerpt":{"rendered":"<p>Le consortium R3PACK, compos\u00e9 de plus de 25 partenaires issus de toute la cha\u00eene de valeur agro-alimentaire et coordonn\u00e9 par (RE)SET (cabinet de conseil d\u00e9di\u00e9 \u00e0 la transition environnementale et \u00e9conomique), rel\u00e8ve le d\u00e9fi de l\u2019emballage r\u00e9employable. Tous ensemble, ils ont lanc\u00e9 \u201cRapportez-moi pour r\u00e9emploi\u201d pour promouvoir le r\u00e9emploi des emballages alimentaires et faire de [&hellip;]<\/p>\n","protected":false},"author":1,"featured_media":5014,"comment_status":"open","ping_status":"open","sticky":false,"template":"","format":"standard","meta":{"content-type":"","footnotes":""},"categories":[1],"tags":[33],"class_list":["post-5013","post","type-post","status-publish","format-standard","has-post-thumbnail","hentry","category-breaking-renews","tag-breaking-renews"],"yoast_head":"<!-- This site is optimized with the Yoast SEO plugin v27.4 - https:\/\/yoast.com\/product\/yoast-seo-wordpress\/ -->\n<title>Une exp\u00e9rimentation in\u00e9dite pour acc\u00e9l\u00e9rer le r\u00e9emploi des emballages alimentaires - (RE)SET - Cabinet de conseil en transition \u00e9conomique et environnementale<\/title>\n<meta name=\"robots\" content=\"index, follow, max-snippet:-1, max-image-preview:large, max-video-preview:-1\" \/>\n<link rel=\"canonical\" href=\"https:\/\/reset.earth\/en\/une-experimentation-ineditepour-accelerer-le-reemploi-des-emballages-alimentaires\/\" \/>\n<meta property=\"og:locale\" content=\"en_US\" \/>\n<meta property=\"og:type\" content=\"article\" \/>\n<meta property=\"og:title\" content=\"Une exp\u00e9rimentation in\u00e9dite pour acc\u00e9l\u00e9rer le r\u00e9emploi des emballages alimentaires - (RE)SET - Cabinet de conseil en transition \u00e9conomique et environnementale\" \/>\n<meta property=\"og:description\" content=\"Le consortium R3PACK, compos\u00e9 de plus de 25 partenaires issus de toute la cha\u00eene de valeur agro-alimentaire et coordonn\u00e9 par (RE)SET (cabinet de conseil d\u00e9di\u00e9 \u00e0 la transition environnementale et \u00e9conomique), rel\u00e8ve le d\u00e9fi de l\u2019emballage r\u00e9employable. Tous ensemble, ils ont lanc\u00e9 \u201cRapportez-moi pour r\u00e9emploi\u201d pour promouvoir le r\u00e9emploi des emballages alimentaires et faire de [&hellip;]\" \/>\n<meta property=\"og:url\" content=\"https:\/\/reset.earth\/en\/une-experimentation-ineditepour-accelerer-le-reemploi-des-emballages-alimentaires\/\" \/>\n<meta property=\"og:site_name\" content=\"(RE)SET - Cabinet de conseil en transition \u00e9conomique et environnementale\" \/>\n<meta property=\"article:published_time\" content=\"2024-06-14T09:51:40+00:00\" \/>\n<meta property=\"article:modified_time\" content=\"2025-03-27T14:50:57+00:00\" \/>\n<meta property=\"og:image\" content=\"https:\/\/reset.earth\/wp-content\/uploads\/2024\/06\/image.png\" \/>\n\t<meta property=\"og:image:width\" content=\"1480\" \/>\n\t<meta property=\"og:image:height\" content=\"380\" \/>\n\t<meta property=\"og:image:type\" content=\"image\/png\" \/>\n<meta name=\"author\" content=\"rrn46\" \/>\n<meta name=\"twitter:card\" content=\"summary_large_image\" \/>\n<meta name=\"twitter:label1\" content=\"Written by\" \/>\n\t<meta name=\"twitter:data1\" content=\"rrn46\" \/>\n\t<meta name=\"twitter:label2\" content=\"Est. reading time\" \/>\n\t<meta name=\"twitter:data2\" content=\"6 minutes\" \/>\n<script type=\"application\/ld+json\" class=\"yoast-schema-graph\">{\"@context\":\"https:\\\/\\\/schema.org\",\"@graph\":[{\"@type\":\"Article\",\"@id\":\"https:\\\/\\\/reset.earth\\\/une-experimentation-ineditepour-accelerer-le-reemploi-des-emballages-alimentaires\\\/#article\",\"isPartOf\":{\"@id\":\"https:\\\/\\\/reset.earth\\\/une-experimentation-ineditepour-accelerer-le-reemploi-des-emballages-alimentaires\\\/\"},\"author\":{\"name\":\"rrn46\",\"@id\":\"https:\\\/\\\/reset.earth\\\/#\\\/schema\\\/person\\\/61b723981bbd92aa0a2f1e8180985059\"},\"headline\":\"Une exp\u00e9rimentation in\u00e9dite pour acc\u00e9l\u00e9rer le r\u00e9emploi des emballages alimentaires\",\"datePublished\":\"2024-06-14T09:51:40+00:00\",\"dateModified\":\"2025-03-27T14:50:57+00:00\",\"mainEntityOfPage\":{\"@id\":\"https:\\\/\\\/reset.earth\\\/une-experimentation-ineditepour-accelerer-le-reemploi-des-emballages-alimentaires\\\/\"},\"wordCount\":931,\"commentCount\":0,\"publisher\":{\"@id\":\"https:\\\/\\\/reset.earth\\\/#organization\"},\"image\":{\"@id\":\"https:\\\/\\\/reset.earth\\\/une-experimentation-ineditepour-accelerer-le-reemploi-des-emballages-alimentaires\\\/#primaryimage\"},\"thumbnailUrl\":\"https:\\\/\\\/reset.earth\\\/wp-content\\\/uploads\\\/2024\\\/06\\\/image.png\",\"keywords\":[\"Breaking Renews\"],\"articleSection\":[\"Breaking Renews\"],\"inLanguage\":\"en-US\",\"potentialAction\":[{\"@type\":\"CommentAction\",\"name\":\"Comment\",\"target\":[\"https:\\\/\\\/reset.earth\\\/une-experimentation-ineditepour-accelerer-le-reemploi-des-emballages-alimentaires\\\/#respond\"]}]},{\"@type\":\"WebPage\",\"@id\":\"https:\\\/\\\/reset.earth\\\/une-experimentation-ineditepour-accelerer-le-reemploi-des-emballages-alimentaires\\\/\",\"url\":\"https:\\\/\\\/reset.earth\\\/une-experimentation-ineditepour-accelerer-le-reemploi-des-emballages-alimentaires\\\/\",\"name\":\"Une exp\u00e9rimentation in\u00e9dite pour acc\u00e9l\u00e9rer le r\u00e9emploi des emballages alimentaires - (RE)SET - Cabinet de conseil en transition \u00e9conomique et environnementale\",\"isPartOf\":{\"@id\":\"https:\\\/\\\/reset.earth\\\/#website\"},\"primaryImageOfPage\":{\"@id\":\"https:\\\/\\\/reset.earth\\\/une-experimentation-ineditepour-accelerer-le-reemploi-des-emballages-alimentaires\\\/#primaryimage\"},\"image\":{\"@id\":\"https:\\\/\\\/reset.earth\\\/une-experimentation-ineditepour-accelerer-le-reemploi-des-emballages-alimentaires\\\/#primaryimage\"},\"thumbnailUrl\":\"https:\\\/\\\/reset.earth\\\/wp-content\\\/uploads\\\/2024\\\/06\\\/image.png\",\"datePublished\":\"2024-06-14T09:51:40+00:00\",\"dateModified\":\"2025-03-27T14:50:57+00:00\",\"breadcrumb\":{\"@id\":\"https:\\\/\\\/reset.earth\\\/une-experimentation-ineditepour-accelerer-le-reemploi-des-emballages-alimentaires\\\/#breadcrumb\"},\"inLanguage\":\"en-US\",\"potentialAction\":[{\"@type\":\"ReadAction\",\"target\":[\"https:\\\/\\\/reset.earth\\\/une-experimentation-ineditepour-accelerer-le-reemploi-des-emballages-alimentaires\\\/\"]}]},{\"@type\":\"ImageObject\",\"inLanguage\":\"en-US\",\"@id\":\"https:\\\/\\\/reset.earth\\\/une-experimentation-ineditepour-accelerer-le-reemploi-des-emballages-alimentaires\\\/#primaryimage\",\"url\":\"https:\\\/\\\/reset.earth\\\/wp-content\\\/uploads\\\/2024\\\/06\\\/image.png\",\"contentUrl\":\"https:\\\/\\\/reset.earth\\\/wp-content\\\/uploads\\\/2024\\\/06\\\/image.png\",\"width\":1480,\"height\":380},{\"@type\":\"BreadcrumbList\",\"@id\":\"https:\\\/\\\/reset.earth\\\/une-experimentation-ineditepour-accelerer-le-reemploi-des-emballages-alimentaires\\\/#breadcrumb\",\"itemListElement\":[{\"@type\":\"ListItem\",\"position\":1,\"name\":\"Home\",\"item\":\"https:\\\/\\\/reset.earth\\\/\"},{\"@type\":\"ListItem\",\"position\":2,\"name\":\"Une exp\u00e9rimentation in\u00e9dite pour acc\u00e9l\u00e9rer le r\u00e9emploi des emballages alimentaires\"}]},{\"@type\":\"WebSite\",\"@id\":\"https:\\\/\\\/reset.earth\\\/#website\",\"url\":\"https:\\\/\\\/reset.earth\\\/\",\"name\":\"(RE)SET - 1er cabinet de conseil en transition \u00e9conomique et environnementale\",\"description\":\"Resources to win environmental and economic battles\",\"publisher\":{\"@id\":\"https:\\\/\\\/reset.earth\\\/#organization\"},\"potentialAction\":[{\"@type\":\"SearchAction\",\"target\":{\"@type\":\"EntryPoint\",\"urlTemplate\":\"https:\\\/\\\/reset.earth\\\/?s={search_term_string}\"},\"query-input\":{\"@type\":\"PropertyValueSpecification\",\"valueRequired\":true,\"valueName\":\"search_term_string\"}}],\"inLanguage\":\"en-US\"},{\"@type\":\"Organization\",\"@id\":\"https:\\\/\\\/reset.earth\\\/#organization\",\"name\":\"(RE)SET - 1er cabinet de conseil en transition \u00e9conomique et environnementale\",\"url\":\"https:\\\/\\\/reset.earth\\\/\",\"logo\":{\"@type\":\"ImageObject\",\"inLanguage\":\"en-US\",\"@id\":\"https:\\\/\\\/reset.earth\\\/#\\\/schema\\\/logo\\\/image\\\/\",\"url\":\"https:\\\/\\\/reset.earth\\\/wp-content\\\/uploads\\\/2023\\\/10\\\/DARK-BLUE-RESET.png\",\"contentUrl\":\"https:\\\/\\\/reset.earth\\\/wp-content\\\/uploads\\\/2023\\\/10\\\/DARK-BLUE-RESET.png\",\"width\":1856,\"height\":538,\"caption\":\"(RE)SET - 1er cabinet de conseil en transition \u00e9conomique et environnementale\"},\"image\":{\"@id\":\"https:\\\/\\\/reset.earth\\\/#\\\/schema\\\/logo\\\/image\\\/\"}},{\"@type\":\"Person\",\"@id\":\"https:\\\/\\\/reset.earth\\\/#\\\/schema\\\/person\\\/61b723981bbd92aa0a2f1e8180985059\",\"name\":\"rrn46\",\"image\":{\"@type\":\"ImageObject\",\"inLanguage\":\"en-US\",\"@id\":\"https:\\\/\\\/secure.gravatar.com\\\/avatar\\\/fd3b8b26689fa3743439e0d0fb6ac29090b786fd3dc992a2c46370fa063ef24e?s=96&d=mm&r=g\",\"url\":\"https:\\\/\\\/secure.gravatar.com\\\/avatar\\\/fd3b8b26689fa3743439e0d0fb6ac29090b786fd3dc992a2c46370fa063ef24e?s=96&d=mm&r=g\",\"contentUrl\":\"https:\\\/\\\/secure.gravatar.com\\\/avatar\\\/fd3b8b26689fa3743439e0d0fb6ac29090b786fd3dc992a2c46370fa063ef24e?s=96&d=mm&r=g\",\"caption\":\"rrn46\"},\"sameAs\":[\"https:\\\/\\\/reset.earth\"],\"url\":\"https:\\\/\\\/reset.earth\\\/en\\\/author\\\/rrn46\\\/\"}]}<\/script>\n<!-- \/ Yoast SEO plugin. -->","yoast_head_json":{"title":"Une exp\u00e9rimentation in\u00e9dite pour acc\u00e9l\u00e9rer le r\u00e9emploi des emballages alimentaires - (RE)SET - Cabinet de conseil en transition \u00e9conomique et environnementale","robots":{"index":"index","follow":"follow","max-snippet":"max-snippet:-1","max-image-preview":"max-image-preview:large","max-video-preview":"max-video-preview:-1"},"canonical":"https:\/\/reset.earth\/en\/une-experimentation-ineditepour-accelerer-le-reemploi-des-emballages-alimentaires\/","og_locale":"en_US","og_type":"article","og_title":"Une exp\u00e9rimentation in\u00e9dite pour acc\u00e9l\u00e9rer le r\u00e9emploi des emballages alimentaires - (RE)SET - Cabinet de conseil en transition \u00e9conomique et environnementale","og_description":"Le consortium R3PACK, compos\u00e9 de plus de 25 partenaires issus de toute la cha\u00eene de valeur agro-alimentaire et coordonn\u00e9 par (RE)SET (cabinet de conseil d\u00e9di\u00e9 \u00e0 la transition environnementale et \u00e9conomique), rel\u00e8ve le d\u00e9fi de l\u2019emballage r\u00e9employable. Tous ensemble, ils ont lanc\u00e9 \u201cRapportez-moi pour r\u00e9emploi\u201d pour promouvoir le r\u00e9emploi des emballages alimentaires et faire de [&hellip;]","og_url":"https:\/\/reset.earth\/en\/une-experimentation-ineditepour-accelerer-le-reemploi-des-emballages-alimentaires\/","og_site_name":"(RE)SET - Cabinet de conseil en transition \u00e9conomique et environnementale","article_published_time":"2024-06-14T09:51:40+00:00","article_modified_time":"2025-03-27T14:50:57+00:00","og_image":[{"width":1480,"height":380,"url":"https:\/\/reset.earth\/wp-content\/uploads\/2024\/06\/image.png","type":"image\/png"}],"author":"rrn46","twitter_card":"summary_large_image","twitter_misc":{"Written by":"rrn46","Est. reading time":"6 minutes"},"schema":{"@context":"https:\/\/schema.org","@graph":[{"@type":"Article","@id":"https:\/\/reset.earth\/une-experimentation-ineditepour-accelerer-le-reemploi-des-emballages-alimentaires\/#article","isPartOf":{"@id":"https:\/\/reset.earth\/une-experimentation-ineditepour-accelerer-le-reemploi-des-emballages-alimentaires\/"},"author":{"name":"rrn46","@id":"https:\/\/reset.earth\/#\/schema\/person\/61b723981bbd92aa0a2f1e8180985059"},"headline":"Une exp\u00e9rimentation in\u00e9dite pour acc\u00e9l\u00e9rer le r\u00e9emploi des emballages alimentaires","datePublished":"2024-06-14T09:51:40+00:00","dateModified":"2025-03-27T14:50:57+00:00","mainEntityOfPage":{"@id":"https:\/\/reset.earth\/une-experimentation-ineditepour-accelerer-le-reemploi-des-emballages-alimentaires\/"},"wordCount":931,"commentCount":0,"publisher":{"@id":"https:\/\/reset.earth\/#organization"},"image":{"@id":"https:\/\/reset.earth\/une-experimentation-ineditepour-accelerer-le-reemploi-des-emballages-alimentaires\/#primaryimage"},"thumbnailUrl":"https:\/\/reset.earth\/wp-content\/uploads\/2024\/06\/image.png","keywords":["Breaking Renews"],"articleSection":["Breaking Renews"],"inLanguage":"en-US","potentialAction":[{"@type":"CommentAction","name":"Comment","target":["https:\/\/reset.earth\/une-experimentation-ineditepour-accelerer-le-reemploi-des-emballages-alimentaires\/#respond"]}]},{"@type":"WebPage","@id":"https:\/\/reset.earth\/une-experimentation-ineditepour-accelerer-le-reemploi-des-emballages-alimentaires\/","url":"https:\/\/reset.earth\/une-experimentation-ineditepour-accelerer-le-reemploi-des-emballages-alimentaires\/","name":"Une exp\u00e9rimentation in\u00e9dite pour acc\u00e9l\u00e9rer le r\u00e9emploi des emballages alimentaires - (RE)SET - Cabinet de conseil en transition \u00e9conomique et environnementale","isPartOf":{"@id":"https:\/\/reset.earth\/#website"},"primaryImageOfPage":{"@id":"https:\/\/reset.earth\/une-experimentation-ineditepour-accelerer-le-reemploi-des-emballages-alimentaires\/#primaryimage"},"image":{"@id":"https:\/\/reset.earth\/une-experimentation-ineditepour-accelerer-le-reemploi-des-emballages-alimentaires\/#primaryimage"},"thumbnailUrl":"https:\/\/reset.earth\/wp-content\/uploads\/2024\/06\/image.png","datePublished":"2024-06-14T09:51:40+00:00","dateModified":"2025-03-27T14:50:57+00:00","breadcrumb":{"@id":"https:\/\/reset.earth\/une-experimentation-ineditepour-accelerer-le-reemploi-des-emballages-alimentaires\/#breadcrumb"},"inLanguage":"en-US","potentialAction":[{"@type":"ReadAction","target":["https:\/\/reset.earth\/une-experimentation-ineditepour-accelerer-le-reemploi-des-emballages-alimentaires\/"]}]},{"@type":"ImageObject","inLanguage":"en-US","@id":"https:\/\/reset.earth\/une-experimentation-ineditepour-accelerer-le-reemploi-des-emballages-alimentaires\/#primaryimage","url":"https:\/\/reset.earth\/wp-content\/uploads\/2024\/06\/image.png","contentUrl":"https:\/\/reset.earth\/wp-content\/uploads\/2024\/06\/image.png","width":1480,"height":380},{"@type":"BreadcrumbList","@id":"https:\/\/reset.earth\/une-experimentation-ineditepour-accelerer-le-reemploi-des-emballages-alimentaires\/#breadcrumb","itemListElement":[{"@type":"ListItem","position":1,"name":"Home","item":"https:\/\/reset.earth\/"},{"@type":"ListItem","position":2,"name":"Une exp\u00e9rimentation in\u00e9dite pour acc\u00e9l\u00e9rer le r\u00e9emploi des emballages alimentaires"}]},{"@type":"WebSite","@id":"https:\/\/reset.earth\/#website","url":"https:\/\/reset.earth\/","name":"(RE)SET - 1er cabinet de conseil en transition \u00e9conomique et environnementale","description":"Resources to win environmental and economic battles","publisher":{"@id":"https:\/\/reset.earth\/#organization"},"potentialAction":[{"@type":"SearchAction","target":{"@type":"EntryPoint","urlTemplate":"https:\/\/reset.earth\/?s={search_term_string}"},"query-input":{"@type":"PropertyValueSpecification","valueRequired":true,"valueName":"search_term_string"}}],"inLanguage":"en-US"},{"@type":"Organization","@id":"https:\/\/reset.earth\/#organization","name":"(RE)SET - 1er cabinet de conseil en transition \u00e9conomique et environnementale","url":"https:\/\/reset.earth\/","logo":{"@type":"ImageObject","inLanguage":"en-US","@id":"https:\/\/reset.earth\/#\/schema\/logo\/image\/","url":"https:\/\/reset.earth\/wp-content\/uploads\/2023\/10\/DARK-BLUE-RESET.png","contentUrl":"https:\/\/reset.earth\/wp-content\/uploads\/2023\/10\/DARK-BLUE-RESET.png","width":1856,"height":538,"caption":"(RE)SET - 1er cabinet de conseil en transition \u00e9conomique et environnementale"},"image":{"@id":"https:\/\/reset.earth\/#\/schema\/logo\/image\/"}},{"@type":"Person","@id":"https:\/\/reset.earth\/#\/schema\/person\/61b723981bbd92aa0a2f1e8180985059","name":"rrn46","image":{"@type":"ImageObject","inLanguage":"en-US","@id":"https:\/\/secure.gravatar.com\/avatar\/fd3b8b26689fa3743439e0d0fb6ac29090b786fd3dc992a2c46370fa063ef24e?s=96&d=mm&r=g","url":"https:\/\/secure.gravatar.com\/avatar\/fd3b8b26689fa3743439e0d0fb6ac29090b786fd3dc992a2c46370fa063ef24e?s=96&d=mm&r=g","contentUrl":"https:\/\/secure.gravatar.com\/avatar\/fd3b8b26689fa3743439e0d0fb6ac29090b786fd3dc992a2c46370fa063ef24e?s=96&d=mm&r=g","caption":"rrn46"},"sameAs":["https:\/\/reset.earth"],"url":"https:\/\/reset.earth\/en\/author\/rrn46\/"}]}},"_links":{"self":[{"href":"https:\/\/reset.earth\/en\/wp-json\/wp\/v2\/posts\/5013","targetHints":{"allow":["GET"]}}],"collection":[{"href":"https:\/\/reset.earth\/en\/wp-json\/wp\/v2\/posts"}],"about":[{"href":"https:\/\/reset.earth\/en\/wp-json\/wp\/v2\/types\/post"}],"author":[{"embeddable":true,"href":"https:\/\/reset.earth\/en\/wp-json\/wp\/v2\/users\/1"}],"replies":[{"embeddable":true,"href":"https:\/\/reset.earth\/en\/wp-json\/wp\/v2\/comments?post=5013"}],"version-history":[{"count":4,"href":"https:\/\/reset.earth\/en\/wp-json\/wp\/v2\/posts\/5013\/revisions"}],"predecessor-version":[{"id":5024,"href":"https:\/\/reset.earth\/en\/wp-json\/wp\/v2\/posts\/5013\/revisions\/5024"}],"wp:featuredmedia":[{"embeddable":true,"href":"https:\/\/reset.earth\/en\/wp-json\/wp\/v2\/media\/5014"}],"wp:attachment":[{"href":"https:\/\/reset.earth\/en\/wp-json\/wp\/v2\/media?parent=5013"}],"wp:term":[{"taxonomy":"category","embeddable":true,"href":"https:\/\/reset.earth\/en\/wp-json\/wp\/v2\/categories?post=5013"},{"taxonomy":"post_tag","embeddable":true,"href":"https:\/\/reset.earth\/en\/wp-json\/wp\/v2\/tags?post=5013"}],"curies":[{"name":"wp","href":"https:\/\/api.w.org\/{rel}","templated":true}]}}