{"id":5034,"date":"2024-06-08T10:58:22","date_gmt":"2024-06-08T09:58:22","guid":{"rendered":"https:\/\/reset.earth\/?p=5034"},"modified":"2025-03-27T15:51:04","modified_gmt":"2025-03-27T14:51:04","slug":"breaking-renews-du-08-juin-2024","status":"publish","type":"post","link":"https:\/\/reset.earth\/en\/breaking-renews-du-08-juin-2024\/","title":{"rendered":"BREAKING (RE)NEWS DU 08 JUIN 2024"},"content":{"rendered":"\n<p id=\"ember225\">Bonjour,<\/p>\n\n\n\n<p id=\"ember226\">La principale nouvelle de la semaine, ce n\u2019est pas la tenue des \u00e9lections europ\u00e9ennes, encore moins la visite concomitante de Joe Biden et de Volodimir Zelensky \u00e0 Paris, ni m\u00eame les nouveaux records mondiaux de temp\u00e9rature. Non, la nouvelle de la semaine, c\u2019est cela&nbsp;:<\/p>\n\n\n\n<figure class=\"wp-block-image\"><img decoding=\"async\" src=\"https:\/\/media.licdn.com\/dms\/image\/D4E12AQHKyyOAUWounA\/article-inline_image-shrink_1500_2232\/0\/1717842406947?e=1724889600&amp;v=beta&amp;t=4sb7UQQzVPqqWPOLFlfQjhvR4PYZPPr0Li-yVQ7t1Bk\" alt=\"\"\/><\/figure>\n\n\n\n<p id=\"ember229\">Oui, vous avez bien lu, (RE)SET acc\u00e9l\u00e8re encore sa croissance en rejoignant le groupe Julhiet Sterwen ! Ensemble, ils cr\u00e9ent la r\u00e9f\u00e9rence du conseil en transitions durables. Julhiet Sterwen, fond\u00e9 en 2015 par Marc Sabatier et Thierry Auzias, est un des leaders du conseil en strat\u00e9gie, transformation et innovation. A eux deux, Julhiet Sterwen et (RE)SET rassemblent d\u00e9sormais toutes les dimensions du d\u00e9veloppement durable ! Quelle forme prend ce rapprochement ? Celle d\u2019un \u00e9change capitalistique. Julhiet Sterwen devient le premier actionnaire de (RE)SET et simultan\u00e9ment les associ\u00e9s fondateurs de (RE)SET investissent dans le capital de Julhiet Sterwen, dont ils rejoignent la communaut\u00e9 des associ\u00e9s. (RE)SET demeure (RE)SET ! Avec son ADN, son \u00e9nergie, ses m\u00e9thodes et expertises, de m\u00eame que son \u00e9quipe dirigeante. Mais (RE)SET devient plus que (RE)SET, avec la possibilit\u00e9 d\u2019ajouter de nouvelles touches \u00e0 sa palette, de nouvelles cordes \u00e0 son arc, bref, de nouvelles offres et des services suppl\u00e9mentaires \u00e0 ses clients et partenaires. Comme l\u2019explique G\u00e9raldine Poivert, Pr\u00e9sidente de (RE)SET, interview\u00e9e sur <a href=\"https:\/\/www.linkedin.com\/posts\/g%C3%A9raldine-poivert-2920478a_g%C3%A9raldine-poivert-reset-rse-julhiet-activity-7204018668827992064-2UmE?utm_source=share&amp;utm_medium=member_desktop\">BFM<\/a>, ce rapprochement vise \u00e0 \u00ab\u00a0aller plus vite, plus loin et avoir de l\u2019impact\u00a0\u00bb, poursuivant\u00a0: \u00ab\u00a0la transition, c\u2019est comme le tabouret, pour qu\u2019il tienne bien il a besoin de trois pieds\u00a0: le pied \u00e9conomique, le pied environnemental et le pied social. Cela nous permet de devenir LA r\u00e9f\u00e9rence de toutes les transitions durables. C\u2019est un mariage d\u2019amour et de raison\u00a0\u00bb Longue vie aux jeunes mari\u00e9s\u00a0!<\/p>\n\n\n\n<figure class=\"wp-block-image\"><img decoding=\"async\" src=\"https:\/\/media.licdn.com\/dms\/image\/D4E12AQHWgKLQmbc4KQ\/article-inline_image-shrink_1500_2232\/0\/1717792881486?e=1724889600&amp;v=beta&amp;t=fGnlyZffJpGQXK9jXo8_ueKbw0P-dVrdLkaovH3XJds\" alt=\"\"\/><\/figure>\n\n\n\n<p id=\"ember234\">Bon, il se passe aussi d\u2019autres choses dans le monde, soyons honn\u00eates. Et notamment des \u00e9lections. Rappelez-vous, au moins ceux qui \u00e9taient en \u00e2ge de voter, c\u2019\u00e9tait en 2009, six ans avant les Accords de Paris, en pleine vague de climato scepticisme. Cette ann\u00e9e-l\u00e0, Daniel Cohn-Bendit, devenu \u00ab&nbsp;Dany Le Vert&nbsp;\u00bb, \u00e9tait t\u00eate de liste du parti \u00e9cologiste, en France. Et sa liste terminait deuxi\u00e8me des \u00e9lections, \u00e0 20,9%. Aujourd\u2019hui, comme le dit <a href=\"https:\/\/www.liberation.fr\/international\/europe\/elections-europeennes-a-dix-jours-du-scrutin-les-verts-a-moitie-vides-20240529_LJRYWWPKNVCDZET2PYS7NOZOLA\/\">Lib\u00e9ration<\/a> dans son style inimitable, \u00ab&nbsp;les Verts sont \u00e0 moiti\u00e9 vides&nbsp;\u00bb et se demandent s\u2019ils passeront la barre fatidique des 5%. Que s\u2019est-il pass\u00e9&nbsp;? L\u2019environnement et la transition ont-elles disparu de l\u2019agenda politique&nbsp;? Les \u00e9lecteurs ne seraient-ils plus int\u00e9ress\u00e9s par le sujet&nbsp;? Pas du tout&nbsp;! C\u2019est m\u00eame exactement l\u2019inverse qui s\u2019est produit et c\u2019est une bonne nouvelle&nbsp;: toutes les listes, d\u00e9sormais, int\u00e8grent l\u2019environnement et la transition dans leurs programmes, tant le sujet concerne les citoyens-\u00e9lecteurs-consommateurs. Bien s\u00fbr, int\u00e9grer la dimension environnementale ne veut pas forc\u00e9ment dire vouloir aller plus vite, plus loin dans la transition. Cela peut m\u00eame \u00eatre l\u2019inverse. Et les sondages, en France comme dans l\u2019ensemble des pays de l\u2019UE, semblent montrer une certaine app\u00e9tence pour le moins-disant environnemental. Ce qui pourrait sembler en contradiction avec toutes ces enqu\u00eates qui montrent que la prise de conscience des urgences de la transition \u00e9conomique et environnementale est bien r\u00e9elle, tant par les citoyens que part les entreprises. Et laisse \u00e0 penser que, \u00e0 un moment ou un autre, la n\u00e9cessaire explication des d\u00e9cisions prises, \u00e0 Bruxelles comme \u00e0 Paris, n\u2019a pas \u00e9t\u00e9 correctement faite. Au point de faire le lit des fantasmes d\u2019\u00ab&nbsp;\u00e9cologie punitive&nbsp;\u00bb qui font flores depuis au moins un an. D\u2019o\u00f9 l\u2019int\u00e9r\u00eat, peut-\u00eatre, de \u00ab&nbsp;faire une pause&nbsp;\u00bb, comme on dit \u00e0 l\u2019Elys\u00e9e. En esp\u00e9rant que cette \u00ab&nbsp;pause&nbsp;\u00bb sera mise \u00e0 profit pour faire preuve de p\u00e9dagogie.<\/p>\n\n\n\n<p id=\"ember235\">En attendant, les programmes des diff\u00e9rentes listes en pr\u00e9sence ont, pour la France, \u00e9t\u00e9 d\u00e9crypt\u00e9s par <a href=\"https:\/\/reseauactionclimat.org\/europeennes-que-valent-les-listes-electorales-pour-le-climat\/\">R\u00e9seau Action Climat<\/a> et les conclusions rejoignent celles de la plupart des comparateurs qui ont fleuri ces derniers jours. Sans surprise, si vous \u00eates plut\u00f4t sensibles \u00e0 la n\u00e9cessit\u00e9 d\u2019aller de l\u2019avant vers une transition \u00e9conomique et environnementale ma\u00eetris\u00e9e, il vaut mieux \u00e9viter de voter trop \u00e0 droite. R\u00e9p\u00e9tons-le pour \u00eatre s\u00fbr d\u2019\u00eatre entendus : ce n\u2019est pas l\u2019auteur de ces lignes qui le dit, moins encore (RE)SET, juste de froids comparateurs ! Parmi les autres comparateurs consacr\u00e9s \u00e0 la transition \u00e9cologique et sociale, il y a aussi celui du <a href=\"https:\/\/www.wwf.fr\/sengager-ensemble\/elections-europeennes-2024-le-wwf-interroge-les-partis-francais\">WWF<\/a> qui a envoy\u00e9 un questionnaire aux partis politiques. A la question de savoir si le Pacte vert doit \u00eatre maintenu comme l\u2019une des principales priorit\u00e9s politiques du prochain mandat, les r\u00e9sultats confirment un fort soutien des listes PS-PP, EELV-LE, LFI. Besoin d\u2019Europe et LR ne r\u00e9pondent pas explicitement \u00e0 la question. Le RN affirme lui qu\u2019il ne maintiendrait pas le Pacte vert comme une priorit\u00e9 politique. Reconqu\u00eate va plus loin en appelant \u00e0 abroger l\u2019ensemble des mesures du Pacte vert, \u00e0 supprimer tout financement \u00e0 l\u2019\u00e9olien et \u00e0 construire des bassines et retenues d\u2019eau. Voil\u00e0, cela a le m\u00e9rite d\u2019\u00eatre clair.<\/p>\n\n\n\n<p id=\"ember236\">Heureusement, comme l\u2019indique la derni\u00e8re analyse de la <a href=\"http:\/\/lalettre.robert-schuman.eu\/lalettre\/nav3.php?t=bGllbnM=&amp;n=Mjg1MzY=&amp;d=YmR1cmFuZGVAZ21haWwuY29t&amp;h=MTMzNTU3OQ==\">Fondation Schuman<\/a> d\u00e9j\u00e0 mentionn\u00e9e dans la pr\u00e9c\u00e9dente Breaking (RE)NEWS, les grands \u00e9quilibres politiques au sein du Parlement Europ\u00e9en ne devraient pas \u00eatre tr\u00e8s diff\u00e9rents, la semaine prochaine, de ce qu\u2019ils \u00e9taient cette semaine. L\u2019alliance des conservateurs, des sociaux-d\u00e9mocrates et des lib\u00e9raux devrait, avec une petite marge, continuer de diriger l\u2019Europe. Le Green Deal devrait pouvoir entamer sa deuxi\u00e8me \u00e9tape, m\u00eame si sans doute \u00e0 un rythme plus lent.<\/p>\n\n\n\n<p id=\"ember238\">Pour entamer <strong>nos rubriques hebdomadaires<\/strong>, d\u00e9butons par notre pr\u00e9f\u00e9r\u00e9e&nbsp;: la m\u00e9t\u00e9o&nbsp;! Et celle-ci ne milite pas forc\u00e9ment pour ralentir le rythme de la transition. Car il semble que la machine s\u2019emballe plus vite que pr\u00e9vu. On savait d\u00e9j\u00e0 que l\u2019\u00e9t\u00e9 2023 avait \u00e9tait le plus chaud jamais enregistr\u00e9 depuis deux mille ans dans l\u2019h\u00e9misph\u00e8re Nord en dehors des tropiques. On sait d\u00e9sormais que la tendance s\u2019acc\u00e9l\u00e8re, \u00e0 en croire au moins la r\u00e9cente mise \u00e0 jour des analyses du GIEC par un groupe international de 59 scientifiques de renom, issus de 44 institutions. Selon <a href=\"https:\/\/www.lemonde.fr\/planete\/article\/2024\/06\/05\/le-rythme-du-rechauffement-climatique-est-plus-rapide-que-jamais_6237312_3244.html?lmd_medium=al&amp;lmd_campaign=envoye-par-appli&amp;lmd_creation=ios&amp;lmd_source=mail\">Le Monde<\/a>, qui en reprend les conclusions, \u00ab&nbsp;le rythme du r\u00e9chauffement climatique est plus rapide que jamais&nbsp;\u00bb. La temp\u00e9rature s\u2019\u00e9l\u00e8verait d\u00e9sormais \u00e0 de 0,26 degr\u00e9s par d\u00e9cennie, contre 0,18 anticip\u00e9s. Autre r\u00e9sultat majeur de l\u2019\u00e9tude : le budget carbone (plafond d\u2019\u00e9missions) disponible pour conserver 50 % de chance de limiter le r\u00e9chauffement de la plan\u00e8te \u00e0 1,5 \u00b0C, comme pr\u00e9vu par l\u2019accord de Paris, s\u2019\u00e9puise rapidement. Il a \u00e9t\u00e9 divis\u00e9 par plus de deux par rapport \u00e0 l\u2019estimation du GIEC. Au d\u00e9but de l\u2019ann\u00e9e, il s\u2019\u00e9tablissait \u00e0 200 milliards de tonnes de CO2 contre 500 milliards dans l\u2019\u00e9valuation de 2021. Cela ne correspond plus qu\u2019\u00e0 cinq ans d\u2019\u00e9missions au rythme actuel.<\/p>\n\n\n\n<p id=\"ember239\">Et de fait, au niveau mondial, les cartographies continuent de se succ\u00e9der, mois apr\u00e8s mois, satur\u00e9es de points rouges, comme celle-ci, publi\u00e9e par <a href=\"https:\/\/www.liberation.fr\/environnement\/climat\/records-de-chaleurs-mensuel-annuel-et-decennal-des-anomalies-de-plus-en-plus-normales-20240605_GZKMZFLXKVCWLBSGG4AYQHVBSE\/\">Lib\u00e9ration, concernant le dernier moi connu, mai <\/a>:<\/p>\n\n\n\n<figure class=\"wp-block-image\"><img decoding=\"async\" src=\"https:\/\/media.licdn.com\/dms\/image\/D4E12AQEKMhC88UkBLQ\/article-inline_image-shrink_1500_2232\/0\/1717792898507?e=1724889600&amp;v=beta&amp;t=Hev90wvoc5AVYxgJZnuRWCTkVdm2sYVElZGihB9P_F0\" alt=\"\"\/><\/figure>\n\n\n\n<p id=\"ember244\">Cette fois-ci, la moyenne de la temp\u00e9rature mondiale est mont\u00e9e \u00e0 15,91 \u00b0C, franchissant symboliquement de +1,52\u00b0C la moyenne estim\u00e9e du mois de mai pour la p\u00e9riode de r\u00e9f\u00e9rence pr\u00e9industrielle 1850-1900. L\u2019occasion pour notre whistleblower pr\u00e9f\u00e9r\u00e9 de tirer \u00e0 nouveau la sonnette d\u2019alarme&nbsp;: \u00ab <em>Nous jouons \u00e0 la roulette russe avec notre plan\u00e8te. Non seulement nous sommes en danger, mais nous sommes le danger<\/em> \u00bb, a d\u00e9clar\u00e9 ce mercredi le secr\u00e9taire g\u00e9n\u00e9ral de l\u2019Organisation des Nations unies, Ant\u00f3nio Guterres, lors d\u2019un discours au Mus\u00e9um d\u2019histoire naturelle de New York pour la Journ\u00e9e mondiale de l\u2019environnement. De fait, les Indiens et les Pakistanais en sont bien conscients, qui viennent de vivre leur pire p\u00e9riode caniculaire, avec un pic \u00e0 plus de 52\u00b0 dans la banlieue de New-Delhi et 53% \u00e0 la fronti\u00e8re indo-pakistanaise. Des records historiques, bien s\u00fbr.<\/p>\n\n\n\n<figure class=\"wp-block-image\"><img decoding=\"async\" src=\"https:\/\/media.licdn.com\/dms\/image\/D4E12AQFqieeRHNz65A\/article-inline_image-shrink_1500_2232\/0\/1717792922353?e=1724889600&amp;v=beta&amp;t=dLYlOsPqTR923Rvjcqlp_hUrcagLCNnr5LtcMPvzf3U\" alt=\"\"\/><\/figure>\n\n\n\n<p id=\"ember249\">Pour clore ce chapitre \u00ab\u00a0m\u00e9t\u00e9o\u00a0\u00bb, et pour l\u2019anecdote, sachez qu\u2019en France, nous avons eu, pour utiliser l\u2019expression la plus entendue ces derni\u00e8res semaines et reprise par <a href=\"https:\/\/www.leparisien.fr\/meteo\/meteo-la-france-a-connu-son-printemps-le-plus-pluvieux-depuis-2008-03-06-2024-HWCWPEEMLZGR5ELQVLEAFKD4U4.php?xtor=AD-366\">Le Parisien<\/a>, \u00ab\u00a0un printemps pourri\u00a0\u00bb, et m\u00eame le plus pourri depuis 2008 selon les donn\u00e9es officielles, si l\u2019on se r\u00e9f\u00e8re \u00e0 la quantit\u00e9 de pluie tomb\u00e9e. Le quatri\u00e8me le plus pourri depuis 1959, pour \u00eatre complet sur le sujet. A toute chose, malheur est bon\u00a0: les nappes phr\u00e9atiques fran\u00e7aises ont retrouv\u00e9 de bien meilleurs niveaux que l\u2019an dernier \u00e0 la m\u00eame \u00e9poque, nous dit <a href=\"https:\/\/www.liberation.fr\/environnement\/climat\/reserves-deau-les-nappes-phreatiques-francaises-se-portent-beaucoup-mieux-quil-y-a-un-an-20240522_VM7NCTN7LFFK7HCTOS7JI4FI54\/\">Lib\u00e9ration<\/a> Pour autant, la temp\u00e9rature est demeur\u00e9e largement au-dessus des normes saisonni\u00e8res habituelles. Voil\u00e0, gr\u00e2ce \u00e0 la Breaking (RE)NEWS, vous avez d\u00e9sormais de quoi alimenter pas mal de \u00ab\u00a0small talks\u00a0\u00bb. Ne nous remerciez pas\u00a0!<\/p>\n\n\n\n<figure class=\"wp-block-image\"><img decoding=\"async\" src=\"https:\/\/media.licdn.com\/dms\/image\/D4E12AQEobvWiQ39g1g\/article-inline_image-shrink_1500_2232\/0\/1717792936194?e=1724889600&amp;v=beta&amp;t=6OTi-a9Hc-0kWcP1sRDkHO2EHxzjo5MLPsVm-BL881w\" alt=\"\"\/><\/figure>\n\n\n\n<p id=\"ember253\">Pour rester dans les nuages, le <strong>conseil de la semaine<\/strong> est de maintenir vos ceintures de s\u00e9curit\u00e9 attach\u00e9es quand vous prenez l\u2019avion&nbsp;! Car les turbulences ont augment\u00e9 de 55% depuis 40 ans et devraient tripler dans les 30 prochaines ann\u00e9es, la faute, l\u00e0 encore, au r\u00e9chauffement climatique\u2026 Un exemple dramatique en a \u00e9t\u00e9 donn\u00e9 par le vol SQ321 de Singapore Airlines en partance de Londres&nbsp;: 70 bless\u00e9s et un mort. Cette affaire de turbulences n\u2019est pas anecdotique. Et elle co\u00fbte cher&nbsp;! \u00ab <em>Les compagnies a\u00e9riennes devront commencer \u00e0 r\u00e9fl\u00e9chir \u00e0 la mani\u00e8re dont elles g\u00e9reront l\u2019augmentation des turbulences, car elles co\u00fbtent \u00e0 l\u2019industrie entre 150 millions et 500 millions de dollars [entre 138 millions et 460 millions d\u2019euros] par an, rien qu\u2019aux Etats-Unis<\/em>, pr\u00e9venait le chercheur Mark Prosser, premier auteur d\u2019une \u00e9tude sur le sujet, cit\u00e9 dans <a href=\"https:\/\/www.lemonde.fr\/planete\/article\/2024\/05\/28\/le-changement-climatique-augmente-la-frequence-et-l-intensite-des-turbulences-en-avion_6235924_3244.html?lmd_medium=al&amp;lmd_campaign=envoye-par-appli&amp;lmd_creation=ios&amp;lmd_source=mail\">Le Monde<\/a>. <em>Chaque minute suppl\u00e9mentaire pass\u00e9e \u00e0 traverser des turbulences augmente l\u2019usure de l\u2019avion, ainsi que le risque de blessures pour les passagers et l\u2019\u00e9quipage.<\/em> \u00bb<\/p>\n\n\n\n<figure class=\"wp-block-image\"><img decoding=\"async\" src=\"https:\/\/media.licdn.com\/dms\/image\/D4E12AQFC4QN4Ag4neQ\/article-inline_image-shrink_1500_2232\/0\/1717792953281?e=1724889600&amp;v=beta&amp;t=eseVuA2-uAw_DYsUJFJWco85IZgaF5svfO-eM-uO49M\" alt=\"\"\/><\/figure>\n\n\n\n<p id=\"ember257\">Revenons sur terre, et m\u00eame en dessous, avec <strong>la d\u00e9couverte de la semaine<\/strong>, dont on ne sait si elle est bonne ou mauvaise. La Russie aurait d\u00e9couvert 511 milliards de barils de p\u00e9trole dans l\u2019antarctique, nous dit <a href=\"https:\/\/www.lefigaro.fr\/international\/la-russie-aurait-decouvert-511-milliards-de-barils-de-petrole-dans-l-antarctique-alertent-les-britanniques-20240518\">Le Figaro<\/a>. L\u2019or noir en question se trouverait principalement dans l\u2019Antarctique britannique, une vaste zone inhabit\u00e9e d\u20191,7 million de km2 \u00e9galement revendiqu\u00e9e par le Chili et l\u2019Argentine. Petit probl\u00e8me (ou solution&nbsp;!)&nbsp;: cette zone est interdite \u00e0 l\u2019exploitation. Le trait\u00e9 sur l\u2019Antarctique de 1961, auquel la Russie est partie, interdit strictement l\u2019exploration et l\u2019exploitation d\u2019hydrocarbures dans cette r\u00e9gion du monde. 511 milliards de barils, ce n\u2019est pas rien. Le monde entier consomme environ 36 milliards de barils de p\u00e9trole par an, d\u2019apr\u00e8s l\u2019Energy Institute Statistical Review of World Energy 2023, tandis que le Telegraph rappelle que ces 511 milliards de barils repr\u00e9sentent \u00ab 10 fois la production totale de la mer du Nord sur 50 ans \u00bb. Croisons les doigts que la rar\u00e9faction des r\u00e9serves p\u00e9troli\u00e8res ne poussera pas, un jour, \u00e0 revenir sur le trait\u00e9 de 1961\u2026<\/p>\n\n\n\n<p id=\"ember258\">En attendant, notre <strong>Rubrique Total<\/strong> a l\u2019occasion de s\u2019enrichir, avec la derni\u00e8re Assembl\u00e9e G\u00e9n\u00e9rale du p\u00e9trolier fran\u00e7ais. \u00ab&nbsp;Faut-il d\u00e9manteler TotlaEnergies&nbsp;?&nbsp;\u00bb, faisait mine de s\u2019interroger gravement l\u2019\u00e9conomiste Maxime Combes, dans les colonnes de <a href=\"https:\/\/www.liberation.fr\/idees-et-debats\/tribunes\/faut-il-demanteler-totalenergies-20240523_AB4BOLUR5NHP5PJI3YJNVFD5OM\/?redirected=1&amp;redirected=1\">Lib\u00e9ration<\/a>, le jour de l\u2019AG. Confront\u00e9 \u00e0 une fronde d\u2019une partie ses actionnaires et \u00e0 des activistes mobilis\u00e9s autour du si\u00e8ge de La D\u00e9fense, Patrick Pouyann\u00e9&nbsp;a pourtant enfonc\u00e9 le clou, raconte <a href=\"https:\/\/www.liberation.fr\/economie\/on-a-assiste-a-lag-de-totalenergies-ce-nest-pas-nous-qui-avons-decrete-que-les-voitures-marchent-avec-de-lessence-20240524_R7NMWWIWE5F4TL4RT2D374QJU4\/\">Lib\u00e9ration<\/a>: \u00ab&nbsp;La r\u00e9alit\u00e9 du monde dans lequel nous vivons est encore malheureusement un monde d\u2019\u00e9nergies fossiles et ce n\u2019est pas Total qui a d\u00e9cr\u00e9t\u00e9 que les voitures marchent avec de l\u2019essence. \u00bb Au final, un quart des actionnaires s\u2019est exprim\u00e9 contre la reconduction du mandat du patron de TotalEnergies (il est donc toujours en place, nous rappelle <a href=\"https:\/\/www.novethic.fr\/environnement\/climat\/avant-lag-de-totalenergies-des-centaines-de-militants-se-mobilisent-a-paris?utm_source=mailpoet&amp;utm_medium=email&amp;utm_campaign=premiere-estimation-du-risque-dinassurabilite-soupcons-de-travail-force-chez-bmw-et-vw-defiance-a-lag-de-totalenergiesle-recap-du-28-mai-276\">Novethic<\/a>) et 173 personnes ont \u00e9t\u00e9 interpell\u00e9e par la police.<\/p>\n\n\n\n<p id=\"ember259\">Dans le m\u00eame esprit, la fronde s\u2019\u00e9tend au sein de l\u2019actionnariat de Shell comme des autres \u00ab&nbsp;majors&nbsp;\u00bb p\u00e9troli\u00e8res mondiales, toutes confront\u00e9es aux m\u00eame d\u00e9fis lors de leurs r\u00e9centes AG. Il faut dire que selon un rapport de l\u2019ONG <a href=\"https:\/\/priceofoil.org\/2024\/05\/21\/press-release-big-oil-reality-check-oil-and-gas-companies-failing-on-climate\/\">Oil Change International<\/a>, publi\u00e9 mardi 21 mai, aucune des huit majors p\u00e9troli\u00e8res et gazi\u00e8res internationales \u2013 Chevron, ExxonMobil, Shell, TotalEnergies, BP, Eni, Equinor et ConocoPhillips \u2013 n\u2019a de plan climat align\u00e9 sur l\u2019Accord de Paris et encore moins sur la d\u00e9cision r\u00e9cente de la COP28 de sortir des \u00e9nergies fossiles. Six d\u2019entre elles (Chevron, ExxonMobil, TotalEnergies, ConocoPhillips, Equinor et Eni) ont m\u00eame un objectif explicite d\u2019augmenter la production de p\u00e9trole et de gaz \u00e0 court terme. A elles seules, ces huit entreprises sont en passe d\u2019utiliser 30% du budget carbone restant, soit les \u00e9missions de gaz \u00e0 effet de serre que le monde peut rejeter, pour limiter la hausse de la temp\u00e9rature mondiale \u00e0 1,5\u00b0C.<\/p>\n\n\n\n<figure class=\"wp-block-image\"><img decoding=\"async\" src=\"https:\/\/media.licdn.com\/dms\/image\/D4E12AQFmp8onLjTO-g\/article-inline_image-shrink_1500_2232\/0\/1717793015401?e=1724889600&amp;v=beta&amp;t=qI41Mq8ODaF18VZbogmTY6jenDdpGl3OTc-XIJSykVc\" alt=\"\"\/><\/figure>\n\n\n\n<p id=\"ember264\">Sous-sol toujours, <strong>la d\u00e9pendance de la semaine<\/strong> est celle en mati\u00e8res premi\u00e8res critiques de la transition, en particulier les m\u00e9taux et autres terres rares. Dans un dossier passionnant, <a href=\"https:\/\/www.lemonde.fr\/economie\/article\/2024\/05\/30\/les-minerais-critiques-attisent-les-rivalites-entre-grandes-puissances_6236298_3234.html?lmd_medium=al&amp;lmd_campaign=envoye-par-appli&amp;lmd_creation=ios&amp;lmd_source=mail\">Le Monde<\/a> d\u00e9voile comment les minerais critiquent attisent d\u00e9sormais les rivalit\u00e9s entre grandes puissances install\u00e9es et celles en devenir\u2026 L\u00e0 comme souvent, une bonne infographie fait mieux qu\u2019un long discours&nbsp;:<\/p>\n\n\n\n<figure class=\"wp-block-image\"><img decoding=\"async\" src=\"https:\/\/media.licdn.com\/dms\/image\/D4E12AQEimtA6_MnEAQ\/article-inline_image-shrink_1500_2232\/0\/1717793015639?e=1724889600&amp;v=beta&amp;t=m8mvQCAXm3XaV47sp_xtqLdVj34wywx9HmdI-qvIYFk\" alt=\"\"\/><\/figure>\n\n\n\n<p id=\"ember267\">Souverainet\u00e9 mini\u00e8re encore, <strong>l\u2019interview de la semaine<\/strong> nous est \u00e9galement propos\u00e9e par <a href=\"https:\/\/www.lemonde.fr\/economie\/article\/2024\/05\/31\/christel-bories-pdg-d-eramet-ne-revons-pas-l-europe-n-a-pas-de-vastes-ressources-minieres_6236514_3234.html\">Le Monde<\/a>, qui a pos\u00e9 de bonnes questions \u00e0 Christel Bories, PDG de Eramet, premier acteur fran\u00e7ais dans la comp\u00e9tition mondiale dans ce secteur, s\u2019attirant de bonnes r\u00e9ponses&nbsp;: \u00ab <em>Ne r\u00eavons pas, la France et l\u2019Europe n\u2019ont pas de vastes ressources mini\u00e8res. M\u00eame si on exploitait au maximum tous les projets en cours, on ne r\u00e9ussirait \u00e0 couvrir qu\u2019environ 20&nbsp;% des besoins europ\u00e9ens. En revanche, il faut faire ce qu\u2019ont fait les Chinois, les Japonais ou les Cor\u00e9ens&nbsp;: tisser des partenariats \u00e9conomiques et politiques avec des pays producteurs pour s\u00e9curiser nos fili\u00e8res d\u2019approvisionnement. L\u2019Europe a beaucoup \u00e0 apporter \u00e0 ces pays, notamment ses r\u00e8gles de responsabilit\u00e9 sociale et environnementale des entreprises que d\u2019autres ne prennent pas en compte. Nous avons des pratiques responsables, nous faisons attention \u00e0 l\u2019environnement et aux communaut\u00e9s locales. Ces pays producteurs ne vous laisseront pas \u00e9ternellement op\u00e9rer chez eux si vous n\u2019apportez pas d\u2019autres choses que de l\u2019argent et des emplois.&nbsp;\u00bb <\/em>Et de poursuivre, interrog\u00e9e sur la rivalit\u00e9 avec la Chine&nbsp;: \u00ab <em>La Chine n\u2019a pas non plus toutes les ressources sur son sol. Elle n\u2019a pas de nickel, de lithium, de cuivre, par exemple. Mais elle a compris tr\u00e8s t\u00f4t que les m\u00e9taux allaient \u00eatre la mati\u00e8re premi\u00e8re de la souverainet\u00e9 \u00e9conomique et industrielle du XXIe&nbsp;si\u00e8cle, et qu\u2019elle devait aller les chercher l\u00e0 o\u00f9 ils sont et prendre le monopole de leur traitement.<\/em> \u00bb<\/p>\n\n\n\n<p id=\"ember268\"><\/p>\n\n\n\n<p id=\"ember269\">Quoi qu\u2019il en soit, l\u2019approvisionnement en ces minerais risque fort de devenir toujours plus probl\u00e9matique, ce qui pousse les entreprises, et singuli\u00e8rement les fabricants de batteries, \u00e0 chercher des alternatives, et elles existent&nbsp;! <strong>L\u2019alternative de la semaine<\/strong> a pour noms soufre, fer et sodium, plus abondants, moins difficiles \u00e0 extraire, aux effets secondaires mieux ma\u00eetris\u00e9s et plus facilement recyclables que d\u2019autres.&nbsp; Vive les m\u00e9taux low cost, comme titre <a href=\"https:\/\/www.lemonde.fr\/economie\/article\/2024\/05\/30\/des-metaux-low-cost-pour-les-batteries-du-futur_6236341_3234.html?lmd_medium=al&amp;lmd_campaign=envoye-par-appli&amp;lmd_creation=ios&amp;lmd_source=mail\">Le Monde <\/a>! Et la prise de conscience est bien l\u00e0, comme l\u2019a montr\u00e9 l\u2019annonce cette semaine la suspension des investissements du fabricant de cellules de batterie AAC, dont le premier actionnaire est Stellantis. Ses deux projets de gigafactories en Allemagne et en Italie, sont donc en attente afin de bifurquer une partie de sa production vers la technologie de batteries LFP, plus \u00ab&nbsp;low cost&nbsp;\u00bb, comme le r\u00e9v\u00e8le <a href=\"https:\/\/www.usinenouvelle.com\/article\/coup-d-arret-pour-le-fabricant-de-batteries-acc-qui-suspend-ses-investissements-en-allemagne-et-en-italie.N2214094\">L\u2019Usine Nouvelle<\/a>. L\u2019entreprise motive sa d\u00e9cision de retarder ses plans par le besoin d\u2019adapter son portefeuille technologique aux demandes du march\u00e9. En clair : les batteries lithium-ion NMC (nickel mangan\u00e8se cobalt) qu\u2019elle souhaitait jusqu\u2019\u00e0 pr\u00e9sent construire dans l\u2019ensemble de ses usines ne sont pas la panac\u00e9e, et cette technologie n\u00e9cessite d\u2019\u00eatre second\u00e9e. Tr\u00e8s populaires en raison de leur faible co\u00fbt malgr\u00e9 une plus faible densit\u00e9 \u00e9nerg\u00e9tique que leur \u00e9quivalent NMC, les batteries de type LFP (phosphates de fer lithi\u00e9) sont pour l\u2019heure le choix le plus rationnel.<\/p>\n\n\n\n<p id=\"ember271\">Le <strong>concept de la semaine<\/strong> est le \u00ab\u00a00DDwashing\u00a0\u00bb. A en croire l\u2019\u00e9tat des lieux r\u00e9alis\u00e9 par la Plateforme RSE (Responsabilit\u00e9 Sociale des Entreprises), division de France Strat\u00e9gies d\u00e9di\u00e9e \u00e0 la question de la prise en compte des enjeux de durabilit\u00e9 par les entreprises, rendu public en mai, les ODD (Objectifs du D\u00e9veloppement Durable) sont encore mal int\u00e9gr\u00e9s dans les d\u00e9marches RSE des entreprises, contribuant d\u00e8s lors peu \u00e0 la transition \u00e9cologique et sociale. \u201cA peine 20% des cibles des objectifs de d\u00e9veloppement durable (ODD) seront atteintes d\u2019ici 2030 si la trajectoire actuelle est maintenue\u201d s\u2019inqui\u00e8tent les auteurs, cit\u00e9s par <a href=\"https:\/\/www.novethic.fr\/economie-et-social\/transformation-de-leconomie\/odd-washing-plateforme-rse-avis-recommandations?utm_source=mailpoet&amp;utm_medium=email&amp;utm_campaign=premiere-estimation-du-risque-dinassurabilite-soupcons-de-travail-force-chez-bmw-et-vw-defiance-a-lag-de-totalenergiesle-recap-du-28-mai-276\">Novethic<\/a>. Depuis leur adoption en 2015 par l\u2019Organisation des Nations Unies, les 17 ODD servent de boussole pour la transition \u00e9cologique et sociale des diff\u00e9rents acteurs publics et priv\u00e9s dans le monde. L\u2019analyse des experts de la Plateforme RSE est sans appel : \u201cpeu d\u2019entreprises utilisent les ODD et leurs cibles comme des leviers de transformation de leurs mod\u00e8les d\u2019affaires\u201d et comme levier de durabilit\u00e9 globale. Pire : les \u00e9tudes \u201cmontrent une tr\u00e8s faible contribution positive des entreprises aux objectifs de d\u00e9veloppement durable\u201d, comme le soulignent les auteurs. En cause notamment, \u201cles faibles budgets allou\u00e9s \u00e0 la RSE\u201d dans les entreprises, et \u201cle manque de moyens humains d\u00e9di\u00e9s\u201d, qui ne permettent pas de cr\u00e9er une dynamique s\u00e9rieuse de prise en compte des enjeux sociaux et environnementaux. Les chiffres parlent d\u2019eux-m\u00eames : une ETI-grande entreprise sur deux d\u00e9clare avoir moins d\u2019un demi \u00e9quivalent temps plein consacr\u00e9 aux sujets RSE. Heureusement, (RE)SET est l\u00e0 pour les aider\u00a0<\/p>\n\n\n\n<p id=\"ember273\">Un peu dans le m\u00eame esprit, l\u2019ONG <a href=\"https:\/\/www.oxfamfrance.org\/app\/uploads\/2024\/05\/Rapport-Oxfam-CAC40-climat-VF.pdf\">Oxfam<\/a> vient de publier <strong>l\u2019\u00e9tude de la semaine<\/strong>, selon laquelle les entreprises du CAC 40 prises dans leur ensemble consacrent quatre fois plus de leurs b\u00e9n\u00e9fices \u00e0 soigner leurs actionnaires qu\u2019\u00e0 financer leurs investissements verts. Joliment intitul\u00e9e \u00ab&nbsp;Une France \u00e0 (CAC) 40 degr\u00e9s&nbsp;\u00bb, l\u2019\u00e9tude souligne que les 4 entreprises non financi\u00e8res les moins align\u00e9es avec le respect des Accords de Paris sont TotalEnergies, Safran, Airbus et ArcelorMittal. Celles qui sont le plus susceptibles de respecter l\u2019Accord de Paris sont Alstom et Legrand. Mention sp\u00e9ciale, et positive, pour le Cr\u00e9dit Mutuel et la MAIF.<\/p>\n\n\n\n<figure class=\"wp-block-image\"><img decoding=\"async\" src=\"https:\/\/media.licdn.com\/dms\/image\/D4E12AQFttjLrA7cpsw\/article-inline_image-shrink_1500_2232\/0\/1717793025894?e=1724889600&amp;v=beta&amp;t=OL4OA99mrc3Ec7OC3zYV9mMl0ge4sRbhktGuRNLjoW8\" alt=\"\"\/><\/figure>\n\n\n\n<p id=\"ember276\">Cac 40 toujours, mais cette fois analys\u00e9 sous un autre angle, avec l\u2019indice V\u00e9rit\u00e9 40. \u00ab&nbsp;L\u2019indice V\u00e9rit\u00e9 40 est-il l\u2019avenir du CAC 40&nbsp;?&nbsp;\u00bb, s\u2019interroge le magazine <a href=\"https:\/\/www.challenges.fr\/entreprise\/green-economie\/verite-40-ces-entreprises-du-cac-40-capables-de-payer-leur-facture-carbone-et-les-autres_895266\">Challenges<\/a>. Fond\u00e9 par la soci\u00e9t\u00e9 de gestion Axylia, cet indice r\u00e9unit les 40 entreprises fran\u00e7aises cot\u00e9es sur le SBF 120 et r\u00e9pond \u00e0 la question&nbsp;: pourraient-elles payer leur facture carbone \u00e0 partir de leur rentabilit\u00e9 financi\u00e8re&nbsp;? Pour cela, Axylia multiplie la totalit\u00e9 des \u00e9missions, y compris indirectes, des soci\u00e9t\u00e9s par un prix estim\u00e9 de la tonne carbone \u00e0 142 euros (chiffre d\u00e9fini par le GIEC). Il donne ensuite \u00e0 chaque entreprise un score allant de A \u00e0 F. Celles en t\u00eate de l\u2019alphabet ont une meilleure capacit\u00e9 d\u2019absorber les co\u00fbts li\u00e9s au carbone. \u00ab C\u2019est une m\u00e9thodologie simple, \u00e0 rebours des notations ESG d\u2019une complexit\u00e9 abyssale \u00bb, vante Vincent Auriac, le pr\u00e9sident d\u2019Axylia. Au final, une petite moiti\u00e9 des entreprises du CAC 40 seraient toujours profitables apr\u00e8s avoir r\u00e9gl\u00e9 leur \u00ab&nbsp;facture carbone&nbsp;\u00bb. R\u00e9sultat, nous dit Challenges&nbsp;: <em>exit dix-huit monstres du CAC 40, dont bien s\u00fbr TotalEnergies, mais aussi Stellantis, Engie, Accor, Publicis, ArcelorMittal, Carrefour ou encore Safran. Les plus grosses factures vont \u00e0 Airbus (58 milliards d\u2019euros) et Michelin (21 milliards). Si bien qu\u2019avec leurs r\u00e9sultats op\u00e9rationnels respectifs de 5,84 et 2,65 milliards d\u2019euros en 2023, il faudrait dix ans \u00e0 l\u2019avionneur et presque huit ans au g\u00e9ant du pneumatique pour les rembourser ! <\/em>Faute de donn\u00e9es publiques, les banques BNP Paribas, Soci\u00e9t\u00e9 g\u00e9n\u00e9rale, Cr\u00e9dit agricole, et l\u2019assureur Axa sont exclus de l\u2019indice. A l\u2019inverse, L\u2019Or\u00e9al, Herm\u00e8s, la Fran\u00e7aise des jeux, Euronext, Danone, Orange et EssilorLuxottica font partie des bons \u00e9l\u00e8ves. Avec quelques surprises : Dassault Syst\u00e8mes, Unibail-Rodamco-Westfield, Thales, Sanofi, Bouygues ou encore Saint-Gobain. \u00ab Leur pr\u00e9sence dans l\u2019indice ne veut pas dire qu\u2019ils ne polluent pas, explique Vincent Auriac, mais qu\u2019ils sont suffisamment rentables par rapport \u00e0 leurs \u00e9missions de CO2. \u00bb<\/p>\n\n\n\n<p id=\"ember278\">La <strong>m\u00e9daille olympique de la semaine<\/strong> est d\u00e9livr\u00e9e par anticipation \u00e0 Coca-Cola, meilleur comp\u00e9titeur mondial en termes de greenwashing, selon France Nature Environnement, comme nous l\u2019annonce <a href=\"https:\/\/www.usinenouvelle.com\/article\/jo-une-medaille-d-or-du-greenwashing-pour-coca-cola.N2214272\">L\u2019Usine Nouvelle<\/a>. De fait, il y a un brin d\u2019hypocrisie dans les annonces faites sur l\u2019usage, pendant les prochains Jeux, de gobelets consign\u00e9s en omettant de pr\u00e9ciser qu\u2019ils seront remplis par\u2026 6 millions de bouteilles en PET \u00e0 usage unique.<\/p>\n\n\n\n<figure class=\"wp-block-image\"><img decoding=\"async\" src=\"https:\/\/media.licdn.com\/dms\/image\/D4E12AQGz1jy_PJmoMQ\/article-inline_image-shrink_1500_2232\/0\/1717793044943?e=1724889600&amp;v=beta&amp;t=znXkVB1lFSEyQfF4dfWMyaYc5LjqjTzdBGMP9V3GqtM\" alt=\"\"\/><\/figure>\n\n\n\n<p id=\"ember282\">L\u2019occasion de rappeler qu\u2019un rapport de <a href=\"https:\/\/www.assemblee-nationale.fr\/dyn\/opendata\/RINFANR5L16B2696.html#_Toc256000132\">l\u2019Assembl\u00e9e Nationale<\/a> vient de mener \u00e0 bien l\u2019\u00e9valuation de l\u2019application de la loi AGEC. Ses conclusions sont mitig\u00e9es. <em>\u201cPlusieurs dispositions de la loi sont peu appliqu\u00e9es, voire pas du tout appliqu\u00e9es, ne font pas l\u2019objet de mesures de suivi ou de contr\u00f4le, ou se heurtent \u00e0 divers blocages, que ce soit \u00e0 l\u2019\u00e9chelle locale, nationale ou europ\u00e9enne\u201d<\/em>, soulignent les auteurs. Notamment, la r\u00e9duction des d\u00e9chets plastiques souffre de lenteurs. Si la l\u00e9gislation pr\u00e9voit de diviser par deux les bouteilles en plastique \u00e0 usage unique mises sur le march\u00e9 d\u2019ici 2030, leur nombre a progress\u00e9 de 4% entre 2021 et 2022. Afin d\u2019inverser cette trajectoire, les parlementaires proposent d\u2019imposer aux producteurs l\u2019\u00e9laboration de plans de r\u00e9duction. Plus globalement, les auteurs du rapport regrettent la concentration des efforts men\u00e9es \u201c<em>sur l\u2019aval du cycle de vie d\u2019un produit, et notamment sur le tri, la collecte et le recyclage des d\u00e9chets\u201c au d\u00e9triment de \u201cla pr\u00e9vention de la production de d\u00e9chets, l\u2019\u00e9coconception, et le r\u00e9emploi ou la r\u00e9utilisation<\/em>.\u201d Pourtant prioritaires dans la hi\u00e9rarchie des modes de traitement, les leviers de r\u00e9duction des d\u00e9chets restent en effet \u201c<em>les parents pauvres de la loi<\/em>\u201d, disent-ils.<\/p>\n\n\n\n<p id=\"ember284\">Jeux olympiques toujours, <strong>le \u00ab\u00a0encore rat\u00e9 de la semaine\u00a0\u00bb<\/strong> est l\u2019entra\u00eenement des nageurs fran\u00e7ais dans la Seine\u00a0: trop pollu\u00e9e, \u00e0 nouveau, mais aussi trop agit\u00e9e, avec de forts courants. Le r\u00e9sultat de s\u00e9quences pluvieuses trop fr\u00e9quentes, ces derniers temps \u2013 relire nos informations sur \u00ab\u00a0le printemps pourri\u00a0\u00bb au d\u00e9but de cette Breaking (RE)NEWS. Plus grave\u00a0: la Maire de Paris, Anne Hidalgo, a d\u00fb annoncer le report de son propre bain. Mais elle ne renonce pas au principe, explique <a href=\"https:\/\/www.liberation.fr\/sports\/jeux-olympiques\/jo-paris-2024-la-seine-encore-trop-sale-pour-que-les-nageurs-francais-sentrainent-20240607_U5TOUI5URRGB3FZQRUU3MGCTZ4\/?redirected=1&amp;redirected=1\">Lib\u00e9ration<\/a> : l\u2019\u00e9dile prendra bien son bain avant la tenue des JO, le 30 juin, jure-t-elle\u00a0!<\/p>\n\n\n\n<p id=\"ember286\">Plus s\u00e9rieusement, \u00e0 propos d\u2019eau, la carte de la semaine nous est apport\u00e9e par \u00ab <a href=\"https:\/\/www.linkedin.com\/posts\/les-greniers-d-abondance_eau-ressource-saezcheresse-activity-7091618142287708160-_rNl?utm_source=share&amp;utm_medium=member_desktop\">Les Greniers d\u2019Abondance <\/a>\u00bb et elle traduit en chiffre la d\u00e9pendance \u00e0 l\u2019eau de nos belles communes fran\u00e7aises. Elle a \u00e9t\u00e9 r\u00e9alis\u00e9e en croisant les indicateurs \u00ab\u00a0Pr\u00e9l\u00e8vement en eau\u00a0\u00bb, c&rsquo;est \u00e0 dire le volume en m3 utilis\u00e9 de 2012 \u00e0 2020 sur chaque zone et la fr\u00e9quence des \u00ab\u00a0arr\u00eat\u00e9s s\u00e9cheresse\u00a0\u00bb sur les 5 derni\u00e8res ann\u00e9es. L\u2019occasion de rappeler que sur la d\u00e9cennie 2010-2020, la consommation d\u2019eau s\u2019est r\u00e9partie entre 58% pour l\u2019agriculture ; 26% pour l\u2019eau potable ; 12% pour l\u2019\u00e9nergie ; 4% pour toutes les autres industries. (INRAE) alors qu\u2019en 1995, la r\u00e9partition \u00e9tait diff\u00e9rente&nbsp;: 43% pour l&rsquo;agriculture, 42% pour l&rsquo;eau potable et 15% pour le reste. La part des pr\u00e9l\u00e8vements agricoles sur l&rsquo;eau a donc augment\u00e9 de fa\u00e7on consid\u00e9rable sur les derni\u00e8res d\u00e9cennies, tandis que la part d&rsquo;eau potable a chut\u00e9. En 5 ans, les pr\u00e9l\u00e8vements pour l&rsquo;irrigation agricole ont augment\u00e9 de 22%, tandis que les arr\u00eat\u00e9s \u00ab\u00a0s\u00e9cheresse\u00a0\u00bb ont \u00e9t\u00e9 multipli\u00e9es par 4. On pose la question&nbsp;: n\u2019est-il pas temps de r\u00e9fl\u00e9chir \u00e0 une agriculture moins dispendieuse en consommation d\u2019eau&nbsp;?<\/p>\n\n\n\n<figure class=\"wp-block-image\"><img decoding=\"async\" src=\"https:\/\/media.licdn.com\/dms\/image\/D4E12AQG1EKDUpQNnkA\/article-inline_image-shrink_1500_2232\/0\/1717793058834?e=1724889600&amp;v=beta&amp;t=hHz_VG_pstDSUmBmnpDQ0cBGkuHNgH_kiaSlRLG0I3c\" alt=\"\"\/><\/figure>\n\n\n\n<p id=\"ember292\">Eau toujours, le WWF lance <strong>l\u2019alerte de la semaine<\/strong> dans un rapport rendu public \u00e0 l\u2019occasion de la Journ\u00e9e internationale de la biodiversit\u00e9, et repris par <a href=\"https:\/\/www.lemonde.fr\/climat\/article\/2024\/05\/22\/la-biodiversite-dans-les-rivieres-francaises-est-menacee-selon-le-wwf_6234794_1652612.html?lmd_medium=al&amp;lmd_campaign=envoye-par-appli&amp;lmd_creation=ios&amp;lmd_source=mail\">Le Monde<\/a>, sur le fait que moins de la moiti\u00e9 des rivi\u00e8res est en bon \u00e9tat \u00e9cologique : 43,1 % en 2019, chiffre des agences de l\u2019eau repris par l\u2019ONG. Le WWF a voulu \u00e9tablir un \u00e9tat de sant\u00e9 de la vie dans les rivi\u00e8res en France m\u00e9tropolitaine en publiant un \u00ab indice rivi\u00e8res vivantes \u00bb fond\u00e9 sur les donn\u00e9es de programmes de surveillance. Il conclut \u00e0 un d\u00e9clin des populations de poissons et d\u2019oiseaux observ\u00e9s depuis vingt ans, malgr\u00e9 les sommes colossales d\u00e9pens\u00e9es \u2013 estim\u00e9es \u00e0 500 milliards d\u2019euros pour la politique de l\u2019eau. L\u2019une des victimes de cette d\u00e9gradation, la charmante cistude, une tortue d\u2019eau douce dont les pattes sont recouvertes de petites taches jaunes, que vous avez peut-\u00eatre eu la chance de croiser, nageant dans nos rivi\u00e8res&nbsp;:<\/p>\n\n\n\n<figure class=\"wp-block-image\"><img decoding=\"async\" src=\"https:\/\/media.licdn.com\/dms\/image\/D4E12AQFJU-TYAQFHNQ\/article-inline_image-shrink_1500_2232\/0\/1717793077203?e=1724889600&amp;v=beta&amp;t=34rAJLtfWit8iQDvWM7p9nHe3pXqp-V8HBtmwaYauuU\" alt=\"\"\/><\/figure>\n\n\n\n<p id=\"ember294\">La <strong>devinette de la semaine derni\u00e8re <\/strong>semblait \u00eatre ridiculement ais\u00e9e mais ne l\u2019\u00e9tait pas. Quel est le point culminant du monde\u00a0? L\u2019indice\u00a0\u00e9tait qu\u2019il \u00e9tait inutile de tenter de vous rappeler vos cours d\u2019\u00e9cole \u00e9l\u00e9mentaire, nous n\u2019y auriez pas trouv\u00e9 la bonne r\u00e9ponse. De fait, l\u2019Everest, avec son sommet culminant \u00e0 8 849 m\u00e8tres d\u2019altitude est certes le point le plus \u00e9lev\u00e9 par rapport au niveau de la mer, mais pas par rapport au centre de la terre\u2026 Le \u00ab\u00a0cosmographe\u00a0\u00bb, et enseignant \u00e0 Sciences-Po Maxime Blondeau, nous r\u00e9v\u00e8le sur <a href=\"https:\/\/www.linkedin.com\/posts\/maxime-blondeau-a71b6521_geo-montagne-everest-activity-7194946948645175296-mZ4v?utm_source=share&amp;utm_medium=member_desktop\">LinkedIn<\/a> pourquoi le Mont Chimborazo, un volcan des Andes culminant \u00e0 6 263 m d\u2019altitude au sud de Quito, la capitale de la R\u00e9publique d&rsquo;Equateur, est le vrai point culminant du monde\u00a0: \u00a0\u00ab <em>(\u2026) parce que la distance entre le Mont Chimborazo et le centre de la Terre est plus grande qu&rsquo;avec l&rsquo;Everest. C&rsquo;est le point culminant, non pas depuis le niveau de la mer, mais depuis le centre du globe. Car la Terre n&rsquo;est pas une sph\u00e8re. Elle est ellipso\u00efdale. Le rayon de la Terre est d&rsquo;environ 21 km plus grand \u00e0 l&rsquo;\u00e9quateur qu&rsquo;aux p\u00f4les, et le Chimborazo est pratiquement sur la ligne d&rsquo;\u00e9quateur, ce qui l&rsquo;\u00e9loigne du centre, bien plus que les sommets de l&rsquo;Himalaya<\/em>.\u00a0\u00bb<\/p>\n\n\n\n<p id=\"ember295\"><strong>La devinette de la semaine<\/strong> est beaucoup plus \u00ab\u00a0terre \u00e0 terre\u00a0\u00bb. Quelle est l\u2019entreprise qui depuis cette semaine \u00ab\u00a0p\u00e8se\u00a0\u00bb plus que nos 40 fleurons fran\u00e7ais r\u00e9unis au sein du CAC 40\u00a0? L\u2019indice\u00a0: elle ne concerne ni le luxe, ni le secteur automobile, ni le p\u00e9trole, ni la finance. Indice suppl\u00e9mentaire, car on vous aime bien\u00a0: son fondateur et toujours CEO est n\u00e9 \u00e0 Tainan, capitale culturelle de Ta\u00efwan.<\/p>\n\n\n\n<p id=\"ember297\">Bonnes lectures et bon week-end&nbsp;!<\/p>\n\n\n\n<p id=\"ember299\">[Pour rappel, (RE)SET, fond\u00e9 en 2019, est le premier cabinet de conseil ind\u00e9pendant d\u00e9di\u00e9 \u00e0 la transition \u00e9conomique et environnementale et taill\u00e9 pour l\u2019action. \u00ab (RE)SET : resources to win environmental and economic battles ! \u00bb Forc\u00e9ment partielle, parfois partiale, toujours engag\u00e9e, cette revue des m\u00e9dias au ton souvent enlev\u00e9, voire impertinent, n\u2019engage aucunement (RE)SET dans ses activit\u00e9s de conseil mais elle brosse un portrait que nous estimons int\u00e9ressant de l\u2019\u00e9tat de la transition telle qu\u2019elle transpara\u00eet dans la presse et les travaux de recherche. Une photographie du d\u00e9bat, des forces en pr\u00e9sence, des oppositions, des convergences, que nous esp\u00e9rons utile \u00e0 vos d\u00e9cisions et \u00e0 la construction de vos strat\u00e9gies de transition.]<\/p>\n","protected":false},"excerpt":{"rendered":"<p>Bonjour, La principale nouvelle de la semaine, ce n\u2019est pas la tenue des \u00e9lections europ\u00e9ennes, encore moins la visite concomitante de Joe Biden et de Volodimir Zelensky \u00e0 Paris, ni m\u00eame les nouveaux records mondiaux de temp\u00e9rature. Non, la nouvelle de la semaine, c\u2019est cela&nbsp;: Oui, vous avez bien lu, (RE)SET acc\u00e9l\u00e8re encore sa croissance [&hellip;]<\/p>\n","protected":false},"author":1,"featured_media":5036,"comment_status":"open","ping_status":"open","sticky":false,"template":"","format":"standard","meta":{"content-type":"","footnotes":""},"categories":[1],"tags":[33],"class_list":["post-5034","post","type-post","status-publish","format-standard","has-post-thumbnail","hentry","category-breaking-renews","tag-breaking-renews"],"yoast_head":"<!-- This site is optimized with the Yoast SEO plugin v27.4 - https:\/\/yoast.com\/product\/yoast-seo-wordpress\/ -->\n<title>BREAKING (RE)NEWS DU 08 JUIN 2024 - (RE)SET - Cabinet de conseil en transition \u00e9conomique et environnementale<\/title>\n<meta name=\"description\" content=\"(RE)SET rejoint Julhiet Sterwen pour devenir un leader du conseil en transitions durables. D\u00e9couvrez leur collaboration prometteuse.\" \/>\n<meta name=\"robots\" content=\"index, follow, max-snippet:-1, max-image-preview:large, max-video-preview:-1\" \/>\n<link rel=\"canonical\" href=\"https:\/\/reset.earth\/en\/breaking-renews-du-08-juin-2024\/\" \/>\n<meta property=\"og:locale\" content=\"en_US\" \/>\n<meta property=\"og:type\" content=\"article\" \/>\n<meta property=\"og:title\" content=\"BREAKING (RE)NEWS DU 08 JUIN 2024 - (RE)SET - Cabinet de conseil en transition \u00e9conomique et environnementale\" \/>\n<meta property=\"og:description\" content=\"(RE)SET rejoint Julhiet Sterwen pour devenir un leader du conseil en transitions durables. D\u00e9couvrez leur collaboration prometteuse.\" \/>\n<meta property=\"og:url\" content=\"https:\/\/reset.earth\/en\/breaking-renews-du-08-juin-2024\/\" \/>\n<meta property=\"og:site_name\" content=\"(RE)SET - Cabinet de conseil en transition \u00e9conomique et environnementale\" \/>\n<meta property=\"article:published_time\" content=\"2024-06-08T09:58:22+00:00\" \/>\n<meta property=\"article:modified_time\" content=\"2025-03-27T14:51:04+00:00\" \/>\n<meta property=\"og:image\" content=\"https:\/\/reset.earth\/wp-content\/uploads\/2024\/06\/Capture-decran-2024-06-25-a-11.56.41.png\" \/>\n\t<meta property=\"og:image:width\" content=\"572\" \/>\n\t<meta property=\"og:image:height\" content=\"788\" \/>\n\t<meta property=\"og:image:type\" content=\"image\/png\" \/>\n<meta name=\"author\" content=\"rrn46\" \/>\n<meta name=\"twitter:card\" content=\"summary_large_image\" \/>\n<meta name=\"twitter:label1\" content=\"Written by\" \/>\n\t<meta name=\"twitter:data1\" content=\"rrn46\" \/>\n\t<meta name=\"twitter:label2\" content=\"Est. reading time\" \/>\n\t<meta name=\"twitter:data2\" content=\"25 minutes\" \/>\n<script type=\"application\/ld+json\" class=\"yoast-schema-graph\">{\"@context\":\"https:\\\/\\\/schema.org\",\"@graph\":[{\"@type\":\"Article\",\"@id\":\"https:\\\/\\\/reset.earth\\\/breaking-renews-du-08-juin-2024\\\/#article\",\"isPartOf\":{\"@id\":\"https:\\\/\\\/reset.earth\\\/breaking-renews-du-08-juin-2024\\\/\"},\"author\":{\"name\":\"rrn46\",\"@id\":\"https:\\\/\\\/reset.earth\\\/#\\\/schema\\\/person\\\/61b723981bbd92aa0a2f1e8180985059\"},\"headline\":\"BREAKING (RE)NEWS DU 08 JUIN 2024\",\"datePublished\":\"2024-06-08T09:58:22+00:00\",\"dateModified\":\"2025-03-27T14:51:04+00:00\",\"mainEntityOfPage\":{\"@id\":\"https:\\\/\\\/reset.earth\\\/breaking-renews-du-08-juin-2024\\\/\"},\"wordCount\":4786,\"commentCount\":0,\"publisher\":{\"@id\":\"https:\\\/\\\/reset.earth\\\/#organization\"},\"image\":{\"@id\":\"https:\\\/\\\/reset.earth\\\/breaking-renews-du-08-juin-2024\\\/#primaryimage\"},\"thumbnailUrl\":\"https:\\\/\\\/reset.earth\\\/wp-content\\\/uploads\\\/2024\\\/06\\\/Capture-decran-2024-06-25-a-11.56.41.png\",\"keywords\":[\"Breaking Renews\"],\"articleSection\":[\"Breaking Renews\"],\"inLanguage\":\"en-US\",\"potentialAction\":[{\"@type\":\"CommentAction\",\"name\":\"Comment\",\"target\":[\"https:\\\/\\\/reset.earth\\\/breaking-renews-du-08-juin-2024\\\/#respond\"]}]},{\"@type\":\"WebPage\",\"@id\":\"https:\\\/\\\/reset.earth\\\/breaking-renews-du-08-juin-2024\\\/\",\"url\":\"https:\\\/\\\/reset.earth\\\/breaking-renews-du-08-juin-2024\\\/\",\"name\":\"BREAKING (RE)NEWS DU 08 JUIN 2024 - (RE)SET - Cabinet de conseil en transition \u00e9conomique et environnementale\",\"isPartOf\":{\"@id\":\"https:\\\/\\\/reset.earth\\\/#website\"},\"primaryImageOfPage\":{\"@id\":\"https:\\\/\\\/reset.earth\\\/breaking-renews-du-08-juin-2024\\\/#primaryimage\"},\"image\":{\"@id\":\"https:\\\/\\\/reset.earth\\\/breaking-renews-du-08-juin-2024\\\/#primaryimage\"},\"thumbnailUrl\":\"https:\\\/\\\/reset.earth\\\/wp-content\\\/uploads\\\/2024\\\/06\\\/Capture-decran-2024-06-25-a-11.56.41.png\",\"datePublished\":\"2024-06-08T09:58:22+00:00\",\"dateModified\":\"2025-03-27T14:51:04+00:00\",\"description\":\"(RE)SET rejoint Julhiet Sterwen pour devenir un leader du conseil en transitions durables. D\u00e9couvrez leur collaboration prometteuse.\",\"breadcrumb\":{\"@id\":\"https:\\\/\\\/reset.earth\\\/breaking-renews-du-08-juin-2024\\\/#breadcrumb\"},\"inLanguage\":\"en-US\",\"potentialAction\":[{\"@type\":\"ReadAction\",\"target\":[\"https:\\\/\\\/reset.earth\\\/breaking-renews-du-08-juin-2024\\\/\"]}]},{\"@type\":\"ImageObject\",\"inLanguage\":\"en-US\",\"@id\":\"https:\\\/\\\/reset.earth\\\/breaking-renews-du-08-juin-2024\\\/#primaryimage\",\"url\":\"https:\\\/\\\/reset.earth\\\/wp-content\\\/uploads\\\/2024\\\/06\\\/Capture-decran-2024-06-25-a-11.56.41.png\",\"contentUrl\":\"https:\\\/\\\/reset.earth\\\/wp-content\\\/uploads\\\/2024\\\/06\\\/Capture-decran-2024-06-25-a-11.56.41.png\",\"width\":572,\"height\":788},{\"@type\":\"BreadcrumbList\",\"@id\":\"https:\\\/\\\/reset.earth\\\/breaking-renews-du-08-juin-2024\\\/#breadcrumb\",\"itemListElement\":[{\"@type\":\"ListItem\",\"position\":1,\"name\":\"Home\",\"item\":\"https:\\\/\\\/reset.earth\\\/\"},{\"@type\":\"ListItem\",\"position\":2,\"name\":\"BREAKING (RE)NEWS DU 08 JUIN 2024\"}]},{\"@type\":\"WebSite\",\"@id\":\"https:\\\/\\\/reset.earth\\\/#website\",\"url\":\"https:\\\/\\\/reset.earth\\\/\",\"name\":\"(RE)SET - 1er cabinet de conseil en transition \u00e9conomique et environnementale\",\"description\":\"Resources to win environmental and economic battles\",\"publisher\":{\"@id\":\"https:\\\/\\\/reset.earth\\\/#organization\"},\"potentialAction\":[{\"@type\":\"SearchAction\",\"target\":{\"@type\":\"EntryPoint\",\"urlTemplate\":\"https:\\\/\\\/reset.earth\\\/?s={search_term_string}\"},\"query-input\":{\"@type\":\"PropertyValueSpecification\",\"valueRequired\":true,\"valueName\":\"search_term_string\"}}],\"inLanguage\":\"en-US\"},{\"@type\":\"Organization\",\"@id\":\"https:\\\/\\\/reset.earth\\\/#organization\",\"name\":\"(RE)SET - 1er cabinet de conseil en transition \u00e9conomique et environnementale\",\"url\":\"https:\\\/\\\/reset.earth\\\/\",\"logo\":{\"@type\":\"ImageObject\",\"inLanguage\":\"en-US\",\"@id\":\"https:\\\/\\\/reset.earth\\\/#\\\/schema\\\/logo\\\/image\\\/\",\"url\":\"https:\\\/\\\/reset.earth\\\/wp-content\\\/uploads\\\/2023\\\/10\\\/DARK-BLUE-RESET.png\",\"contentUrl\":\"https:\\\/\\\/reset.earth\\\/wp-content\\\/uploads\\\/2023\\\/10\\\/DARK-BLUE-RESET.png\",\"width\":1856,\"height\":538,\"caption\":\"(RE)SET - 1er cabinet de conseil en transition \u00e9conomique et environnementale\"},\"image\":{\"@id\":\"https:\\\/\\\/reset.earth\\\/#\\\/schema\\\/logo\\\/image\\\/\"}},{\"@type\":\"Person\",\"@id\":\"https:\\\/\\\/reset.earth\\\/#\\\/schema\\\/person\\\/61b723981bbd92aa0a2f1e8180985059\",\"name\":\"rrn46\",\"image\":{\"@type\":\"ImageObject\",\"inLanguage\":\"en-US\",\"@id\":\"https:\\\/\\\/secure.gravatar.com\\\/avatar\\\/fd3b8b26689fa3743439e0d0fb6ac29090b786fd3dc992a2c46370fa063ef24e?s=96&d=mm&r=g\",\"url\":\"https:\\\/\\\/secure.gravatar.com\\\/avatar\\\/fd3b8b26689fa3743439e0d0fb6ac29090b786fd3dc992a2c46370fa063ef24e?s=96&d=mm&r=g\",\"contentUrl\":\"https:\\\/\\\/secure.gravatar.com\\\/avatar\\\/fd3b8b26689fa3743439e0d0fb6ac29090b786fd3dc992a2c46370fa063ef24e?s=96&d=mm&r=g\",\"caption\":\"rrn46\"},\"sameAs\":[\"https:\\\/\\\/reset.earth\"],\"url\":\"https:\\\/\\\/reset.earth\\\/en\\\/author\\\/rrn46\\\/\"}]}<\/script>\n<!-- \/ Yoast SEO plugin. -->","yoast_head_json":{"title":"BREAKING (RE)NEWS DU 08 JUIN 2024 - (RE)SET - Cabinet de conseil en transition \u00e9conomique et environnementale","description":"(RE)SET rejoint Julhiet Sterwen pour devenir un leader du conseil en transitions durables. D\u00e9couvrez leur collaboration prometteuse.","robots":{"index":"index","follow":"follow","max-snippet":"max-snippet:-1","max-image-preview":"max-image-preview:large","max-video-preview":"max-video-preview:-1"},"canonical":"https:\/\/reset.earth\/en\/breaking-renews-du-08-juin-2024\/","og_locale":"en_US","og_type":"article","og_title":"BREAKING (RE)NEWS DU 08 JUIN 2024 - (RE)SET - Cabinet de conseil en transition \u00e9conomique et environnementale","og_description":"(RE)SET rejoint Julhiet Sterwen pour devenir un leader du conseil en transitions durables. D\u00e9couvrez leur collaboration prometteuse.","og_url":"https:\/\/reset.earth\/en\/breaking-renews-du-08-juin-2024\/","og_site_name":"(RE)SET - Cabinet de conseil en transition \u00e9conomique et environnementale","article_published_time":"2024-06-08T09:58:22+00:00","article_modified_time":"2025-03-27T14:51:04+00:00","og_image":[{"width":572,"height":788,"url":"https:\/\/reset.earth\/wp-content\/uploads\/2024\/06\/Capture-decran-2024-06-25-a-11.56.41.png","type":"image\/png"}],"author":"rrn46","twitter_card":"summary_large_image","twitter_misc":{"Written by":"rrn46","Est. reading time":"25 minutes"},"schema":{"@context":"https:\/\/schema.org","@graph":[{"@type":"Article","@id":"https:\/\/reset.earth\/breaking-renews-du-08-juin-2024\/#article","isPartOf":{"@id":"https:\/\/reset.earth\/breaking-renews-du-08-juin-2024\/"},"author":{"name":"rrn46","@id":"https:\/\/reset.earth\/#\/schema\/person\/61b723981bbd92aa0a2f1e8180985059"},"headline":"BREAKING (RE)NEWS DU 08 JUIN 2024","datePublished":"2024-06-08T09:58:22+00:00","dateModified":"2025-03-27T14:51:04+00:00","mainEntityOfPage":{"@id":"https:\/\/reset.earth\/breaking-renews-du-08-juin-2024\/"},"wordCount":4786,"commentCount":0,"publisher":{"@id":"https:\/\/reset.earth\/#organization"},"image":{"@id":"https:\/\/reset.earth\/breaking-renews-du-08-juin-2024\/#primaryimage"},"thumbnailUrl":"https:\/\/reset.earth\/wp-content\/uploads\/2024\/06\/Capture-decran-2024-06-25-a-11.56.41.png","keywords":["Breaking Renews"],"articleSection":["Breaking Renews"],"inLanguage":"en-US","potentialAction":[{"@type":"CommentAction","name":"Comment","target":["https:\/\/reset.earth\/breaking-renews-du-08-juin-2024\/#respond"]}]},{"@type":"WebPage","@id":"https:\/\/reset.earth\/breaking-renews-du-08-juin-2024\/","url":"https:\/\/reset.earth\/breaking-renews-du-08-juin-2024\/","name":"BREAKING (RE)NEWS DU 08 JUIN 2024 - (RE)SET - Cabinet de conseil en transition \u00e9conomique et environnementale","isPartOf":{"@id":"https:\/\/reset.earth\/#website"},"primaryImageOfPage":{"@id":"https:\/\/reset.earth\/breaking-renews-du-08-juin-2024\/#primaryimage"},"image":{"@id":"https:\/\/reset.earth\/breaking-renews-du-08-juin-2024\/#primaryimage"},"thumbnailUrl":"https:\/\/reset.earth\/wp-content\/uploads\/2024\/06\/Capture-decran-2024-06-25-a-11.56.41.png","datePublished":"2024-06-08T09:58:22+00:00","dateModified":"2025-03-27T14:51:04+00:00","description":"(RE)SET rejoint Julhiet Sterwen pour devenir un leader du conseil en transitions durables. D\u00e9couvrez leur collaboration prometteuse.","breadcrumb":{"@id":"https:\/\/reset.earth\/breaking-renews-du-08-juin-2024\/#breadcrumb"},"inLanguage":"en-US","potentialAction":[{"@type":"ReadAction","target":["https:\/\/reset.earth\/breaking-renews-du-08-juin-2024\/"]}]},{"@type":"ImageObject","inLanguage":"en-US","@id":"https:\/\/reset.earth\/breaking-renews-du-08-juin-2024\/#primaryimage","url":"https:\/\/reset.earth\/wp-content\/uploads\/2024\/06\/Capture-decran-2024-06-25-a-11.56.41.png","contentUrl":"https:\/\/reset.earth\/wp-content\/uploads\/2024\/06\/Capture-decran-2024-06-25-a-11.56.41.png","width":572,"height":788},{"@type":"BreadcrumbList","@id":"https:\/\/reset.earth\/breaking-renews-du-08-juin-2024\/#breadcrumb","itemListElement":[{"@type":"ListItem","position":1,"name":"Home","item":"https:\/\/reset.earth\/"},{"@type":"ListItem","position":2,"name":"BREAKING (RE)NEWS DU 08 JUIN 2024"}]},{"@type":"WebSite","@id":"https:\/\/reset.earth\/#website","url":"https:\/\/reset.earth\/","name":"(RE)SET - 1er cabinet de conseil en transition \u00e9conomique et environnementale","description":"Resources to win environmental and economic battles","publisher":{"@id":"https:\/\/reset.earth\/#organization"},"potentialAction":[{"@type":"SearchAction","target":{"@type":"EntryPoint","urlTemplate":"https:\/\/reset.earth\/?s={search_term_string}"},"query-input":{"@type":"PropertyValueSpecification","valueRequired":true,"valueName":"search_term_string"}}],"inLanguage":"en-US"},{"@type":"Organization","@id":"https:\/\/reset.earth\/#organization","name":"(RE)SET - 1er cabinet de conseil en transition \u00e9conomique et environnementale","url":"https:\/\/reset.earth\/","logo":{"@type":"ImageObject","inLanguage":"en-US","@id":"https:\/\/reset.earth\/#\/schema\/logo\/image\/","url":"https:\/\/reset.earth\/wp-content\/uploads\/2023\/10\/DARK-BLUE-RESET.png","contentUrl":"https:\/\/reset.earth\/wp-content\/uploads\/2023\/10\/DARK-BLUE-RESET.png","width":1856,"height":538,"caption":"(RE)SET - 1er cabinet de conseil en transition \u00e9conomique et environnementale"},"image":{"@id":"https:\/\/reset.earth\/#\/schema\/logo\/image\/"}},{"@type":"Person","@id":"https:\/\/reset.earth\/#\/schema\/person\/61b723981bbd92aa0a2f1e8180985059","name":"rrn46","image":{"@type":"ImageObject","inLanguage":"en-US","@id":"https:\/\/secure.gravatar.com\/avatar\/fd3b8b26689fa3743439e0d0fb6ac29090b786fd3dc992a2c46370fa063ef24e?s=96&d=mm&r=g","url":"https:\/\/secure.gravatar.com\/avatar\/fd3b8b26689fa3743439e0d0fb6ac29090b786fd3dc992a2c46370fa063ef24e?s=96&d=mm&r=g","contentUrl":"https:\/\/secure.gravatar.com\/avatar\/fd3b8b26689fa3743439e0d0fb6ac29090b786fd3dc992a2c46370fa063ef24e?s=96&d=mm&r=g","caption":"rrn46"},"sameAs":["https:\/\/reset.earth"],"url":"https:\/\/reset.earth\/en\/author\/rrn46\/"}]}},"_links":{"self":[{"href":"https:\/\/reset.earth\/en\/wp-json\/wp\/v2\/posts\/5034","targetHints":{"allow":["GET"]}}],"collection":[{"href":"https:\/\/reset.earth\/en\/wp-json\/wp\/v2\/posts"}],"about":[{"href":"https:\/\/reset.earth\/en\/wp-json\/wp\/v2\/types\/post"}],"author":[{"embeddable":true,"href":"https:\/\/reset.earth\/en\/wp-json\/wp\/v2\/users\/1"}],"replies":[{"embeddable":true,"href":"https:\/\/reset.earth\/en\/wp-json\/wp\/v2\/comments?post=5034"}],"version-history":[{"count":1,"href":"https:\/\/reset.earth\/en\/wp-json\/wp\/v2\/posts\/5034\/revisions"}],"predecessor-version":[{"id":5037,"href":"https:\/\/reset.earth\/en\/wp-json\/wp\/v2\/posts\/5034\/revisions\/5037"}],"wp:featuredmedia":[{"embeddable":true,"href":"https:\/\/reset.earth\/en\/wp-json\/wp\/v2\/media\/5036"}],"wp:attachment":[{"href":"https:\/\/reset.earth\/en\/wp-json\/wp\/v2\/media?parent=5034"}],"wp:term":[{"taxonomy":"category","embeddable":true,"href":"https:\/\/reset.earth\/en\/wp-json\/wp\/v2\/categories?post=5034"},{"taxonomy":"post_tag","embeddable":true,"href":"https:\/\/reset.earth\/en\/wp-json\/wp\/v2\/tags?post=5034"}],"curies":[{"name":"wp","href":"https:\/\/api.w.org\/{rel}","templated":true}]}}