{"id":5038,"date":"2024-06-21T11:04:00","date_gmt":"2024-06-21T10:04:00","guid":{"rendered":"https:\/\/reset.earth\/?p=5038"},"modified":"2025-03-27T15:50:49","modified_gmt":"2025-03-27T14:50:49","slug":"breaking-renews-du-21-juin-2024","status":"publish","type":"post","link":"https:\/\/reset.earth\/en\/breaking-renews-du-21-juin-2024\/","title":{"rendered":"BREAKING (RE)NEWS DU 21 JUIN 2024"},"content":{"rendered":"\n<p id=\"ember233\">Bonjour,<\/p>\n\n\n\n<p id=\"ember234\">La principale nouvelle de la semaine, ce sont les \u00e9lections europ\u00e9ennes et leurs r\u00e9sultats sans surprise majeure, \u00e0 la diff\u00e9rence de leur suite, inattendue&nbsp;: les \u00e9lections l\u00e9gislatives fran\u00e7aises. Bien s\u00fbr, la Breaking (RE)NEWS n\u2019est pas le lieu pour parler (ou faire) de la politique, mais il serait hypocrite, ou na\u00eff, de faire semblant de croire qu\u2019il n\u2019y a pas de lien entre la transition environnementale, son rythme et les choix politiques des uns et des autres. Si aucune formation politique n\u2019\u00e9vacue totalement de son programme la question de la transition, certaines appellent \u00e0 son acc\u00e9l\u00e9ration, d\u2019autres \u00e0 son ralentissement, d\u2019autres encore \u00e0 sa remise en cause et les derni\u00e8res \u00e0 son am\u00e9nagement, dans un sens ou dans un autre&nbsp;: au moins 50 nuances du vert au marron, \u00e0 \u00e9couter les un(e)s et les autres, comme la Breaking (RE)NEWS l\u2019a souvent fait ces derniers mois.<\/p>\n\n\n\n<p id=\"ember235\">A toutes fins utiles et pour tenter d\u2019\u00e9chapper au tropisme fran\u00e7ais consistant \u00e0 avoir d\u00e9j\u00e0 oubli\u00e9 les \u00e9lections europ\u00e9ennes pour ne plus penser qu\u2019aux suivantes, revenons \u00e0 la base, \u00ab <em>soyons radicaux dans l&rsquo;analyse, au sens premier du terme : la racine, l&rsquo;essence des choses<\/em> \u00bb, pour reprendre les termes de G\u00e9raldine Poivert sur <a href=\"https:\/\/www.linkedin.com\/posts\/g%C3%A9raldine-poivert-2920478a_soyons-radicaux-dans-lanalyse-au-sens-premier-activity-7205966659855994882-Fp50?utm_source=share&amp;utm_medium=member_desktop\">LinkedIn<\/a>, dans son post consacr\u00e9 aux r\u00e9sultats du vote europ\u00e9en. Elle d\u00e9butait par un utile rappel&nbsp;: \u00ab <em>il s&rsquo;agissait d&rsquo;\u00e9lire des d\u00e9put\u00e9s au Parlement Europ\u00e9en -et nulle part ailleurs. Au total, ils sont 720, \u00e9lus dans 27 Etats membres de l&rsquo;Union Europ\u00e9enne. Et pendant les 5 prochaines ann\u00e9es, ils voteront, ou non, la poursuite du Green Deal et ses am\u00e9nagements. Tout porte \u00e0 croire qu&rsquo;ils le feront !&nbsp;\u00bb <\/em>Oui, car on l\u2019oublierait presque&nbsp;: la nouvelle majorit\u00e9 qui se d\u00e9gage au Parlement Europ\u00e9en est la m\u00eame que celle des cinq derni\u00e8res ann\u00e9es. Une coalition, comme toujours depuis 1979 et les premi\u00e8res \u00e9lections europ\u00e9ennes au suffrage universel. Une coalition dite \u00ab\u00a0gauche-droite\u00a0\u00bb (PSE-PPE), qui s&rsquo;est \u00e9largie en 2019 aux centristes lib\u00e9raux de \u00ab\u00a0Renew\u00a0\u00bb (compos\u00e9 pour beaucoup de \u00ab\u00a0macronistes\u00a0\u00bb). Comme l&rsquo;indique la projection en si\u00e8ges ci-dessous, le Parlement Europ\u00e9en de demain sera dirig\u00e9 par la m\u00eame majorit\u00e9 qu&rsquo;aujourd&rsquo;hui, certes un brin plus \u00e9troite&nbsp;:<\/p>\n\n\n\n<figure class=\"wp-block-image\"><img decoding=\"async\" src=\"https:\/\/media.licdn.com\/dms\/image\/D4E12AQFIWL5ln2GKpQ\/article-inline_image-shrink_1500_2232\/0\/1718990600450?e=1724889600&amp;v=beta&amp;t=3B_4rahuLBpzpndyN2g1jyJvALxFCYPI1GnFwcJ0R2I\" alt=\"\"\/><\/figure>\n\n\n\n<p id=\"ember238\">Il est m\u00eame probable, nous dit <a href=\"https:\/\/www.lemonde.fr\/international\/article\/2024\/06\/18\/ursula-von-der-leyen-en-lice-pour-etre-reconduite-a-la-presidence-de-la-commission-europeenne_6241035_3210.html\">Le Monde<\/a>, que la Commission Europ\u00e9enne, deuxi\u00e8me pilier de l\u2019Union Europ\u00e9enne (UE), garde de son c\u00f4t\u00e9 la m\u00eame titulaire \u00e0 sa Pr\u00e9sidence : Ursula von der Leyen, candidate \u00e0 sa propre succession. Celle-l\u00e0 m\u00eame qui a port\u00e9, ces derni\u00e8res ann\u00e9es, avec le soutien du Parlement, le fameux Green Deal auquel l\u2019on doit la plupart des avanc\u00e9es r\u00e9glementaires majeures en mati\u00e8re de transition \u00e9conomique et environnementale.<\/p>\n\n\n\n<p id=\"ember239\">Reste une inconnue, s\u2019agissant du troisi\u00e8me pilier et non le moindre, de l\u2019UE&nbsp;: le Conseil Europ\u00e9en. A la diff\u00e9rence du premier, le Parlement, qui ne changera pas ou tr\u00e8s peu dans les cinq prochaines ann\u00e9es, du deuxi\u00e8me, la Commission, qui sauf crise particuli\u00e8re ne changera pas non plus, le troisi\u00e8me, le Conseil est soumis aux al\u00e9as d\u00e9mocratiques des 27 pays membres, chacun \u00e0 son rythme \u00e9lectoral. S\u2019agissant de la France, il ne vous aura pas \u00e9chapp\u00e9 qu\u2019il s\u2019est acc\u00e9l\u00e9r\u00e9. A l\u2019heure o\u00f9 ces lignes sont \u00e9crites, le dernier sondage disponible, que l\u2019on peut trouver en lisant <a href=\"https:\/\/www.challenges.fr\/politique\/sondage-legislatives-2024-le-rn-et-ciotti-tout-proches-de-la-majorite-absolue-le-nouveau-front-populaire-resiste_897047\">Challenges<\/a>, nous permet de projeter l\u2019Assembl\u00e9e nationale ci-dessous&nbsp;:<\/p>\n\n\n\n<figure class=\"wp-block-image\"><img decoding=\"async\" src=\"https:\/\/media.licdn.com\/dms\/image\/D4E12AQF3sNcdkOV41w\/article-inline_image-shrink_1500_2232\/0\/1718990600889?e=1724889600&amp;v=beta&amp;t=bev7lErkz8NZRIsvuL-0dSwLRllBEjslUZ8t00jCYWI\" alt=\"\"\/><\/figure>\n\n\n\n<p id=\"ember242\">On y trouve des similitudes avec l\u2019illustration pr\u00e9c\u00e9dente concernant le Parlement Europ\u00e9en, mais aussi une grande diff\u00e9rence\u00a0: en l\u2019absence de coalition \u00ab\u00a0droite-gauche\u00a0\u00bb, \u00ab\u00a0\u00e0 l\u2019europ\u00e9enne\u00a0\u00bb, on \u00e9prouve quelques difficult\u00e9s \u00e0 imaginer une majorit\u00e9 constructive et stable sortir de cette configuration. Ce qui peut poser question sur la capacit\u00e9 de l\u2019ex\u00e9cutif fran\u00e7ais \u00e0 prendre des d\u00e9cisions importantes dans les prochaines ann\u00e9es. Ce n\u2019est pas un jugement politique de le dire. Mais c\u2019est une vraie difficult\u00e9 dans une p\u00e9riode o\u00f9, pr\u00e9cis\u00e9ment, des inflexions fortes devront \u00eatre prises. L\u00e0 encore, nous sommes dans la Breaking (RE)NEWS, nous ne parlons pas de conflits militaires proches ou lointains, ni m\u00eame des grands \u00e9quilibres Etats-Unis\/Chine\/Europe, mais de mani\u00e8re plus prosa\u00efque des d\u00e9veloppements \u00e0 venir tr\u00e8s vite concernant la transition.<\/p>\n\n\n\n<p id=\"ember243\">D\u2019ailleurs \u00e0 tr\u00e8s court terme, la dissolution de l\u2019Assembl\u00e9e nationale fran\u00e7aise a eu aussi pour cons\u00e9quence le renvoi dans les limbes de textes l\u00e9gislatifs pourtant bien avanc\u00e9s et d\u2019importance, list\u00e9s notamment par <a href=\"https:\/\/www.lexpress.fr\/politique\/dissolution-ces-5-grands-projets-legislatifs-qui-risquent-de-tomber-aux-oubliettes-MDNAJWJ745F45ANKABW6O42HUM\/\">L&rsquo;Express<\/a> :<\/p>\n\n\n\n<p id=\"ember244\">&#8211; La proposition de loi sur les PFAS pour interdire la fabrication, l\u2019importation, l\u2019exportation et la mise sur le march\u00e9 des polluants \u00e9ternels d\u2019ici \u00e0 2026 dans certains produits (cosm\u00e9tiques, farts, v\u00eatements, chaussures\u2026)<\/p>\n\n\n\n<p id=\"ember245\">&#8211; Le projet de loi d\u2019orientation agricole qui pr\u00e9voyait notamment la simplification de la r\u00e9glementation<\/p>\n\n\n\n<p id=\"ember246\">&#8211; Le projet de loi sur la simplification de la vie \u00e9conomique destin\u00e9 \u00e0 mettre en place une trentaine de mesures de simplification pour le fonctionnement des entreprises : r\u00e9duction des d\u00e9marches administratives, red\u00e9finition de la relation entre l\u2019administration et l\u2019entreprise\u2026<\/p>\n\n\n\n<p id=\"ember247\">&#8211; La proposition de loi contre la \u00ab\u00a0fast fashion\u00a0\u00bb destin\u00e9e \u00e0 r\u00e9duire la pollution issue de l\u2019industrie du textile en cr\u00e9ant un malus \u00e9cologique et en interdisant la publicit\u00e9.<\/p>\n\n\n\n<p id=\"ember248\">&#8211; Le projet de loi sur le verdissement des flottes automobiles dont l\u2019objectif est d\u2019atteindre 90 % du parc automobile \u00ab\u00a0\u00e0 tr\u00e8s faibles \u00e9missions\u00a0\u00bb \u00e0 l\u2019horizon 2032<\/p>\n\n\n\n<p id=\"ember249\">Mais aussi, nous rappellent <a href=\"https:\/\/www.lesechos.fr\/politique-societe\/societe\/legislatives-2024-la-planification-ecologique-en-suspens-2101112\">Les Echos<\/a>, la strat\u00e9gie nationale bas carbone (SNBC) et la programmation pluriannuelle de l&rsquo;\u00e9nergie (PPE) qui en d\u00e9coulent devaient \u00eatre publi\u00e9es et mises en consultation cette semaine, pour pouvoir \u00eatre enfin valid\u00e9es. \u00ab <em>Il n&rsquo;est pas possible d&rsquo;ouvrir une consultation dans le contexte actuel. Mais cette publication est juste report\u00e9e de quelques semaines<\/em>\u2026 \u00bb veut-on croire au minist\u00e8re de la Transition \u00e9cologique. Un retard pr\u00e9judiciable, poursuivent Les Echos&nbsp;: \u00ab M\u00eame si le SGPE a d\u00e9j\u00e0 mis en ligne de nombreux documents de planification, ils n&rsquo;ont aucune valeur tant qu&rsquo;ils n&rsquo;ont pas fait l&rsquo;objet de d\u00e9crets&nbsp;\u00bb. Pour rappel, l&rsquo;adoption de ces documents est non seulement pr\u00e9vue par la loi \u00e9nergie et climat de 2019, mais ils doivent aussi servir de base au plan national int\u00e9gr\u00e9 \u00e9nergie-climat, qui doit l\u00e9galement \u00eatre remis \u00e0 Bruxelles\u2026 avant le 30 juin. De la m\u00eame fa\u00e7on, le gouvernement annonce depuis des mois la publication imminente du plan national d&rsquo;adaptation au r\u00e9chauffement climatique (PNACC), un grand chantier lanc\u00e9 en janvier 2023 par le ministre de la Transition \u00e9cologique, Christophe B\u00e9chu. Bref, r\u00e9sument Les Echos, \u00ab&nbsp;la planification \u00e9cologique est en suspens&nbsp;\u00bb. Et pour citer Jules Nyssen, le Pr\u00e9sident du Syndicat des Energies Renouvelables, qui s\u2019exprime dans <a href=\"https:\/\/www.novethic.fr\/environnement\/transition-energetique\/planification-ecologique-loi-agricole-pfas-ces-textes-mis-en-sursis-par-la-dissolution\">Novethic<\/a>, \u00ab&nbsp;c\u2019est grave ce qui se passe. On est dans une instabilit\u00e9 compl\u00e8te, alors qu\u2019on a besoin de s\u00e9curit\u00e9 juridique et de visibilit\u00e9. Et on va en payer cher le prix.&nbsp;\u00bb<\/p>\n\n\n\n<figure class=\"wp-block-image\"><img decoding=\"async\" src=\"https:\/\/media.licdn.com\/dms\/image\/D4E12AQG-5ukq7OvY9w\/article-inline_image-shrink_1500_2232\/0\/1718990600208?e=1724889600&amp;v=beta&amp;t=ARL6GI1vCp24Y4kZOwVauIxE66UWvg1MBImkOOD2wss\" alt=\"\"\/><\/figure>\n\n\n\n<p id=\"ember253\">Ce qui n\u2019est pas en suspens, ce sont nos <strong>rubriques hebdomadaires<\/strong>, en commen\u00e7ant comme d\u2019habitude par quelques consid\u00e9rations m\u00e9t\u00e9orologiques\u00a0! La pr\u00e9c\u00e9dente Breaking (RE)NEWS revenait sur le \u00ab\u00a0printemps pourri\u00a0\u00bb que conna\u00eet la France. Eh bien, il se poursuit. Si les temp\u00e9ratures restent en moyenne \u00e9lev\u00e9es, la pluviom\u00e9trie est au plus haut. Et cela se traduit, un mal pour un bien, par des nappes phr\u00e9atiques dans \u00ab\u00a0un \u00e9tat tr\u00e8s satisfaisant\u00a0\u00bb, nous dit <a href=\"https:\/\/www.lemonde.fr\/planete\/article\/2024\/06\/14\/l-etat-des-nappes-phreatiques-est-tres-satisfaisant-sur-une-large-partie-du-pays-a-l-approche-de-l-ete_6239941_3244.html?lmd_medium=al&amp;lmd_campaign=envoye-par-appli&amp;lmd_creation=ios&amp;lmd_source=mail\">Le Monde<\/a>, ce qui n\u2019\u00e9tait pas arriv\u00e9 en France depuis des ann\u00e9es. Petite carte r\u00e9jouissante, donc, notamment pour l\u2019agriculture et la ressource en eau\u00a0(moins pour le moral des m\u00e9nages, mais on ne peut pas tout avoir)\u00a0:<\/p>\n\n\n\n<figure class=\"wp-block-image\"><img decoding=\"async\" src=\"https:\/\/media.licdn.com\/dms\/image\/D4E12AQEUf5GLz7Qocg\/article-inline_image-shrink_1500_2232\/0\/1718990601010?e=1724889600&amp;v=beta&amp;t=r29hwBSp08GQfVW-_ee9C0pVy8-gLP5jiXmNLUPMC6E\" alt=\"\"\/><\/figure>\n\n\n\n<p id=\"ember256\">Climat encore, <strong>le \u00ab\u00a0peut mieux faire\u00a0\u00bb de la semaine<\/strong> est donn\u00e9 aux autorit\u00e9s fran\u00e7aises par le Haut Conseil pour le Climat dans son dernier rapport annuel, fra\u00eechement publi\u00e9. Il est t\u00e9l\u00e9chargeable ici et on vous invite \u00e0 le faire car la vision m\u00e9diatique du sujet semble parfois biais\u00e9e. Ainsi, \u00e0 partir du m\u00eame rapport, Les Echos \u00e9voquent un \u00ab\u00a0satisfecit\u00a0\u00bb donn\u00e9 au gouvernement, <a href=\"https:\/\/www.liberation.fr\/environnement\/climat\/climat-les-experts-independants-delivrent-un-en-progres-mais-peut-mieux-faire-au-gouvernement-20240620_2FH3YQBJKFEHVJ54Q3QYJM6O3Q\/\">Lib\u00e9ration<\/a> penche pour un \u00ab\u00a0peut mieux faire\u00a0\u00bb tandis qu\u2019<a href=\"https:\/\/www.actu-environnement.com\/ae\/news\/haut-conseil-climat-france-emissions-2023-budget-carbone-44262.php4\">Actu-environnement<\/a> juge les efforts \u00ab\u00a0insuffisants\u00a0\u00bb. Il faut dire que le rapport fait dans les nuances, les m\u00e9dias parfois moins. Notamment, les experts saluent des avanc\u00e9es significatives sur la baisse des \u00e9missions de gaz \u00e0 effet de serre \u2013 qui est r\u00e9elle- mais presse l\u2019Etat de renforcer les actions structurelles. De fait, note le haut Conseil, \u00ab\u00a0le d\u00e9calage se creuse entre les efforts d&rsquo;adaptation fournis, d&rsquo;une part, et les besoins et les vuln\u00e9rabilit\u00e9s, d&rsquo;autre part\u00a0\u00bb. Donc oui, des progr\u00e8s r\u00e9els. Mais non, ils ne sont pas suffisants car \u00ab\u00a0le d\u00e9calage\u00a0\u00bb grandit encore\u2026<\/p>\n\n\n\n<p id=\"ember258\">La <strong>strat\u00e9gie nationale de la semaine<\/strong> a \u00e9vit\u00e9 de peu la dissolution de l\u2018Assembl\u00e9e nationale puisqu\u2019elle a \u00e9t\u00e9 adopt\u00e9e quelques jours avant&nbsp;! Il s\u2019agit de la Strat\u00e9gie Nationale Mer Littoral (SNML) 2030-2040, qui se veut traduire \u00ab&nbsp;une politique durable, ambitieuse et apte \u00e0 r\u00e9pondre aux enjeux soci\u00e9taux et \u00e9cologiques de la prochaine d\u00e9cennie.&nbsp;\u00bb Adopt\u00e9e par d\u00e9cret et sign\u00e9e par 11 ministres, elle \u00ab&nbsp; tous les champs de la politique maritime, de l\u2019\u00e9conomie au patrimoine en passant par la Protection Des Oc\u00e9ans, la formation ou l\u2019innovation&nbsp;\u00bb, nous dit le <a href=\"https:\/\/www.linkedin.com\/posts\/dgampa-mer_meretlittoral-snml-snml-activity-7207409514050924545-xBud?utm_source=share&amp;utm_medium=member_desktop\">Secr\u00e9tariat d\u2019Etat charg\u00e9 de la Mer et de la Biodiversit\u00e9<\/a>. La SNML identifie quatre grandes priorit\u00e9s&nbsp;: la neutralit\u00e9 carbone ; la protection de la biodiversit\u00e9 ; l&rsquo;\u00e9quit\u00e9 sociale ; la comp\u00e9titivit\u00e9 d&rsquo;une \u00e9conomie bleue durable. Tous les d\u00e9tails sont disponibles sur le site du Secr\u00e9tariat d\u2019Etat, <a href=\"https:\/\/www.mer.gouv.fr\/strategie-nationale-pour-la-mer-et-le-littoral\">ici<\/a>.<\/p>\n\n\n\n<figure class=\"wp-block-image\"><img decoding=\"async\" src=\"https:\/\/media.licdn.com\/dms\/image\/D4E12AQEELU1rSgvj_g\/article-inline_image-shrink_1500_2232\/0\/1718990603733?e=1724889600&amp;v=beta&amp;t=Q8GR30vQD8gye3_gfwqJ-9UP1RQg_w1JTvXY_wPHgDU\" alt=\"\"\/><\/figure>\n\n\n\n<p id=\"ember261\">Autre rescap\u00e9e du branlebas \u00e9lectoral, <strong>la loi de la semaine<\/strong> est europ\u00e9enne. Elle est aussi hautement symbolique car son adoption avait \u00e9t\u00e9 repouss\u00e9e \u00e0 maintes reprises. Finalement, gr\u00e2ce \u00e0 la volte-face inattendue de la ministre autrichienne de l\u2019Environnement qui a vot\u00e9 contre l\u2019avis du chancelier de son pays, les 27 ont adopt\u00e9 le lundi 17 juin, avant l\u2019arriv\u00e9e en juillet de la Hongrie \u00e0 la pr\u00e9sidence de l\u2019UE, le r\u00e8glement sur la restauration de la nature, \u00ab\u00a0texte cl\u00e9 du Pacte vert honni par l\u2019extr\u00eame droite\u00a0\u00bb, selon <a href=\"https:\/\/www.liberation.fr\/environnement\/biodiversite\/pacte-vert-leurope-sauve-in-extremis-la-loi-sur-la-restauration-de-la-nature-20240617_MMUKL7R6HZG7XOJDYJKE7FDOX4\/\">Lib\u00e9ration<\/a>. Ce r\u00e8glement vise \u00e0 \u00ab restaurer au moins 20 % des terres et des mers de l\u2019Union europ\u00e9enne d\u2019ici 2030 et l\u2019ensemble des \u00e9cosyst\u00e8mes ayant besoin d\u2019\u00eatre restaur\u00e9s d\u2019ici 2050\u00a0\u00bb. La d\u00e9cision a \u00e9t\u00e9 soutenue par 20 Etats (dont la France) sur 27. Jusqu\u2019\u00e0 pr\u00e9sent, l\u2019Autriche avait officiellement choisi de s\u2019abstenir en raison de divisions au sein de la coalition au pouvoir. Le chancelier (tr\u00e8s) conservateur Karl Nehammer a jug\u00e9 \u00ab ill\u00e9gal \u00bb le vote de sa ministre \u00e9cologiste mena\u00e7ant d\u2019introduire un \u00ab recours en annulation devant la justice europ\u00e9enne \u00bb. Le Belge Alain Maron, dont le pays assure la pr\u00e9sidence de l\u2019Union, a cependant estim\u00e9 qu\u2019il s\u2019agissait d\u2019une \u00ab querelle interne \u00bb \u00e0 l\u2019Autriche, rappelant que \u00ab ce sont les ministres autour de la table qui s\u2019expriment \u00bb. Comme quoi il n\u2019y a pas qu\u2019en France que la situation politique est \u00ab\u00a0compliqu\u00e9e\u00a0\u00bb, pour rester poli.<\/p>\n\n\n\n<p id=\"ember263\">Les <strong>droits de douane de la semaine<\/strong> sont \u00e0 mettre au compteur de l\u2019Union Europ\u00e9enne, qui a d\u00e9cid\u00e9, enfin, de hausser le ton face aux voitures \u00e9lectriques chinoises. On s\u2019en souvient, les Etats-Unis, pays du lib\u00e9ralisme roi, avaient annonc\u00e9 le 14 mai une hausse des droits de douane sur les \u00ab&nbsp;wattures&nbsp;\u00bb chinoises \u00e0 100 %, contre 25 % pr\u00e9c\u00e9demment, transformant le march\u00e9 am\u00e9ricain en forteresse o\u00f9 le champion national Tesla r\u00e8gne sans partage ni concurrence. Bruxelles a annonc\u00e9, mercredi 12 juin, jusqu\u2019\u00e0 28 % de hausse des droits de douane europ\u00e9ens sur les importations de v\u00e9hicules \u00e9lectriques chinois, tout en cherchant \u00e0 \u00e9viter une guerre commerciale avec P\u00e9kin, accus\u00e9 d\u2019avoir favoris\u00e9 ill\u00e9galement ses constructeurs. Les v\u00e9hicules fabriqu\u00e9s en Chine \u00e9taient jusqu\u2019ici tax\u00e9s \u00e0 hauteur de 10 % dans l\u2019UE. <a href=\"https:\/\/www.lemonde.fr\/international\/article\/2024\/06\/12\/apres-les-etats-unis-l-union-europeenne-annonce-des-taxes-sur-les-vehicules-electriques-chinois_6239136_3210.html?lmd_medium=al&amp;lmd_campaign=envoye-par-appli&amp;lmd_creation=ios&amp;lmd_source=mail\">Le Monde<\/a> d\u00e9taille que Bruxelles pr\u00e9voit d\u2019augmenter ces droits \u00e0 17,4 % pour le fabricant chinois BYD, 20 % pour Geely et 38,1 % pour SAIC. Pour les autres constructeurs, un droit moyen de 21 % devrait s\u2019appliquer. \u00ab Si les discussions avec les autorit\u00e9s chinoises n\u2019aboutissaient pas \u00e0 une solution efficace, ces droits compensateurs provisoires seraient introduits \u00e0 partir du 4 juillet \u00bb, est-il pr\u00e9cis\u00e9. Bruxelles aura quatre mois, apr\u00e8s l\u2019institution de droits provisoires, pour imposer des droits d\u00e9finitifs, ce qui ouvre une fen\u00eatre de dialogue jusqu\u2019en novembre. En attendant, P\u00e9kin d\u00e9nonce un \u00ab&nbsp;protectionnisme \u00e9vident&nbsp;\u00bb. L\u2019id\u00e9e est de freiner les importations de v\u00e9hicules \u00e9lectriques chinois sans les bloquer compl\u00e8tement. L\u2019UE esp\u00e8re ainsi prot\u00e9ger une fili\u00e8re qui emploie 14,6&nbsp;millions de salari\u00e9s dans l\u2019UE tout en \u00e9vitant un conflit mortif\u00e8re avec son deuxi\u00e8me partenaire \u00e9conomique derri\u00e8re les Etats-Unis. De son c\u00f4t\u00e9, P\u00e9kin a d\u00e9j\u00e0 annonc\u00e9 en janvier une enqu\u00eate visant toutes les eaux-de-vie de vin import\u00e9es de l\u2019Union europ\u00e9enne, dont le cognac. Le vin, les produits laitiers, le porc et les voitures \u00e0 grosses cylindr\u00e9es seraient aussi dans le viseur, selon la presse \u00e9tatique chinoise.<\/p>\n\n\n\n<figure class=\"wp-block-image\"><img decoding=\"async\" src=\"https:\/\/media.licdn.com\/dms\/image\/D4E12AQFDtEQQGEQqng\/article-inline_image-shrink_1500_2232\/0\/1718990600803?e=1724889600&amp;v=beta&amp;t=qQljYgwByyX7Oqnf2XyaSUQ2xGdHyVP8JP1GC73z-7E\" alt=\"\"\/><\/figure>\n\n\n\n<p id=\"ember267\">Le <strong>r\u00e9emploi de la semaine <\/strong>nous r\u00e9jouit, chez (RE)SET, car nous n\u2019y sommes pas \u00e9trangers. Le <a href=\"https:\/\/www.lsa-conso.fr\/reemploi-gms-et-industriels-tentent-de-remettre-la-consigne-au-centre-du-jeu,456119\">magazine LSA<\/a> nous informe que \u00ab\u00a0plus de 25 acteurs de l\u2019agro-alimentaire se sont r\u00e9unis en un consortium, R3PACK, pour lancer une exp\u00e9rimentation in\u00e9dite sur les emballages r\u00e9utilisables en GMS (Grandes et Moyennes Surfaces). Il y a quelques jours, 3 magasins Coop\u00e9rative U du nord de la France ont commenc\u00e9 le test.\u00a0\u00bb L\u2019objectif\u00a0: \u00ab\u00a0remettre la consigne au centre du jeu\u00a0\u00bb, titre LSA. L\u2019occasion, pour (RE)SET, de saluer sur <a href=\"https:\/\/www.linkedin.com\/posts\/g%C3%A9raldine-poivert-2920478a_quand-jai-cr%C3%A9%C3%A9reset-il-y-a-cinq-ans-activity-7209561901351997441-k1zv?utm_source=share&amp;utm_medium=member_desktop\">LinkedIn<\/a> la r\u00e9ussite du programme europ\u00e9en R3PACK &#8211; Reduce, Reuse, Rethink PACKaging et ses 25+ partenaires. Exp\u00e9rimentation in\u00e9dite en grande distribution, coordonn\u00e9e par (RE)SET, cette initiative vise \u00e0 faire passer l&rsquo;industrie agroalimentaire du jetable au durable en s&rsquo;appuyant, aussi, sur le potentiel du r\u00e9emploi.<\/p>\n\n\n\n<figure class=\"wp-block-image\"><img decoding=\"async\" src=\"https:\/\/media.licdn.com\/dms\/image\/D4E12AQFNpZX7wFRl-A\/article-inline_image-shrink_1500_2232\/0\/1718990602963?e=1724889600&amp;v=beta&amp;t=0vm_MomoNB6feu5Xqvf38TP68LFM-CDMyTljD7nt8bg\" alt=\"\"\/><\/figure>\n\n\n\n<p id=\"ember271\">L\u2019autre R\u00e9emploi de la semaine est peut-\u00eatre plus anecdotique mais tout est important. <a href=\"https:\/\/www.liberation.fr\/lifestyle\/consommation\/des-sextoys-doccase-pour-une-baise-durable-20240620_RHDNEPEEDNEFBLWVTPYT4K6EQM\/\">Lib\u00e9ration<\/a> s\u2019est pench\u00e9 sur, c\u2019est LEUR titre, \u00ab\u00a0Des sextoys d\u2019occase pour une baise durable\u00a0\u00bb. Une plateforme a vu le jour, au nom \u00e9vocateur\u00a0: Rejouis. Laissons l\u00e2chement la parole \u00e0 Lib\u00e9ration\u00a0: <em>\u00ab\u00a0Ces joujoux sexuels sont le plus souvent fabriqu\u00e9s en Chine avec des mat\u00e9riaux issus de la p\u00e9trochimie (\u2026) Ouverte depuis avril, cette plateforme de sextoys reconditionn\u00e9s (\u2026) propose de donner une seconde vie \u00e0 nos jouets sexuels (\u2026) En les collectant, les triant, les nettoyant et les d\u00e9sinfectant avant reconditionnement. On propose ensuite aux revendeurs de reprendre un sextoy contre un bon d\u2019achat ou un virement si on peut les vendre rapidement. Mais attention : seuls les sextoys de certaines marques et de certains mat\u00e9riaux non poreux (en verre, en acier ou en silicone m\u00e9dical) sont aujourd\u2019hui repris pour \u00eatre recommercialis\u00e9s \u00e0 un prix en moyenne 20 % inf\u00e9rieur au neuf, et pouvant aller jusqu\u2019\u00e0 50 % de rabais.<\/em> Voil\u00e0, la Breaking (RE)NEWS ne recule devant aucun sujet, tant qu\u2019il est durable.<\/p>\n\n\n\n<p id=\"ember274\">Le <strong>conseil de la semaine<\/strong> peut sembler rebutant mais il ne l\u2019est pas&nbsp;: ne redoutez pas d\u2019avoir \u00ab&nbsp;l\u2019air sale&nbsp;\u00bb&nbsp;! Des chercheurs de l\u2019universit\u00e9 de technologie Chalmers, en Su\u00e8de, se sont int\u00e9ress\u00e9s, dans une perspective de protection de l\u2019environnement, \u00e0 la fr\u00e9quence \u00e0 laquelle les habitants lavent leur v\u00eatement. D\u2019apr\u00e8s leur analyse, les participants utiliseraient excessivement leur lave-linge par peur d\u2019\u00eatre per\u00e7us comme \u00ab&nbsp;sales&nbsp;\u00bb. Le lave-linge consomme, en g\u00e9n\u00e9ral, entre 40 et 80 litres d&rsquo;eau par cycle, selon les chiffres du fournisseur Engie. Et c\u00f4t\u00e9 \u00e9lectricit\u00e9, ce n\u2019est pas mieux : 191 kWh par an, soit 16 kWh par mois et 0,5 kWh par jour, selon l\u2019<a href=\"https:\/\/librairie.ademe.fr\/ged\/2122\/campagne-mesures-appareils-froid-lavage-clim_2016-synthese-fr.pdf?modal=false#:~:text=Leur%20consommation%20moyenne%20s%27%C3%A9l%C3%A8ve,vaut%20seulement%2092%20kWh%2Fan.\">Agence de la transition \u00e9cologique<\/a>. Par ailleurs, une seule lessive de v\u00eatements en polyester peut lib\u00e9rer&nbsp;jusqu&rsquo;\u00e0 700 000 fibres microplastiques dans l&rsquo;environnement,&nbsp;indique <a href=\"https:\/\/www.europarl.europa.eu\/RegData\/etudes\/BRIE\/2019\/633143\/EPRS_BRI(2019)633143_EN.pdf\">un rapport<\/a> du Parlement europ\u00e9en. Mais malgr\u00e9 cette conscience \u00e9cologique, <a href=\"https:\/\/research.chalmers.se\/en\/publication\/527586\">une r\u00e9cente \u00e9tude<\/a>, relay\u00e9e par <a href=\"https:\/\/www.theguardian.com\/environment\/article\/2024\/jun\/13\/clean-v-green-disgust-eco-ideals-laundry-study\">The Guardian<\/a>, a r\u00e9v\u00e9l\u00e9 la difficult\u00e9 qu&rsquo;ont les citoyens \u00e0 ralentir sur l&rsquo;utilisation de cette machine. Le frein est avant tout psychologique&nbsp;: la \u00ab&nbsp;peur d\u2019avoir l\u2019air sale&nbsp;\u00bb pousse les consommateurs \u00e0 laver leurs v\u00eatements bien plus que leur r\u00e9el \u00e9tat de salet\u00e9 le n\u00e9cessiterait\u2026<\/p>\n\n\n\n<figure class=\"wp-block-image\"><img decoding=\"async\" src=\"https:\/\/media.licdn.com\/dms\/image\/D4E12AQGJpEAixVwXvw\/article-inline_image-shrink_1500_2232\/0\/1718990601313?e=1724889600&amp;v=beta&amp;t=3vc1CDBtfeoKuterbNtKiZch5Pzg99N4PZQZ57qCrys\" alt=\"\"\/><\/figure>\n\n\n\n<p id=\"ember278\">La <strong>d\u00e9cision judiciaire de la semaine<\/strong> concerne TotalEnergies, EDF et Veolia. <a href=\"https:\/\/www.liberation.fr\/environnement\/devoir-de-vigilance-les-actions-intentees-contre-total-et-edf-jugees-recevables-20240618_MGYXDJWGC5CQXGHINK4J5IGAZM\/\">Lib\u00e9ration<\/a> nous informe que les actions intent\u00e9es contre ces entreprises au nom du devoir de vigilance ont \u00e9t\u00e9 jug\u00e9es recevables par la justice. \u00ab&nbsp;Le droit pourrait-il bient\u00f4t permettre de contraindre TotalEnergies \u00e0 r\u00e9duire ses \u00e9missions de gaz \u00e0 effet de serre ?&nbsp;\u00bb, s\u2019interroge Li\u00e9bartion. Une premi\u00e8re \u00e9tape vient d\u2019\u00eatre franchie : la cour d\u2019appel de Paris a estim\u00e9, mardi 18 juin, que l\u2019action lanc\u00e9e en ce sens il y a quatre ans par une coalition d\u2019associations et de collectivit\u00e9s territoriales \u00e9tait recevable. Elle va donc pouvoir \u00eatre examin\u00e9e sur le fond. Les actions lanc\u00e9es contre EDF et une ancienne filiale de Suez, accus\u00e9es elles aussi par des ONG d\u2019avoir manqu\u00e9 \u00e0 leur devoir de vigilance, ont \u00e9galement \u00e9t\u00e9 jug\u00e9es recevables. Il s\u2019agit des premi\u00e8res d\u00e9cisions d\u2019une nouvelle chambre cr\u00e9\u00e9e \u00e0 la cour d\u2019appel et enti\u00e8rement d\u00e9di\u00e9e aux contentieux \u00ab \u00e9mergents \u00bb, li\u00e9s au devoir de vigilance et \u00e0 la responsabilit\u00e9 \u00e9cologique des entreprises. Dans l\u2019affaire la plus m\u00e9diatis\u00e9e \u00e0 ce jour, dont est saisie la cour d\u2019appel, une coalition d\u2019ONG et de collectivit\u00e9s avait mis en demeure puis assign\u00e9 TotalEnergies pour la contraindre \u00e0 aligner sa strat\u00e9gie climatique sur l\u2019accord de Paris. A l\u2019audience, le 5 mars, les repr\u00e9sentants des ONG avaient alert\u00e9 sur une potentielle \u00ab mise au rebut du devoir de vigilance fran\u00e7ais \u00bb, en cas de confirmation des irrecevabilit\u00e9s. Les avocats des entreprises assign\u00e9es avaient pour leur part demand\u00e9 cette confirmation, et mis en garde contre des d\u00e9cisions pouvant \u00ab rendre illisible une loi qui est l\u00e0 pour responsabiliser les entreprises \u00bb. La Cour a tranch\u00e9. Devoir de vigilance pas mort&nbsp;!<\/p>\n\n\n\n<p id=\"ember280\">Justice toujours, notre <strong>rubrique PFAS de la semaine<\/strong> s\u2019int\u00e9resse, avec <a href=\"https:\/\/www.liberation.fr\/environnement\/scandale-des-pfas-dans-le-rhone-le-groupe-arkema-avait-ete-informe-de-la-dangerosite-de-certaines-substances-20240612_KND3XYB5CNAF3MLTAG4FDHLUMM\/\">Lib\u00e9ration<\/a>, au groupe Arkema. France 3 Rh\u00f4ne-Alpes a r\u00e9v\u00e9l\u00e9, le 12 juin, qu\u2019Arkema a eu connaissance, d\u00e8s 1997 au moins, de la \u00ab toxicit\u00e9 \u00bb de certains de ces \u00ab polluants \u00e9ternels \u00bb mais la fabrication ou l\u2019usage de certaines mol\u00e9cules a continu\u00e9 sur le site du groupe \u00e0 Pierre-B\u00e9nite dans le Rh\u00f4ne bien apr\u00e8s leur interdiction aux Etats-Unis, jusqu\u2019\u00e0 l\u2019\u00e9puisement de ses stocks. Pour rappel, d\u00e9but 2024, le g\u00e9ant de la chimie Arkema a fini par c\u00e9der \u00e0 la pression des organisations syndicales. L\u2019industriel a propos\u00e9 \u00e0 l\u2019int\u00e9gralit\u00e9 de ses salari\u00e9s d\u2019analyser leur sang pour y d\u00e9celer des substances per- et polyfluoroalkyl\u00e9es, les PFAS, souvent surnomm\u00e9s polluants \u00e9ternels. L\u2019une d\u2019elles, le Pfna, est, selon une r\u00e9cente \u00e9tude de l\u2019agence sanitaire et environnementale n\u00e9erlandaise, dix fois plus toxique que le Pfoa, \u00e0 l\u2019origine du scandale sur la dangerosit\u00e9 du T\u00e9flon. Et parce que ses effets sont particuli\u00e8rement d\u00e9l\u00e9t\u00e8res sur la reproduction humaine, la mol\u00e9cule vient d\u2019\u00eatre inscrite sur la liste des \u00ab substances hautement pr\u00e9occupantes candidates \u00e0 l\u2019interdiction \u00bb par l\u2019Agence europ\u00e9enne des produits chimiques. Or, \u00e0 Pierre-B\u00e9nite (m\u00e9tropole de Lyon), l\u2019employ\u00e9 d\u2019Arkema le plus touch\u00e9 a \u00e9t\u00e9 test\u00e9 avec pr\u00e8s de 280 microgrammes de Pfna par litre de sang. Soit un taux 350 fois sup\u00e9rieur \u00e0 la moyenne fran\u00e7aise.<\/p>\n\n\n\n<p id=\"ember282\">Le <strong>chiffre de la semaine<\/strong> nous est donn\u00e9 par l\u2019Organisation Mondiale de la Sant\u00e9 (OMS)&nbsp;: 2,7 millions de morts par an. <a href=\"https:\/\/www.novethic.fr\/economie-et-social\/droits-humains\/quatre-industries-provoquent-chaque-annee-la-mort-de-pres-de-3-millions-deuropeens?utm_source=mailpoet&amp;utm_medium=email&amp;utm_campaign=1er-proces-climatique-pour-total-la69-suspendu-loreal-et-le-travail-des-enfants-le-recap-du-21-juin-300\">Novethic<\/a> nous explique que \u00ab&nbsp;2,7 millions de d\u00e9c\u00e8s sont provoqu\u00e9s chaque ann\u00e9e en Europe par les entreprises r\u00e9unies du tabac, des combustibles fossiles, de l\u2019alcool et de l\u2019alimentation ultra-transform\u00e9e. C\u2019est la conclusion <a href=\"https:\/\/iris.who.int\/handle\/10665\/376957\">d\u2019une large \u00e9tude<\/a> publi\u00e9e il y a quelques jours par l\u2019Organisation mondiale de la Sant\u00e9 (OMS). A elles seules, ces <em>\u201cquatre industries tuent chaque jour au moins 7 000 personnes\u201d,<\/em> indique Hans Kluge directeur r\u00e9gional de l\u2019organisation Onusienne, dans un communiqu\u00e9.<\/p>\n\n\n\n<figure class=\"wp-block-image\"><img decoding=\"async\" src=\"https:\/\/media.licdn.com\/dms\/image\/D4E12AQHTFg7p6yvYBg\/article-inline_image-shrink_1500_2232\/0\/1718990599982?e=1724889600&amp;v=beta&amp;t=ZIPgxX5Ojexdf2L35EnYEa0BNLr2VAIcpTGAv34fkHI\" alt=\"\"\/><\/figure>\n\n\n\n<p id=\"ember286\">La <strong>baignade de la semaine<\/strong>, d\u00e9j\u00e0 report\u00e9e \u00e0 quatre reprises, n\u2019aura finalement pas lieu le 30 juin. La maire de Paris, Anne Hidalgo, a annonc\u00e9 qu&rsquo;elle se baignerait finalement dans la Seine la semaine du 15 juillet, comme le rapporte <a href=\"https:\/\/www.francetvinfo.fr\/les-jeux-olympiques\/paris-2024-la-maire-de-paris-anne-hidalgo-annonce-qu-elle-se-baignera-finalement-dans-la-seine-la-semaine-du-15-juillet_6613458.html\">FranceTVinfo<\/a>. Les reports pr\u00e9c\u00e9dents avaient pour cause explicite la pollution excessive du fleuve parisien. Ce nouveau report est, lui, d\u00fb \u00e0 la tenue des \u00e9lections l\u00e9gislatives anticip\u00e9es. Petites causes, grands effets. On ne sait toujours pas si les \u00e9preuves des Jeux Olympiques en \u00ab\u00a0eau libre\u00a0\u00bb pourront bien avoir lieu dans la Seine ou\u2026ailleurs. S\u2019il continue de pleuvoir au rythme actuel, il faudra chercher\u2026ailleurs.<\/p>\n\n\n\n<figure class=\"wp-block-image\"><img decoding=\"async\" src=\"https:\/\/media.licdn.com\/dms\/image\/D4E12AQGnt0RgtdMSOg\/article-inline_image-shrink_1500_2232\/0\/1718990622898?e=1724889600&amp;v=beta&amp;t=2Cq8swbRagtVjE-TL1_qUTRFQGcnqujqfbysEbVBYRo\" alt=\"\"\/><\/figure>\n\n\n\n<p id=\"ember290\">La <strong>b\u00e9b\u00eate de la semaine<\/strong> est plut\u00f4t une bonne surprise&nbsp;pour la biodiversit\u00e9 puisqu\u2019elle traduit la d\u00e9couverte d\u2019une variante inconnue de poisson. Son nom ravira les fans de Tolkien et du Seigneur des Anneaux&nbsp;: Sauron&nbsp;! \u00ab&nbsp;Un poisson pour les gouverner tous ?&nbsp;\u00bb, s\u2019amuse <a href=\"https:\/\/www.liberation.fr\/environnement\/biodiversite\/decouverte-dune-nouvelle-espece-de-piranha-vegetarien-nommee-sauron-20240611_KC7OJFSANVG3NILL2CLBQONXPE\/\">Lib\u00e9ration<\/a>. Il s\u2019agit d\u2019une esp\u00e8ce proche du piranha, qui a \u00e9t\u00e9 d\u00e9couverte en Amazonie br\u00e9silienne, a annonc\u00e9 le Mus\u00e9e britannique d\u2019histoire naturelle. Il rejoint ainsi la grenouille Gollum (Seigneur des Anneaux toujours) ou le dinosaure Gojirasaurus quayi \u2013 pour Godzilla \u2013 au rang des animaux nomm\u00e9s d\u2019apr\u00e8s des personnages de fiction. Ce \u00ab&nbsp;piranha-kind&nbsp;\u00bb a une particularit\u00e9 plut\u00f4t sympathique&nbsp;: il est v\u00e9g\u00e9tarien, en d\u00e9pit des apparences&nbsp;! Le \u00ab&nbsp;myloplus sauron&nbsp;\u00bb, dans toute sa splendeur&nbsp;:<\/p>\n\n\n\n<figure class=\"wp-block-image\"><img decoding=\"async\" src=\"https:\/\/media.licdn.com\/dms\/image\/D4E12AQGi02udFQL55w\/article-inline_image-shrink_1500_2232\/0\/1718990599348?e=1724889600&amp;v=beta&amp;t=htDx1Rh1vpQbvOl_AsgRI62X4FMTmqThAyaDrl48vjA\" alt=\"\"\/><\/figure>\n\n\n\n<figure class=\"wp-block-image\"><img decoding=\"async\" src=\"https:\/\/media.licdn.com\/dms\/image\/D4E12AQEbGGnIDCaxYg\/article-inline_image-shrink_1500_2232\/0\/1718990600546?e=1724889600&amp;v=beta&amp;t=amgw92hzVi5L98_2wZsQ8SPfss5SALtYFJ-8phFrT2o\" alt=\"\"\/><\/figure>\n\n\n\n<p id=\"ember294\"><strong>La devinette de notre pr\u00e9c\u00e9dente \u00e9dition <\/strong>\u00e9tait tr\u00e8s \u00ab&nbsp;terre \u00e0 terre&nbsp;\u00bb. Quelle est l\u2019entreprise qui depuis d\u00e9but juin \u00ab&nbsp;p\u00e8se&nbsp;\u00bb plus que nos 40 fleurons fran\u00e7ais r\u00e9unis au sein du CAC 40&nbsp;? L\u2019indice&nbsp;\u00e9tait qu\u2019elle ne concernait ni le luxe, ni le secteur automobile, ni le p\u00e9trole, ni la finance. L\u2019Indice suppl\u00e9mentaire \u00e9tait que son fondateur et toujours CEO est n\u00e9 \u00e0 Tainan, capitale culturelle de Ta\u00efwan. Ce qui \u00e9tait plut\u00f4t un pi\u00e8ge puisqu\u2019il s\u2019agit d\u2019une entreprise am\u00e9ricaine&nbsp;: <a href=\"https:\/\/www.tradingsat.com\/actualites\/informations-societes\/nvidia-pese-desormais-plus-en-bourse-que-l-integralite-du-cac-40-1116004.html\">Nvidia<\/a>. Dont la capitalisation boursi\u00e8re d\u00e9passe d\u00e9sormais celle de Apple et talonne la championne du Monde&nbsp;: Microsoft. Autant chacun(e) d\u2019entre vous conna\u00eet Apple et Microsoft, autant nombre d\u2019entre vous n\u2019ont peut-\u00eatre aucune id\u00e9e de ce que fait Nvidia. Cette entreprise s\u2019est rendue c\u00e9l\u00e8bre dans la fabrication de puces \u00e9lectroniques pour les cartes graphiques les plus performantes, consacr\u00e9es d\u2019abord aux jeux vid\u00e9o, donc pour fluidifier des images complexes. Son explosion en bourse tient \u00e0 ce que Nvidia produit d\u00e9sormais des \u00e9l\u00e9ments indispensables au bon fonctionnement des logiciels d\u2019intelligence artificielle \u2013 dont l\u2019auteur de ces lignes rappelle qu\u2019ils ne sont en rien utilis\u00e9s pour r\u00e9diger votre Breaking (RE)NEWS&nbsp;!<\/p>\n\n\n\n<p id=\"ember297\">La <strong>devinette de cette semaine<\/strong> est une photo dont il vous est demand\u00e9 de d\u00e9terminer l\u2019objet. L\u2019indice\u00a0: celle-ci a \u00e9t\u00e9 prise en Chine, mais elle aurait pu aussi bien l\u2019\u00eatre aux Etats-Unis ou en Europe. Elle symbolise assez bien la transition \u00e9conomique et environnementale et ses effets pervers, si l\u2019on n\u2019y prend garde.<\/p>\n\n\n\n<figure class=\"wp-block-image\"><img decoding=\"async\" src=\"https:\/\/media.licdn.com\/dms\/image\/D4E12AQGN78_Vl9xTKA\/article-inline_image-shrink_1500_2232\/0\/1718990599087?e=1724889600&amp;v=beta&amp;t=I27Jg73AJakz_Eq6ahZ7Wl1pIEjTAfqnYu-Xsin-M_A\" alt=\"\"\/><\/figure>\n\n\n\n<p id=\"ember302\">Bonnes lectures et bon week-end&nbsp;!<\/p>\n\n\n\n<p id=\"ember304\">[Pour rappel, (RE)SET, fond\u00e9 en 2019, est le premier cabinet de conseil ind\u00e9pendant d\u00e9di\u00e9 \u00e0 la transition \u00e9conomique et environnementale et taill\u00e9 pour l\u2019action. \u00ab (RE)SET : resources to win environmental and economic battles ! \u00bb Forc\u00e9ment partielle, parfois partiale, toujours engag\u00e9e, cette revue des m\u00e9dias au ton souvent enlev\u00e9, voire impertinent, n\u2019engage aucunement (RE)SET dans ses activit\u00e9s de conseil mais elle brosse un portrait que nous estimons int\u00e9ressant de l\u2019\u00e9tat de la transition telle qu\u2019elle transpara\u00eet dans la presse et les travaux de recherche. Une photographie du d\u00e9bat, des forces en pr\u00e9sence, des oppositions, des convergences, que nous esp\u00e9rons utile \u00e0 vos d\u00e9cisions et \u00e0 la construction de vos strat\u00e9gies de transition.]<\/p>\n","protected":false},"excerpt":{"rendered":"<p>Bonjour, La principale nouvelle de la semaine, ce sont les \u00e9lections europ\u00e9ennes et leurs r\u00e9sultats sans surprise majeure, \u00e0 la diff\u00e9rence de leur suite, inattendue&nbsp;: les \u00e9lections l\u00e9gislatives fran\u00e7aises. Bien s\u00fbr, la Breaking (RE)NEWS n\u2019est pas le lieu pour parler (ou faire) de la politique, mais il serait hypocrite, ou na\u00eff, de faire semblant de [&hellip;]<\/p>\n","protected":false},"author":1,"featured_media":5039,"comment_status":"open","ping_status":"open","sticky":false,"template":"","format":"standard","meta":{"content-type":"","footnotes":""},"categories":[1],"tags":[33],"class_list":["post-5038","post","type-post","status-publish","format-standard","has-post-thumbnail","hentry","category-breaking-renews","tag-breaking-renews"],"yoast_head":"<!-- This site is optimized with the Yoast SEO plugin v27.4 - https:\/\/yoast.com\/product\/yoast-seo-wordpress\/ -->\n<title>BREAKING (RE)NEWS DU 21 JUIN 2024 - (RE)SET - Cabinet de conseil en transition \u00e9conomique et environnementale<\/title>\n<meta name=\"description\" content=\"Les r\u00e9sultats des \u00e9lections europ\u00e9ennes influencent la politique de transition \u00e9cologique. D\u00e9couvrez comment dans notre analyse.\" \/>\n<meta name=\"robots\" content=\"index, follow, max-snippet:-1, max-image-preview:large, max-video-preview:-1\" \/>\n<link rel=\"canonical\" href=\"https:\/\/reset.earth\/en\/breaking-renews-du-21-juin-2024\/\" \/>\n<meta property=\"og:locale\" content=\"en_US\" \/>\n<meta property=\"og:type\" content=\"article\" \/>\n<meta property=\"og:title\" content=\"BREAKING (RE)NEWS DU 21 JUIN 2024 - (RE)SET - Cabinet de conseil en transition \u00e9conomique et environnementale\" \/>\n<meta property=\"og:description\" content=\"Les r\u00e9sultats des \u00e9lections europ\u00e9ennes influencent la politique de transition \u00e9cologique. D\u00e9couvrez comment dans notre analyse.\" \/>\n<meta property=\"og:url\" content=\"https:\/\/reset.earth\/en\/breaking-renews-du-21-juin-2024\/\" \/>\n<meta property=\"og:site_name\" content=\"(RE)SET - Cabinet de conseil en transition \u00e9conomique et environnementale\" \/>\n<meta property=\"article:published_time\" content=\"2024-06-21T10:04:00+00:00\" \/>\n<meta property=\"article:modified_time\" content=\"2025-03-27T14:50:49+00:00\" \/>\n<meta property=\"og:image\" content=\"https:\/\/reset.earth\/wp-content\/uploads\/2024\/06\/Capture-decran-2024-06-25-a-12.00.53.png\" \/>\n\t<meta property=\"og:image:width\" content=\"1266\" \/>\n\t<meta property=\"og:image:height\" content=\"734\" \/>\n\t<meta property=\"og:image:type\" content=\"image\/png\" \/>\n<meta name=\"author\" content=\"rrn46\" \/>\n<meta name=\"twitter:card\" content=\"summary_large_image\" \/>\n<meta name=\"twitter:label1\" content=\"Written by\" \/>\n\t<meta name=\"twitter:data1\" content=\"rrn46\" \/>\n\t<meta name=\"twitter:label2\" content=\"Est. reading time\" \/>\n\t<meta name=\"twitter:data2\" content=\"22 minutes\" \/>\n<script type=\"application\/ld+json\" class=\"yoast-schema-graph\">{\"@context\":\"https:\\\/\\\/schema.org\",\"@graph\":[{\"@type\":\"Article\",\"@id\":\"https:\\\/\\\/reset.earth\\\/breaking-renews-du-21-juin-2024\\\/#article\",\"isPartOf\":{\"@id\":\"https:\\\/\\\/reset.earth\\\/breaking-renews-du-21-juin-2024\\\/\"},\"author\":{\"name\":\"rrn46\",\"@id\":\"https:\\\/\\\/reset.earth\\\/#\\\/schema\\\/person\\\/61b723981bbd92aa0a2f1e8180985059\"},\"headline\":\"BREAKING (RE)NEWS DU 21 JUIN 2024\",\"datePublished\":\"2024-06-21T10:04:00+00:00\",\"dateModified\":\"2025-03-27T14:50:49+00:00\",\"mainEntityOfPage\":{\"@id\":\"https:\\\/\\\/reset.earth\\\/breaking-renews-du-21-juin-2024\\\/\"},\"wordCount\":4171,\"commentCount\":0,\"publisher\":{\"@id\":\"https:\\\/\\\/reset.earth\\\/#organization\"},\"image\":{\"@id\":\"https:\\\/\\\/reset.earth\\\/breaking-renews-du-21-juin-2024\\\/#primaryimage\"},\"thumbnailUrl\":\"https:\\\/\\\/reset.earth\\\/wp-content\\\/uploads\\\/2024\\\/06\\\/Capture-decran-2024-06-25-a-12.00.53.png\",\"keywords\":[\"Breaking Renews\"],\"articleSection\":[\"Breaking Renews\"],\"inLanguage\":\"en-US\",\"potentialAction\":[{\"@type\":\"CommentAction\",\"name\":\"Comment\",\"target\":[\"https:\\\/\\\/reset.earth\\\/breaking-renews-du-21-juin-2024\\\/#respond\"]}]},{\"@type\":\"WebPage\",\"@id\":\"https:\\\/\\\/reset.earth\\\/breaking-renews-du-21-juin-2024\\\/\",\"url\":\"https:\\\/\\\/reset.earth\\\/breaking-renews-du-21-juin-2024\\\/\",\"name\":\"BREAKING (RE)NEWS DU 21 JUIN 2024 - (RE)SET - Cabinet de conseil en transition \u00e9conomique et environnementale\",\"isPartOf\":{\"@id\":\"https:\\\/\\\/reset.earth\\\/#website\"},\"primaryImageOfPage\":{\"@id\":\"https:\\\/\\\/reset.earth\\\/breaking-renews-du-21-juin-2024\\\/#primaryimage\"},\"image\":{\"@id\":\"https:\\\/\\\/reset.earth\\\/breaking-renews-du-21-juin-2024\\\/#primaryimage\"},\"thumbnailUrl\":\"https:\\\/\\\/reset.earth\\\/wp-content\\\/uploads\\\/2024\\\/06\\\/Capture-decran-2024-06-25-a-12.00.53.png\",\"datePublished\":\"2024-06-21T10:04:00+00:00\",\"dateModified\":\"2025-03-27T14:50:49+00:00\",\"description\":\"Les r\u00e9sultats des \u00e9lections europ\u00e9ennes influencent la politique de transition \u00e9cologique. D\u00e9couvrez comment dans notre analyse.\",\"breadcrumb\":{\"@id\":\"https:\\\/\\\/reset.earth\\\/breaking-renews-du-21-juin-2024\\\/#breadcrumb\"},\"inLanguage\":\"en-US\",\"potentialAction\":[{\"@type\":\"ReadAction\",\"target\":[\"https:\\\/\\\/reset.earth\\\/breaking-renews-du-21-juin-2024\\\/\"]}]},{\"@type\":\"ImageObject\",\"inLanguage\":\"en-US\",\"@id\":\"https:\\\/\\\/reset.earth\\\/breaking-renews-du-21-juin-2024\\\/#primaryimage\",\"url\":\"https:\\\/\\\/reset.earth\\\/wp-content\\\/uploads\\\/2024\\\/06\\\/Capture-decran-2024-06-25-a-12.00.53.png\",\"contentUrl\":\"https:\\\/\\\/reset.earth\\\/wp-content\\\/uploads\\\/2024\\\/06\\\/Capture-decran-2024-06-25-a-12.00.53.png\",\"width\":1266,\"height\":734},{\"@type\":\"BreadcrumbList\",\"@id\":\"https:\\\/\\\/reset.earth\\\/breaking-renews-du-21-juin-2024\\\/#breadcrumb\",\"itemListElement\":[{\"@type\":\"ListItem\",\"position\":1,\"name\":\"Home\",\"item\":\"https:\\\/\\\/reset.earth\\\/\"},{\"@type\":\"ListItem\",\"position\":2,\"name\":\"BREAKING (RE)NEWS DU 21 JUIN 2024\"}]},{\"@type\":\"WebSite\",\"@id\":\"https:\\\/\\\/reset.earth\\\/#website\",\"url\":\"https:\\\/\\\/reset.earth\\\/\",\"name\":\"(RE)SET - 1er cabinet de conseil en transition \u00e9conomique et environnementale\",\"description\":\"Resources to win environmental and economic battles\",\"publisher\":{\"@id\":\"https:\\\/\\\/reset.earth\\\/#organization\"},\"potentialAction\":[{\"@type\":\"SearchAction\",\"target\":{\"@type\":\"EntryPoint\",\"urlTemplate\":\"https:\\\/\\\/reset.earth\\\/?s={search_term_string}\"},\"query-input\":{\"@type\":\"PropertyValueSpecification\",\"valueRequired\":true,\"valueName\":\"search_term_string\"}}],\"inLanguage\":\"en-US\"},{\"@type\":\"Organization\",\"@id\":\"https:\\\/\\\/reset.earth\\\/#organization\",\"name\":\"(RE)SET - 1er cabinet de conseil en transition \u00e9conomique et environnementale\",\"url\":\"https:\\\/\\\/reset.earth\\\/\",\"logo\":{\"@type\":\"ImageObject\",\"inLanguage\":\"en-US\",\"@id\":\"https:\\\/\\\/reset.earth\\\/#\\\/schema\\\/logo\\\/image\\\/\",\"url\":\"https:\\\/\\\/reset.earth\\\/wp-content\\\/uploads\\\/2023\\\/10\\\/DARK-BLUE-RESET.png\",\"contentUrl\":\"https:\\\/\\\/reset.earth\\\/wp-content\\\/uploads\\\/2023\\\/10\\\/DARK-BLUE-RESET.png\",\"width\":1856,\"height\":538,\"caption\":\"(RE)SET - 1er cabinet de conseil en transition \u00e9conomique et environnementale\"},\"image\":{\"@id\":\"https:\\\/\\\/reset.earth\\\/#\\\/schema\\\/logo\\\/image\\\/\"}},{\"@type\":\"Person\",\"@id\":\"https:\\\/\\\/reset.earth\\\/#\\\/schema\\\/person\\\/61b723981bbd92aa0a2f1e8180985059\",\"name\":\"rrn46\",\"image\":{\"@type\":\"ImageObject\",\"inLanguage\":\"en-US\",\"@id\":\"https:\\\/\\\/secure.gravatar.com\\\/avatar\\\/fd3b8b26689fa3743439e0d0fb6ac29090b786fd3dc992a2c46370fa063ef24e?s=96&d=mm&r=g\",\"url\":\"https:\\\/\\\/secure.gravatar.com\\\/avatar\\\/fd3b8b26689fa3743439e0d0fb6ac29090b786fd3dc992a2c46370fa063ef24e?s=96&d=mm&r=g\",\"contentUrl\":\"https:\\\/\\\/secure.gravatar.com\\\/avatar\\\/fd3b8b26689fa3743439e0d0fb6ac29090b786fd3dc992a2c46370fa063ef24e?s=96&d=mm&r=g\",\"caption\":\"rrn46\"},\"sameAs\":[\"https:\\\/\\\/reset.earth\"],\"url\":\"https:\\\/\\\/reset.earth\\\/en\\\/author\\\/rrn46\\\/\"}]}<\/script>\n<!-- \/ Yoast SEO plugin. -->","yoast_head_json":{"title":"BREAKING (RE)NEWS DU 21 JUIN 2024 - (RE)SET - Cabinet de conseil en transition \u00e9conomique et environnementale","description":"Les r\u00e9sultats des \u00e9lections europ\u00e9ennes influencent la politique de transition \u00e9cologique. D\u00e9couvrez comment dans notre analyse.","robots":{"index":"index","follow":"follow","max-snippet":"max-snippet:-1","max-image-preview":"max-image-preview:large","max-video-preview":"max-video-preview:-1"},"canonical":"https:\/\/reset.earth\/en\/breaking-renews-du-21-juin-2024\/","og_locale":"en_US","og_type":"article","og_title":"BREAKING (RE)NEWS DU 21 JUIN 2024 - (RE)SET - Cabinet de conseil en transition \u00e9conomique et environnementale","og_description":"Les r\u00e9sultats des \u00e9lections europ\u00e9ennes influencent la politique de transition \u00e9cologique. D\u00e9couvrez comment dans notre analyse.","og_url":"https:\/\/reset.earth\/en\/breaking-renews-du-21-juin-2024\/","og_site_name":"(RE)SET - Cabinet de conseil en transition \u00e9conomique et environnementale","article_published_time":"2024-06-21T10:04:00+00:00","article_modified_time":"2025-03-27T14:50:49+00:00","og_image":[{"width":1266,"height":734,"url":"https:\/\/reset.earth\/wp-content\/uploads\/2024\/06\/Capture-decran-2024-06-25-a-12.00.53.png","type":"image\/png"}],"author":"rrn46","twitter_card":"summary_large_image","twitter_misc":{"Written by":"rrn46","Est. reading time":"22 minutes"},"schema":{"@context":"https:\/\/schema.org","@graph":[{"@type":"Article","@id":"https:\/\/reset.earth\/breaking-renews-du-21-juin-2024\/#article","isPartOf":{"@id":"https:\/\/reset.earth\/breaking-renews-du-21-juin-2024\/"},"author":{"name":"rrn46","@id":"https:\/\/reset.earth\/#\/schema\/person\/61b723981bbd92aa0a2f1e8180985059"},"headline":"BREAKING (RE)NEWS DU 21 JUIN 2024","datePublished":"2024-06-21T10:04:00+00:00","dateModified":"2025-03-27T14:50:49+00:00","mainEntityOfPage":{"@id":"https:\/\/reset.earth\/breaking-renews-du-21-juin-2024\/"},"wordCount":4171,"commentCount":0,"publisher":{"@id":"https:\/\/reset.earth\/#organization"},"image":{"@id":"https:\/\/reset.earth\/breaking-renews-du-21-juin-2024\/#primaryimage"},"thumbnailUrl":"https:\/\/reset.earth\/wp-content\/uploads\/2024\/06\/Capture-decran-2024-06-25-a-12.00.53.png","keywords":["Breaking Renews"],"articleSection":["Breaking Renews"],"inLanguage":"en-US","potentialAction":[{"@type":"CommentAction","name":"Comment","target":["https:\/\/reset.earth\/breaking-renews-du-21-juin-2024\/#respond"]}]},{"@type":"WebPage","@id":"https:\/\/reset.earth\/breaking-renews-du-21-juin-2024\/","url":"https:\/\/reset.earth\/breaking-renews-du-21-juin-2024\/","name":"BREAKING (RE)NEWS DU 21 JUIN 2024 - (RE)SET - Cabinet de conseil en transition \u00e9conomique et environnementale","isPartOf":{"@id":"https:\/\/reset.earth\/#website"},"primaryImageOfPage":{"@id":"https:\/\/reset.earth\/breaking-renews-du-21-juin-2024\/#primaryimage"},"image":{"@id":"https:\/\/reset.earth\/breaking-renews-du-21-juin-2024\/#primaryimage"},"thumbnailUrl":"https:\/\/reset.earth\/wp-content\/uploads\/2024\/06\/Capture-decran-2024-06-25-a-12.00.53.png","datePublished":"2024-06-21T10:04:00+00:00","dateModified":"2025-03-27T14:50:49+00:00","description":"Les r\u00e9sultats des \u00e9lections europ\u00e9ennes influencent la politique de transition \u00e9cologique. D\u00e9couvrez comment dans notre analyse.","breadcrumb":{"@id":"https:\/\/reset.earth\/breaking-renews-du-21-juin-2024\/#breadcrumb"},"inLanguage":"en-US","potentialAction":[{"@type":"ReadAction","target":["https:\/\/reset.earth\/breaking-renews-du-21-juin-2024\/"]}]},{"@type":"ImageObject","inLanguage":"en-US","@id":"https:\/\/reset.earth\/breaking-renews-du-21-juin-2024\/#primaryimage","url":"https:\/\/reset.earth\/wp-content\/uploads\/2024\/06\/Capture-decran-2024-06-25-a-12.00.53.png","contentUrl":"https:\/\/reset.earth\/wp-content\/uploads\/2024\/06\/Capture-decran-2024-06-25-a-12.00.53.png","width":1266,"height":734},{"@type":"BreadcrumbList","@id":"https:\/\/reset.earth\/breaking-renews-du-21-juin-2024\/#breadcrumb","itemListElement":[{"@type":"ListItem","position":1,"name":"Home","item":"https:\/\/reset.earth\/"},{"@type":"ListItem","position":2,"name":"BREAKING (RE)NEWS DU 21 JUIN 2024"}]},{"@type":"WebSite","@id":"https:\/\/reset.earth\/#website","url":"https:\/\/reset.earth\/","name":"(RE)SET - 1er cabinet de conseil en transition \u00e9conomique et environnementale","description":"Resources to win environmental and economic battles","publisher":{"@id":"https:\/\/reset.earth\/#organization"},"potentialAction":[{"@type":"SearchAction","target":{"@type":"EntryPoint","urlTemplate":"https:\/\/reset.earth\/?s={search_term_string}"},"query-input":{"@type":"PropertyValueSpecification","valueRequired":true,"valueName":"search_term_string"}}],"inLanguage":"en-US"},{"@type":"Organization","@id":"https:\/\/reset.earth\/#organization","name":"(RE)SET - 1er cabinet de conseil en transition \u00e9conomique et environnementale","url":"https:\/\/reset.earth\/","logo":{"@type":"ImageObject","inLanguage":"en-US","@id":"https:\/\/reset.earth\/#\/schema\/logo\/image\/","url":"https:\/\/reset.earth\/wp-content\/uploads\/2023\/10\/DARK-BLUE-RESET.png","contentUrl":"https:\/\/reset.earth\/wp-content\/uploads\/2023\/10\/DARK-BLUE-RESET.png","width":1856,"height":538,"caption":"(RE)SET - 1er cabinet de conseil en transition \u00e9conomique et environnementale"},"image":{"@id":"https:\/\/reset.earth\/#\/schema\/logo\/image\/"}},{"@type":"Person","@id":"https:\/\/reset.earth\/#\/schema\/person\/61b723981bbd92aa0a2f1e8180985059","name":"rrn46","image":{"@type":"ImageObject","inLanguage":"en-US","@id":"https:\/\/secure.gravatar.com\/avatar\/fd3b8b26689fa3743439e0d0fb6ac29090b786fd3dc992a2c46370fa063ef24e?s=96&d=mm&r=g","url":"https:\/\/secure.gravatar.com\/avatar\/fd3b8b26689fa3743439e0d0fb6ac29090b786fd3dc992a2c46370fa063ef24e?s=96&d=mm&r=g","contentUrl":"https:\/\/secure.gravatar.com\/avatar\/fd3b8b26689fa3743439e0d0fb6ac29090b786fd3dc992a2c46370fa063ef24e?s=96&d=mm&r=g","caption":"rrn46"},"sameAs":["https:\/\/reset.earth"],"url":"https:\/\/reset.earth\/en\/author\/rrn46\/"}]}},"_links":{"self":[{"href":"https:\/\/reset.earth\/en\/wp-json\/wp\/v2\/posts\/5038","targetHints":{"allow":["GET"]}}],"collection":[{"href":"https:\/\/reset.earth\/en\/wp-json\/wp\/v2\/posts"}],"about":[{"href":"https:\/\/reset.earth\/en\/wp-json\/wp\/v2\/types\/post"}],"author":[{"embeddable":true,"href":"https:\/\/reset.earth\/en\/wp-json\/wp\/v2\/users\/1"}],"replies":[{"embeddable":true,"href":"https:\/\/reset.earth\/en\/wp-json\/wp\/v2\/comments?post=5038"}],"version-history":[{"count":1,"href":"https:\/\/reset.earth\/en\/wp-json\/wp\/v2\/posts\/5038\/revisions"}],"predecessor-version":[{"id":5040,"href":"https:\/\/reset.earth\/en\/wp-json\/wp\/v2\/posts\/5038\/revisions\/5040"}],"wp:featuredmedia":[{"embeddable":true,"href":"https:\/\/reset.earth\/en\/wp-json\/wp\/v2\/media\/5039"}],"wp:attachment":[{"href":"https:\/\/reset.earth\/en\/wp-json\/wp\/v2\/media?parent=5038"}],"wp:term":[{"taxonomy":"category","embeddable":true,"href":"https:\/\/reset.earth\/en\/wp-json\/wp\/v2\/categories?post=5038"},{"taxonomy":"post_tag","embeddable":true,"href":"https:\/\/reset.earth\/en\/wp-json\/wp\/v2\/tags?post=5038"}],"curies":[{"name":"wp","href":"https:\/\/api.w.org\/{rel}","templated":true}]}}