{"id":5043,"date":"2024-07-05T09:50:00","date_gmt":"2024-07-05T08:50:00","guid":{"rendered":"https:\/\/reset.earth\/?p=5043"},"modified":"2025-03-27T15:50:43","modified_gmt":"2025-03-27T14:50:43","slug":"breaking-renews-du-05-juillet-2024","status":"publish","type":"post","link":"https:\/\/reset.earth\/en\/breaking-renews-du-05-juillet-2024\/","title":{"rendered":"BREAKING (RE)NEWS DU 05 JUILLET 2024"},"content":{"rendered":"\n<p><\/p>\n\n\n\n<p>Bonjour,<\/p>\n\n\n\n<p>\u00ab\u00a0Ni-Ni or not Ni-Ni\u00a0?\u00a0\u00bb, c\u2019est la question existentielle qui remplit les colonnes des m\u00e9dias depuis notre derni\u00e8re Breaking (RE)NEWS et ce n\u2019est pas une surprise. Et chez (RE)SET, nous avons la r\u00e9ponse\u00a0! Au moins celle de la transition \u00e9conomique et environnementale. Pour reprendre les mots de G\u00e9raldine Poivert, qui ont port\u00e9 sur <a href=\"https:\/\/www.linkedin.com\/posts\/g%C3%A9raldine-poivert-2920478a_transitionenvironnementale-economiecirculaire-activity-7212397302949277696-UOfK?utm_source=share&amp;utm_medium=member_desktop\">LinkedIn<\/a>, \u00ab\u00a0<em>On aura consomm\u00e9 plus de terres rares en 50 ans que depuis le d\u00e9but de l&rsquo;humanit\u00e9, 50% du PIB mondial est li\u00e9 \u00e0 des ressources naturelles que l&rsquo;on ne mon\u00e9tise jamais (&#8230;) Au-del\u00e0 des p\u00e9rip\u00e9ties politiques, les d\u00e9fis de la transition \u00e9conomique et environnementale s&rsquo;imposent \u00e0 tous. <strong>Ni <\/strong>la transition, <strong>ni<\/strong> la r\u00e9volution des ressources ne sont partisanes. Si les voies et moyens peuvent varier, il s&rsquo;agira toujours de faire plus (ou mieux) avec moins. Juste un pense-b\u00eate avant le vote de dimanche\u00a0\u00bb<\/em>. Pour en finir avec le \u00ab\u00a0Ni-Ni\u00a0\u00bb et alimenter les d\u00eeners en ville, on peut aussi se r\u00e9f\u00e9rer \u00e0 une pens\u00e9e de Socrate, qui disait d\u00e9j\u00e0, il y a 26 si\u00e8cles\u00a0: \u00ab\u00a0<em>Je ne suis <strong>ni<\/strong> Ath\u00e9nien, <strong>ni<\/strong> Grec, mais un citoyen du monde<\/em>\u00a0\u00bb. Pour une r\u00e9flexion datant de 2600 ans, elle para\u00eet tr\u00e8s moderne\u00a0!<\/p>\n\n\n\n<figure class=\"wp-block-image size-full\"><img fetchpriority=\"high\" decoding=\"async\" width=\"908\" height=\"510\" src=\"https:\/\/reset.earth\/wp-content\/uploads\/2024\/07\/image.png\" alt=\"\" class=\"wp-image-5044\" srcset=\"https:\/\/reset.earth\/wp-content\/uploads\/2024\/07\/image.png 908w, https:\/\/reset.earth\/wp-content\/uploads\/2024\/07\/image-300x169.png 300w, https:\/\/reset.earth\/wp-content\/uploads\/2024\/07\/image-768x431.png 768w\" sizes=\"(max-width: 908px) 100vw, 908px\" \/><\/figure>\n\n\n\n<p>On aimerait parler d\u2019autre chose que de politique, mais l\u2019exercice est difficile tant celle-ci impr\u00e8gne, ces jours-ci, tous les sujets et notamment les n\u00f4tres. Au risque donc de fr\u00f4ler l\u2019overdose, on ne peut que noter deux articles, r\u00e9cemment publi\u00e9s dans <a href=\"https:\/\/www.lemonde.fr\/planete\/article\/2024\/06\/26\/christophe-cassou-climatologue-les-valeurs-du-rn-sont-incompatibles-avec-la-transition-ecologique_6243893_3244.html?lmd_medium=al&amp;lmd_campaign=envoye-par-appli&amp;lmd_creation=ios&amp;lmd_source=mail\">Le Monde<\/a>. Le premier est une tribune sign\u00e9e Christophe Cassou, climatologue et coauteur du dernier rapport du Groupe d\u2019experts intergouvernemental sur l\u2019\u00e9volution du climat (GIEC), qui d\u00e9nonce \u00ab <em>le \u2018rassurisme\u2019 du Rassemblement National en mati\u00e8re climatique<\/em>&nbsp;\u00bb, et poursuit : \u00ab&nbsp;<em>Le soutien aux \u00e9nergies fossiles par des all\u00e9gements de taxe, la promotion de la voiture thermique, l\u2019opposition aux \u00e9nergies renouvelables qui s\u2019accompagne d\u2019une politique de relance irr\u00e9aliste du nucl\u00e9aire, l\u2019affaiblissement des r\u00e9glementations qui visent \u00e0 pr\u00e9server la qualit\u00e9 des sols, de l\u2019eau, etc., vont faire exploser les \u00e9missions de gaz \u00e0 effet de serre et nous enfermeront dans des mondes d\u2019ins\u00e9curit\u00e9 alimentaire, sanitaire, \u00e9nerg\u00e9tique, \u00e9conomique<\/em>.&nbsp;\u00bb Dans la m\u00eame veine, le principal \u00e9ditorial du <a href=\"https:\/\/www.lemonde.fr\/idees\/article\/2024\/06\/28\/le-rn-et-l-ecologie-sont-incompatibles_6245018_3232.html?lmd_medium=al&amp;lmd_campaign=envoye-par-appli&amp;lmd_creation=ios&amp;lmd_source=mail\">Monde<\/a> dat\u00e9 du 28 juin nous explique que \u00ab&nbsp;le RN promet aux Fran\u00e7ais une \u00e9cologie sans contraintes, en renon\u00e7ant \u00e0 lutter contre les passoires thermiques, en les laissant continuer \u00e0 rouler au diesel, tout en fustigeant les principes d\u2019une agriculture responsable. Le pays se retrouverait encapsul\u00e9 dans un pass\u00e9 magnifi\u00e9, dans lequel il serait possible de garder nos habitudes de vie, nos paysages, nos modes de production et de d\u00e9placement. Ce sch\u00e9ma s\u2019apparente \u00e0 un refus d\u2019obstacle.&nbsp;\u00bb Et de conclure&nbsp;: \u00ab&nbsp;Les propositions du RN ne sont qu\u2019un anti-programme \u00e9cologique, qui conduirait \u00e0 un recul dramatique dans ce domaine et qui \u00e9carterait irr\u00e9m\u00e9diablement la France de la trajectoire de l\u2019accord de Paris sur la r\u00e9duction des \u00e9missions de gaz \u00e0 effet de serre.&nbsp;\u00bb<\/p>\n\n\n\n<p>Pour en finir (provisoirement&nbsp;!) avec ce chapitre politique, chacun aura not\u00e9 que lors de leurs interventions successives sur BFM TV mercredi soir, Gabriel Attal (Renaissance), Marine Tondelier (EELV-Nouveau Front populaire) et Jordan Bardella (RN) n\u2019ont pas jug\u00e9 opportun, en une heure, d\u2019\u00e9voquer les sujets li\u00e9s \u00e0 la transition environnementale\u2026<\/p>\n\n\n\n<p>Nos <strong>rubriques hebdomadaires<\/strong> d\u00e9butent, comme souvent, par quelques consid\u00e9rations m\u00e9t\u00e9orologiques. Et un chiffre effrayant\u00a0: 1\u00a0301\u00a0morts lors du p\u00e8lerinage annuel \u00e0 La\u00a0Mecque. L\u2019Arabie Saoudite a enfin annonc\u00e9 ce nombre officiel des victimes ayant succomb\u00e9 aux temp\u00e9ratures caniculaires pour r\u00e9aliser le hadj. Selon les autorit\u00e9s, 1,8\u00a0million de p\u00e8lerins ont particip\u00e9 \u00e0 ce p\u00e8lerinage cette ann\u00e9e, la plupart venus de l\u2019\u00e9tranger. Les rituels se sont d\u00e9roul\u00e9s encore une fois sous des temp\u00e9ratures tr\u00e8s \u00e9lev\u00e9es, qui ont atteint 51,8\u00a0\u00b0C \u00e0 la Grande Mosqu\u00e9e de La\u00a0Mecque, la ville la plus sainte de l\u2019islam, dans l\u2019ouest de l\u2019Arabie saoudite. Chaque ann\u00e9e, des dizaines de milliers de fid\u00e8les tentent de participer au hadj sans avoir les permis n\u00e9cessaires, payants et octroy\u00e9s selon des quotas, qui donnent acc\u00e8s notamment aux installations climatis\u00e9es. La\u00a0Mecque s\u2019est d\u00e9j\u00e0 r\u00e9chauff\u00e9e de pr\u00e8s de 2\u00a0\u00b0C, soit bien davantage que la moyenne mondiale. Le d\u00e9r\u00e8glement climatique risque d\u2019exposer les p\u00e8lerins \u00e0 un <em>\u00ab\u00a0danger extr\u00eame\u00a0\u00bb<\/em> dans l\u2019avenir, lorsque le p\u00e8lerinage aura de nouveau lieu durant les mois les plus chauds de l\u2019\u00e9t\u00e9, pr\u00e9venait d\u00e8s 2019\u00a0une\u00a0<a href=\"https:\/\/agupubs.onlinelibrary.wiley.com\/doi\/full\/10.1029\/2019GL083686\" target=\"_blank\" rel=\"noreferrer noopener\">\u00e9tude publi\u00e9e par des chercheurs am\u00e9ricains<\/a>\u00a0dans\u00a0<em>Geophysical Review Letters<\/em> et cit\u00e9e par <a href=\"https:\/\/www.lemonde.fr\/international\/article\/2024\/06\/23\/l-arabie-saoudite-annonce-1-301-morts-lors-du-pelerinage-a-la-mecque-la-plupart-sans-autorisation-officielle_6242975_3210.html?lmd_medium=al&amp;lmd_campaign=envoye-par-appli&amp;lmd_creation=ios&amp;lmd_source=mail\">Le Monde<\/a>.<\/p>\n\n\n\n<figure class=\"wp-block-image size-full\"><img decoding=\"async\" width=\"908\" height=\"604\" src=\"https:\/\/reset.earth\/wp-content\/uploads\/2024\/07\/image-1.png\" alt=\"\" class=\"wp-image-5045\" srcset=\"https:\/\/reset.earth\/wp-content\/uploads\/2024\/07\/image-1.png 908w, https:\/\/reset.earth\/wp-content\/uploads\/2024\/07\/image-1-300x200.png 300w, https:\/\/reset.earth\/wp-content\/uploads\/2024\/07\/image-1-768x511.png 768w\" sizes=\"(max-width: 908px) 100vw, 908px\" \/><\/figure>\n\n\n\n<p>Climat toujours, <strong>la \u00ab&nbsp;Mission&nbsp;\u00bb de la semaine<\/strong> a pour nom \u00ab&nbsp;2025&nbsp;\u00bb et elle rassemble des multinationales, des investisseurs, des maires et des gouverneurs qui appellent les Etats \u00e0 poursuivre l\u2019action climatique, en d\u00e9pit du \u00ab&nbsp;climat ambiant&nbsp;\u00bb. Ils souhaitent rappeler aux gouvernements que des trajectoires align\u00e9es sur un sc\u00e9nario 1,5\u00b0C avec des objectifs concrets secteur par secteur sont \u00e0 la fois indispensables et possibles pour r\u00e9ussir la transition. Il s\u2019agit de pousser les Etats du monde entier \u00e0 tenir leur promesse et \u00e0 pr\u00e9senter des engagements climatiques (connus sous le nom de NDC, contributions nationales d\u00e9termin\u00e9es) plus ambitieux d\u2019ici f\u00e9vrier 2025, pour la p\u00e9riode allant jusqu\u2019\u00e0 2035, conform\u00e9ment \u00e0 ce que pr\u00e9voit l\u2019Accord de Paris. \u00ab&nbsp;<em>Nous savons que cela peut d\u00e9bloquer des milliers de milliards d\u2019investissements priv\u00e9s pour prot\u00e9ger notre nature, d\u00e9velopper des \u00e9nergies renouvelables bon march\u00e9, aider les industries \u00e0 \u00eatre comp\u00e9titives dans une \u00e9conomie \u00e0 faibles \u00e9missions de carbone et garantir le niveau de vie \u00e9quitable de notre population<\/em>&nbsp;\u00bb, \u00e9crivent-ils, cit\u00e9s par <a href=\"https:\/\/www.novethic.fr\/environnement\/climat\/mission-2025-des-multinationales-investisseurs-et-gouverneurs-sallient-pour-contrer-les-reculs-environnementaux\">Novethic<\/a>. \u00ab&nbsp;<em>Le lancement aujourd\u2019hui de la Mission 2025 constitue une r\u00e9futation claire de tous ceux qui pr\u00e9tendent qu\u2019il est trop difficile, trop impopulaire ou trop co\u00fbteux d\u2019agir plus rapidement pour lutter contre la crise climatique<\/em>&nbsp;\u00bb, a d\u00e9clar\u00e9 Christiana Figueres, promotrice de cette initiative. Face \u00e0 ces d\u00e9fections, la coalition Mission 2025 pr\u00e9f\u00e8re brandir les 55 plus grandes multinationales mondiales, avec un chiffre d\u2019affaires annuel combin\u00e9 de plus de 4 400 milliards de dollars, qui ont publi\u00e9 des plans de transition align\u00e9s sur un sc\u00e9nario 1,5\u00b0C. Ou encore les 31 000 milliards de dollars, soit plus des deux tiers des revenus annuels des plus grandes entreprises du monde, qui sont d\u00e9sormais align\u00e9s sur l\u2019objectif d\u2019\u00e9missions nettes nulles, en hausse de 45% sur deux ans, selon les donn\u00e9es de l\u2019Energy &amp; Climate Intelligence Unit, un groupe de r\u00e9flexion ind\u00e9pendant sur le climat.<\/p>\n\n\n\n<p>A propos d\u2019entreprises mieux-disantes, le <strong>d\u00e9sinvestissement de la semaine<\/strong> est une bonne nouvelle\u00a0! La Macif vient de d\u00e9sinvestir 356,6 millions d\u2019euros aupr\u00e8s des compagnies p\u00e9troli\u00e8res BP, Repsol et Shell. En 2023, l\u2019assureur mutualiste a franchi des \u00e9tapes d\u00e9cisives dans la mise en \u0153uvre de sa strat\u00e9gie de d\u00e9carbonation, refl\u00e9tant, dit-elle, son engagement envers les enjeux de durabilit\u00e9 environnementale. Ces efforts s\u2019inscrivent dans le cadre plus large du plan strat\u00e9gique d\u2019A\u00e9ma Groupe, visant une r\u00e9duction de 50% de l\u2019intensit\u00e9 carbone de ses portefeuilles d\u2019investissement d\u2019ici 2030. La Macif a donc r\u00e9alis\u00e9 l\u2019an dernier \u00ab\u00a0<em>une baisse de pr\u00e8s de 20% de l\u2019intensit\u00e9 carbone de son portefeuille financier par rapport \u00e0 l\u2019ann\u00e9e pr\u00e9c\u00e9dente\u00a0\u00bb<\/em>, selon Sabine Castellan-Poquet, Directrice des investissements, cit\u00e9e par <a href=\"https:\/\/media24.fr\/2024\/07\/01\/macif-vient-de-desinvestir-3566-millions-deuros-aupres-des-compagnies-petrolieres-bp-repsol-et-shell\/\">Media 24<\/a>. Outre la r\u00e9duction de son empreinte carbone, la Macif a \u00e9galement renforc\u00e9 ses actions en faveur de la protection de la biodiversit\u00e9. En janvier 2024, l\u2019entreprise a mis en place une politique stricte concernant l\u2019investissement dans des entreprises impliqu\u00e9es dans la production de biocides et de produits chimiques dangereux, tels que les pesticides. Cette politique vise \u00e0 combattre les facteurs responsables du d\u00e9clin des \u00e9cosyst\u00e8mes et de l\u2019extinction des esp\u00e8ces.<\/p>\n\n\n\n<figure class=\"wp-block-image size-full\"><img decoding=\"async\" width=\"908\" height=\"642\" src=\"https:\/\/reset.earth\/wp-content\/uploads\/2024\/07\/image-2.png\" alt=\"\" class=\"wp-image-5046\" srcset=\"https:\/\/reset.earth\/wp-content\/uploads\/2024\/07\/image-2.png 908w, https:\/\/reset.earth\/wp-content\/uploads\/2024\/07\/image-2-300x212.png 300w, https:\/\/reset.earth\/wp-content\/uploads\/2024\/07\/image-2-768x543.png 768w\" sizes=\"(max-width: 908px) 100vw, 908px\" \/><\/figure>\n\n\n\n<p><strong>L\u2019appel de la semaine<\/strong> est sign\u00e9 de l\u2019Association chimie du V\u00e9g\u00e9tal (ACDV), qui dans <a href=\"https:\/\/www.usinenouvelle.com\/article\/lettre-ouverte-aux-deputes-europeens-sur-les-benefices-de-la-chimie-biosourcee.N2214930\">L\u2019Usine Nouvelle<\/a> r\u00e9clame aux nouveaux \u00e9lus europ\u00e9ens la mise en place d\u2019une strat\u00e9gie industrielle coh\u00e9rente pour les fili\u00e8res de la chimie biosourc\u00e9e, piliers de la bio\u00e9conomie et de la transformation de la biomasse. Non sans de bons arguments&nbsp;: ces fili\u00e8res irriguent une partie significative de notre tissu industriel et sont un facteur d\u2019entra\u00eenement vertueux pour la transition \u00e9cologique de nos \u00e9conomies. L\u2019ACDV rappelle que&nbsp;:<\/p>\n\n\n\n<p>1\/ En substituant aux mati\u00e8res fossiles des ressources issues de la biomasse, les produits biosourc\u00e9s apportent une contribution significative \u00e0 la r\u00e9duction des \u00e9missions de CO2 et \u00e0 la lutte contre le ph\u00e9nom\u00e8ne de changement climatique.<\/p>\n\n\n\n<p>2\/ 1,5 million de tonnes de CO2 (environ 475 000 tonnes-\u00e9quivalent-p\u00e9trole) sont d\u00e9j\u00e0 \u00e9vit\u00e9es, chaque ann\u00e9e, en France, gr\u00e2ce aux produits biosourc\u00e9s issus de la chimie du v\u00e9g\u00e9tal.<\/p>\n\n\n\n<p>3\/ Les fili\u00e8res de la chimie biosourc\u00e9e offrent des d\u00e9bouch\u00e9s stables \u00e0 nos agriculteurs et sylviculteurs.<\/p>\n\n\n\n<p>4\/ Les industries de la chimie biosourc\u00e9e emploient 165 000 collaborateurs en France.<\/p>\n\n\n\n<p>5\/ Les entreprises du secteur connaissent en outre une croissance de 6 \u00e0 8 % par an, qui ne demande qu\u2019\u00e0 acc\u00e9l\u00e9rer, notamment gr\u00e2ce \u00e0 une recherche dynamique.<\/p>\n\n\n\n<p>Chez (RE)SET aussi, nous sommes fans de la ressource biomasse. En passant, on rappelle qu\u2019elle a besoin de biodiversit\u00e9 pour prosp\u00e9rer et que les r\u00e9sidus et co-produits, c\u2019est aussi de la biomasse qui, elle, n\u2019entre pas en comp\u00e9tition avec des usages vivriers\u00a0!<\/p>\n\n\n\n<figure class=\"wp-block-image size-full\"><img loading=\"lazy\" decoding=\"async\" width=\"910\" height=\"622\" src=\"https:\/\/reset.earth\/wp-content\/uploads\/2024\/07\/image-3.png\" alt=\"\" class=\"wp-image-5047\" srcset=\"https:\/\/reset.earth\/wp-content\/uploads\/2024\/07\/image-3.png 910w, https:\/\/reset.earth\/wp-content\/uploads\/2024\/07\/image-3-300x205.png 300w, https:\/\/reset.earth\/wp-content\/uploads\/2024\/07\/image-3-768x525.png 768w\" sizes=\"(max-width: 910px) 100vw, 910px\" \/><\/figure>\n\n\n\n<p>A propos de v\u00e9g\u00e9tal et de biodiversit\u00e9, <strong>l\u2019indiff\u00e9rence de la semaine<\/strong> est celle du genre humain et <a href=\"https:\/\/www.la-croix.com\/planete\/biodiversite-vegetale-pourquoi-la-disparition-des-plantes-nous-indiffere-20240625\">La Croix<\/a> s\u2019interroge : \u00ab\u00a0Pourquoi la disparition des plantes nous indiff\u00e8re\u00a0?\u00a0\u00bb Ses r\u00e9ponses sont int\u00e9ressantes. Nous citions Socrate plus haut, poursuivons avec Aristote, qui serait le coupable historique de cette indiff\u00e9rence, car il d\u00e9crivait dans son classement des \u00eatres vivants les plantes comme \u00ab\u00a0une forme de vie inf\u00e9rieure\u00a0\u00bb. Plus prosa\u00efquement, \u00ab <em>en tant qu\u2019animaux, nous avons \u00e9videmment plus en commun avec les autres animaux, en particulier les mammif\u00e8res, par la forme de nos corps, nos yeux, nos d\u00e9placements<\/em>\u00a0<em>qu\u2019avec les plantes\u00a0\u00bb<\/em>, explique Meredith Root-Bernstein, chercheuse au CNRS et au Mus\u00e9um d\u2019histoire naturelle en ethnobiologie et en \u00e9cologie, qui poursuit\u00a0: <em>\u00ab\u00a0Pour une grande majorit\u00e9 de personnes, les plantes ne ressentent rien et sont statiques comme des rochers, ce qui est une barri\u00e8re pour s\u2019y int\u00e9resser.<\/em> \u00bb R\u00e9sultat\u00a0: \u00ab <em>On fait plus pleurer dans les chaumi\u00e8res pour les ours bruns que pour le bouleau nain <\/em>\u00bb, note Gilbert Cochet, agr\u00e9g\u00e9 des sciences de la vie et de la terre, auteur de R\u00e9-ensauvageons la France et L\u2019Europe r\u00e9ensauvag\u00e9e avec B\u00e9atrice Kremer-Cochet (Actes Sud). Les associations environnementales arborent plus ais\u00e9ment un animal sur leur logo, comme le panda du WWF ou le h\u00e9risson de France Nature Environnement, qu\u2019une plante. Aujourd\u2019hui, les scientifiques estiment que 15 \u00e0 20 % des esp\u00e8ces v\u00e9g\u00e9tales de la plan\u00e8te sont menac\u00e9es d\u2019extinction. Mais alors que la disparition des ours bruns, des lynx ou des pandas, mobilise les opinions, celle de la flore suscite peu d\u2019\u00e9moi aupr\u00e8s du grand public. Et pourtant\u00a0! On l\u2019oublie parfois, mais le r\u00f4le de la flore est fondamental dans la vie. \u00ab <em>Le seul oxyg\u00e8ne dont on dispose sur cette plan\u00e8te vient de la photosynth\u00e8se\u00a0\u00bb<\/em>, rappelle Francis Hall\u00e9, botaniste et dendrologue, qui insiste\u00a0: \u00ab\u00a0<em>Sans plantes, nous ne pourrions simplement plus respirer<\/em>. \u00bb Au demeurant, le v\u00e9g\u00e9tal permet l\u2019entr\u00e9e du monde min\u00e9ral (carbone, hydrog\u00e8ne, phosphore, etc.) dans le monde vivant. Il occupe la place la plus importante puisque sans lui notre plan\u00e8te serait aussi st\u00e9rile que Mars\u2026<\/p>\n\n\n\n<figure class=\"wp-block-image size-full\"><img loading=\"lazy\" decoding=\"async\" width=\"910\" height=\"608\" src=\"https:\/\/reset.earth\/wp-content\/uploads\/2024\/07\/image-4.png\" alt=\"\" class=\"wp-image-5048\" srcset=\"https:\/\/reset.earth\/wp-content\/uploads\/2024\/07\/image-4.png 910w, https:\/\/reset.earth\/wp-content\/uploads\/2024\/07\/image-4-300x200.png 300w, https:\/\/reset.earth\/wp-content\/uploads\/2024\/07\/image-4-768x513.png 768w\" sizes=\"(max-width: 910px) 100vw, 910px\" \/><\/figure>\n\n\n\n<p>La <strong>ressource de la semaine<\/strong> est min\u00e9rale\u00a0: le niobium. La pression est forte sur les batteries \u00e9lectriques et ce n\u2019est qu\u2019un d\u00e9but, on le sait. Les m\u00e9taux rares n\u00e9cessaires \u00e0 leur production sont\u2026 rares. D\u2019o\u00f9 la recherche effr\u00e9n\u00e9e de solutions alternatives et moins consommatrices en ressources fossiles limit\u00e9es, comme l\u2019usage du sodium, du fer ou du soufre, ainsi que la Breaking (RE)NEWS s\u2019en fait l\u2019\u00e9cho r\u00e9guli\u00e8rement. Sauf que le niobium, c\u2019est l\u2019inverse\u00a0! Il s\u2019agit d\u2019un m\u00e9tal rare et m\u00e9connu, dont les seules 83 000 tonnes produites en 2023 (utilis\u00e9es comme additifs pour doper l&rsquo;\u00e9lasticit\u00e9 d&rsquo;aciers et de superalliages) ont \u00e9t\u00e9 extraites \u00e0 plus de 90% au Br\u00e9sil, si l\u2019on en croit les services g\u00e9ologiques am\u00e9ricains. Un peu le contraire de ce que l\u2019on recherche, donc. Alors pourquoi se focaliser sur un m\u00e9tal \u00e0 la fois rare et cher\u00a0? Parce qu\u2019il y a \u00ab\u00a0plein d\u2019applications de niches pour lesquelles des chimies diff\u00e9rentes de batterie sont n\u00e9cessaires\u00a0\u00bb, explique Jean de la Verpilli\u00e8re, PDG d\u2019Echion Technologies, qui vient de lever 35 millions d\u2019euros pour industrialiser la production d\u2019anodes de batteries au niobium. Il est vrai que ces batteries au niobium ont pour elles d\u2019\u00eatre rechargeables tr\u00e8s rapidement (dix minutes) et d\u2019avoir une dur\u00e9e de vie dix fois sup\u00e9rieure aux autres. Elles pourraient \u00eatre utiles, par exemple, pour des camions ou des bus pr\u00e9vus pour \u00eatre amortis sur plusieurs d\u00e9cennies.\u00a0<\/p>\n\n\n\n<figure class=\"wp-block-image size-full\"><img loading=\"lazy\" decoding=\"async\" width=\"912\" height=\"608\" src=\"https:\/\/reset.earth\/wp-content\/uploads\/2024\/07\/image-5.png\" alt=\"\" class=\"wp-image-5049\" srcset=\"https:\/\/reset.earth\/wp-content\/uploads\/2024\/07\/image-5.png 912w, https:\/\/reset.earth\/wp-content\/uploads\/2024\/07\/image-5-300x200.png 300w, https:\/\/reset.earth\/wp-content\/uploads\/2024\/07\/image-5-768x512.png 768w\" sizes=\"(max-width: 912px) 100vw, 912px\" \/><\/figure>\n\n\n\n<p>La <strong>ressource animale de la semaine<\/strong> est le poulet&nbsp;! Entre 2022 et 2023, la consommation totale de viande par habitant s\u2019est repli\u00e9e de 1,7&nbsp;% en moyenne en France (\u2013&nbsp;5,8&nbsp;% en vingt ans), selon les <a href=\"https:\/\/www.agreste.agriculture.gouv.fr\/agreste-web\/disaron\/SynCsm24424\/detail\/\" target=\"_blank\" rel=\"noreferrer noopener\">donn\u00e9es du service statistique du minist\u00e8re de l\u2019agriculture<\/a>, publi\u00e9es jeudi 27&nbsp;juin. Apr\u00e8s deux ann\u00e9es de hausse cons\u00e9cutive de la consommation en&nbsp;2021&nbsp;et 2022, qui s\u2019expliquaient notamment par la reprise \u00e9conomique post-Covid-19, ce fl\u00e9chissement tient en grande partie \u00e0 la forte inflation, notamment des prix de la viande (+ 7,8&nbsp;% pour le b\u0153uf en&nbsp;2023). Mais il faut rentrer dans le d\u00e9tail des donn\u00e9es par fili\u00e8res pour comprendre ces \u00e9volutions. Si la consommation de viandes bovine et porcine recule de 3,7&nbsp;% en un an, la consommation de viande de poulet augmente dans les m\u00eames proportions (+ 3,7&nbsp;%). En vingt ans, la consommation moyenne de poulet a quasiment doubl\u00e9, passant de 12,1&nbsp;kilogrammes \u00e9quivalent carcasse (kgec) en&nbsp;2003&nbsp;\u00e0 23,3&nbsp;kgec par habitant en&nbsp;2023. Dans le m\u00eame intervalle, celle de b\u0153uf a baiss\u00e9 de 19&nbsp;%, passant de 26,3&nbsp;\u00e0 21,3&nbsp;kgec. Nettement moins on\u00e9reux, b\u00e9n\u00e9ficiant d\u2019une image plus \u00ab&nbsp;saine&nbsp;\u00bb, le poulet se substitue ainsi peu \u00e0 peu au b\u0153uf dans l\u2019assiette des Fran\u00e7ais. Ce qui ne va pas, l\u00e0 aussi, sans poser probl\u00e8me. Car l\u2019\u00e9levage bovin est certes plus \u00e9metteur en gaz \u00e0 effet de serre que la volaille \u2013 repr\u00e9sentant \u00e0 lui seul 11,8 % des \u00e9missions fran\u00e7aises \u2013, mais il participe, lorsqu\u2019il est en p\u00e2turage extensif, \u00e0 l\u2019entretien des prairies, au stockage du carbone dans les sols et au maintien des \u00e9cosyst\u00e8mes. A l\u2019inverse, les \u00e9levages de poulets, quand ils sont pratiqu\u00e9s dans des b\u00e2timents \u00e0 fortes densit\u00e9s, pr\u00e9sentent des risques en mati\u00e8re de pollution des eaux, de non-respect du bien-\u00eatre animal, et n\u00e9cessitent une alimentation produite \u00e0 grand renfort d\u2019irrigation, comme le ma\u00efs, ou import\u00e9e, comme le soja.<\/p>\n\n\n\n<p>Ah la transition environnementale et \u00e9conomique n\u2019est pas un long fleuve tranquille, et les effets rebonds sont nombreux\u2026 on vous le dit souvent<\/p>\n\n\n\n<figure class=\"wp-block-image size-full\"><img loading=\"lazy\" decoding=\"async\" width=\"906\" height=\"606\" src=\"https:\/\/reset.earth\/wp-content\/uploads\/2024\/07\/image-7.png\" alt=\"\" class=\"wp-image-5051\" srcset=\"https:\/\/reset.earth\/wp-content\/uploads\/2024\/07\/image-7.png 906w, https:\/\/reset.earth\/wp-content\/uploads\/2024\/07\/image-7-300x201.png 300w, https:\/\/reset.earth\/wp-content\/uploads\/2024\/07\/image-7-768x514.png 768w\" sizes=\"(max-width: 906px) 100vw, 906px\" \/><\/figure>\n\n\n\n<p>A propos d\u2019\u00e9levage, <strong>la taxe carbone de la semaine<\/strong> est danoise et elle concerne l\u2019agriculture, une premi\u00e8re mondiale&nbsp;! Dans un contexte de forte opposition des agriculteurs de l\u2019Union europ\u00e9enne (UE) aux r\u00e9formes climat de leurs gouvernements (Pays-Bas, Allemagne, Roumanie\u2026) ou de Bruxelles, le Danemark, g\u00e9ant de l\u2019exportation de viande de porc et de produits laitiers, s\u2019appr\u00eate \u00e0 introduire la premi\u00e8re taxe carbone sur l\u2019agriculture au monde. Apr\u00e8s cinq mois de difficiles n\u00e9gociations avec les organisations professionnelles et les groupes de d\u00e9fense de l\u2019environnement, la coalition au pouvoir \u00e0 Copenhague a annonc\u00e9 \u00eatre parvenue \u00e0 un accord dans la nuit de lundi \u00e0 mardi, rapporte <a href=\"https:\/\/www.liberation.fr\/international\/europe\/le-danemark-premier-pays-a-instaurer-une-taxe-carbone-sur-lelevage-20240626_VBKYPGJTFBBMNLIHIRPH77DA7Q\/\">Lib\u00e9ration<\/a>. Celui-ci \u00ab <em>constituera la base d\u2019une r\u00e9organisation et d\u2019une restructuration historiques des terres et de la production alimentaire du Danemark<\/em> \u00bb, a affirm\u00e9 la ministre de l\u2019Economie, Stephanie Lose. Le Parlement danois devrait adopter l\u2019accord apr\u00e8s l\u2019\u00e9t\u00e9, pour une entr\u00e9e en vigueur en 2030. Concr\u00e8tement, \u00e0 compter de cette date, les agriculteurs devront payer 120 couronnes danoises (16 euros) par tonne m\u00e9trique d\u2019\u00e9quivalent dioxyde de carbone \u00e9mise. La taxe passera \u00e0 300 couronnes (40 euros) \u00e0 partir de 2035. Le gouvernement d\u00e9bloquera \u00e9galement 5,3 milliards d\u2019euros pour reboiser 250 000 hectares de terres agricoles d\u2019ici \u00e0 2045, en r\u00e9server 140 000 en plaines d\u2019ici \u00e0 2030, et racheter certaines exploitations afin de r\u00e9duire les \u00e9missions d\u2019azote. Aujourd\u2019hui, les zones agricoles couvrent deux tiers du territoire du Danemark. Selon les calculs du Financial Times, qui extrapole \u00e0 partir des chiffres du groupe de r\u00e9flexion \u00e9cologique danois Concito, les \u00e9leveurs devront, avec le premier montant de la taxe, payer pr\u00e8s de 100 euros par an pour les \u00e9missions de gaz \u00e0 effet de serre produites pour chacune de leurs vaches. Les \u00e9leveurs de porcs du pays, secteur moins \u00e9metteur que l\u2019\u00e9levage bovin, sont \u00e9galement concern\u00e9s par la taxe. \u00ab <em>Nous avons r\u00e9ussi \u2013 contre toute attente \u2013 \u00e0 obtenir un mod\u00e8le fiscal dans lequel l\u2019agriculteur qui utilise des solutions climatiques approuv\u00e9es et \u00e9conomiquement durables peut compl\u00e8tement \u00e9chapper \u00e0 la taxe<\/em> \u00bb, s\u2019est f\u00e9licit\u00e9 S\u00f8ren S\u00f8ndergaard, pr\u00e9sident du Conseil danois de l\u2019agriculture et de l\u2019alimentation. Chez (RE)SET, on le dit avec admiration et une pointe de jalousie&nbsp;: chapeau bas&nbsp;!<\/p>\n\n\n\n<p>La <strong>vigilance insuffisante de la semaine<\/strong> nous porte vers le parfum de luxe pris par <a href=\"https:\/\/www.bbc.com\/news\/world-middle-east-68172560\">la BBC<\/a> en flagrant d\u00e9lit de travail des enfants dans leur cha\u00eene d\u2019approvisionnement. En cause&nbsp;: la cueillette, en Egypte, du jasmin utilis\u00e9 dans nombre de ces parfums. L\u2019enqu\u00eate de la BBC, qui repose notamment sur des vid\u00e9os cach\u00e9es, r\u00e9v\u00e8le que les exploitant de ces champs de jasmin utilisent couramment des enfants de moins de 11 ans pour recueillir ces fleurs fragiles, assurant qu\u2019ils y sont forc\u00e9s par les prix trop bas que les parfumeurs leur imposent\u2026 L\u2019Egypte assure 50% de l\u2019approvisionnement mondial de jasmin pour les parfumeurs. En th\u00e9orie, les marques de parfums de luxe affichent une tol\u00e9rance z\u00e9ro sur le travail des enfants. Dans la pratique, il en va donc diff\u00e9remment. De quoi ulc\u00e9rer le rapporteur sp\u00e9cial de l\u2019ONU sur les formes actuelles d\u2019esclavage dans le monde, Tomoya Obokata&nbsp;: \u00ab\u00a0On paper, they [the industry] are promising so many good things, like supply chain transparency and the fight against child labour. (\u2026) They are not actually doing things that they promised to do.\u00a0\u00bb<\/p>\n\n\n\n<p>Il est possible que nombre des marques vis\u00e9es n\u2019en aient pas \u00e9t\u00e9 conscientes. C\u2019est tout l\u2019int\u00e9r\u00eat de la Directive sur le devoir de vigilance, qui oblige -et obligera plus encore dans l\u2019avenir- \u00e0 mieux identifier ses fournisseurs, la cha\u00eene compl\u00e8te d\u2019approvisionnement et s\u2019assurer que les bonnes pratiques sont de mise.<\/p>\n\n\n\n<figure class=\"wp-block-image size-full\"><img loading=\"lazy\" decoding=\"async\" width=\"902\" height=\"508\" src=\"https:\/\/reset.earth\/wp-content\/uploads\/2024\/07\/image-6.png\" alt=\"\" class=\"wp-image-5050\" srcset=\"https:\/\/reset.earth\/wp-content\/uploads\/2024\/07\/image-6.png 902w, https:\/\/reset.earth\/wp-content\/uploads\/2024\/07\/image-6-300x169.png 300w, https:\/\/reset.earth\/wp-content\/uploads\/2024\/07\/image-6-768x433.png 768w\" sizes=\"(max-width: 902px) 100vw, 902px\" \/><\/figure>\n\n\n\n<p>Pour se d\u00e9tendre un peu, dans notre rubrique <strong>baignade de la semaine<\/strong>, celle de la Maire de Paris, d\u00e9j\u00e0 report\u00e9e \u00e0 quatre reprises et qui devrait avoir lieu entre le 15 juillet et l\u2019ouverture des Jeux Olympiques, une \u00ab\u00a0surprise\u00a0\u00bb est annonc\u00e9e, r\u00e9v\u00e8le <a href=\"https:\/\/www.marianne.net\/societe\/ce-sera-une-surprise-pour-sa-baignade-dans-la-seine-anne-hidalgo-assure-avoir-choisi-son-maillot-de-bain\">Marianne<\/a>\u00a0: le maillot de bain que portera Anne Hidalgo. Pour rappel, les reports pr\u00e9c\u00e9dents avaient pour cause explicite la pollution excessive du fleuve parisien, puis la tenue d\u2019\u00e9lections en cascade. On ne sait donc toujours pas si les \u00e9preuves des Jeux Olympiques en \u00ab\u00a0eau libre\u00a0\u00bb pourront bien avoir lieu dans la Seine ou\u2026ailleurs. Mais la Maire de Paris l\u2019a confirm\u00e9\u00a0: elle a d\u00e9j\u00e0 choisi son maillot de bain et ce sera, donc\u2026 \u00ab\u00a0une surprise\u00a0\u00bb. Petite pr\u00e9cision\u00a0: la photo ci-dessous provient manifestement des neurones virtuels fertiles d\u2019une IA.<\/p>\n\n\n\n<figure class=\"wp-block-image size-full\"><img loading=\"lazy\" decoding=\"async\" width=\"252\" height=\"450\" src=\"https:\/\/reset.earth\/wp-content\/uploads\/2024\/07\/image-8.png\" alt=\"\" class=\"wp-image-5052\" srcset=\"https:\/\/reset.earth\/wp-content\/uploads\/2024\/07\/image-8.png 252w, https:\/\/reset.earth\/wp-content\/uploads\/2024\/07\/image-8-168x300.png 168w\" sizes=\"(max-width: 252px) 100vw, 252px\" \/><\/figure>\n\n\n\n<p>La <strong>devinette de notre pr\u00e9c\u00e9dente \u00e9dition<\/strong> \u00e9tait une photo, l\u00e9g\u00e8rement flout\u00e9e, dont il vous \u00e9tait demand\u00e9 de d\u00e9terminer l\u2019objet. L\u2019indice \u00e9tait que cette photo venait de Chine, mais aurait aussi bien pu venir d\u2019Europe ou des Etats-Unis et qu\u2019elle symbolisait assez bien la transition \u00e9conomique et environnementale et ses effets pervers, si l\u2019on n\u2019y prenait garde. La voici en grand, pour mieux comprendre\u00a0:<\/p>\n\n\n\n<figure class=\"wp-block-image size-full\"><img loading=\"lazy\" decoding=\"async\" width=\"908\" height=\"476\" src=\"https:\/\/reset.earth\/wp-content\/uploads\/2024\/07\/image-9.png\" alt=\"\" class=\"wp-image-5053\" srcset=\"https:\/\/reset.earth\/wp-content\/uploads\/2024\/07\/image-9.png 908w, https:\/\/reset.earth\/wp-content\/uploads\/2024\/07\/image-9-300x157.png 300w, https:\/\/reset.earth\/wp-content\/uploads\/2024\/07\/image-9-768x403.png 768w\" sizes=\"(max-width: 908px) 100vw, 908px\" \/><\/figure>\n\n\n\n<p>Il s\u2019agit donc d\u2019un \u00ab cimeti\u00e8re de v\u00e9lopartage \u00e0 Xiamen, dans la province de Fujian&nbsp;\u00bb, nous dit <a href=\"https:\/\/www.lexpress.fr\/diaporama\/diapo-photo\/actualite-economique\/en-images-cimetieres-de-bicyclettes-les-degats-du-velo-en-partage-libre-en-chine_1964166.html\">L\u2019Express<\/a>, qui d\u00e9nonce \u00ab&nbsp;les d\u00e9g\u00e2ts du v\u00e9lo en partage libre&nbsp;\u00bb. En Chine, donc, mais aussi aux Etats-Unis, en Europe et singuli\u00e8rement en France, ces v\u00e9los en partage libre suppos\u00e9s indestructibles et \u00ab&nbsp;involables&nbsp;\u00bb sont de facto d\u00e9truits et vol\u00e9s dans des proportions dantesques, avant de finir leur vie sur les trottoirs ou dans \u2026 la Seine. Ils sont \u00e9galement souvent difficiles, ou trop chers, dit-on, \u00e0 recycler et se retrouvent, in fine, \u00e0 constituer des collines de d\u00e9chets qui ne cessent de s\u2019\u00e9lever. Des mod\u00e8les d\u2019\u00e9co-conception et des mod\u00e8les \u00e9conomiques \u00e0 revoir&nbsp;?<\/p>\n\n\n\n<p>La <strong>devinette de cette semaine<\/strong> n\u2019est pas facile et l\u2019on s\u2019en excuse par avance. Que repr\u00e9sente donc cette photo\u00a0? L\u2019indice est qu\u2019elle a un lien avec la pollution m\u00e9tallique.<\/p>\n\n\n\n<figure class=\"wp-block-image size-full\"><img loading=\"lazy\" decoding=\"async\" width=\"904\" height=\"512\" src=\"https:\/\/reset.earth\/wp-content\/uploads\/2024\/07\/image-10.png\" alt=\"\" class=\"wp-image-5054\" srcset=\"https:\/\/reset.earth\/wp-content\/uploads\/2024\/07\/image-10.png 904w, https:\/\/reset.earth\/wp-content\/uploads\/2024\/07\/image-10-300x170.png 300w, https:\/\/reset.earth\/wp-content\/uploads\/2024\/07\/image-10-768x435.png 768w\" sizes=\"(max-width: 904px) 100vw, 904px\" \/><\/figure>\n\n\n\n<p>Bonnes lectures, bon week-end et bon vote&nbsp;!<\/p>\n\n\n\n<p>[Pour rappel, (RE)SET, fond\u00e9 en 2019, est le premier cabinet de conseil ind\u00e9pendant d\u00e9di\u00e9 \u00e0 la transition \u00e9conomique et environnementale et taill\u00e9 pour l\u2019action. \u00ab (RE)SET : resources to win environmental and economic battles ! \u00bb Forc\u00e9ment partielle, parfois partiale, toujours engag\u00e9e, cette revue des m\u00e9dias au ton souvent enlev\u00e9, voire impertinent, n\u2019engage aucunement (RE)SET dans ses activit\u00e9s de conseil mais elle brosse un portrait que nous estimons int\u00e9ressant de l\u2019\u00e9tat de la transition telle qu\u2019elle transpara\u00eet dans la presse et les travaux de recherche. Une photographie du d\u00e9bat, des forces en pr\u00e9sence, des oppositions, des convergences, que nous esp\u00e9rons utile \u00e0 vos d\u00e9cisions et \u00e0 la construction de vos strat\u00e9gies de transition.]<\/p>\n","protected":false},"excerpt":{"rendered":"<p>Bonjour, \u00ab\u00a0Ni-Ni or not Ni-Ni\u00a0?\u00a0\u00bb, c\u2019est la question existentielle qui remplit les colonnes des m\u00e9dias depuis notre derni\u00e8re Breaking (RE)NEWS et ce n\u2019est pas une surprise. Et chez (RE)SET, nous avons la r\u00e9ponse\u00a0! Au moins celle de la transition \u00e9conomique et environnementale. Pour reprendre les mots de G\u00e9raldine Poivert, qui ont port\u00e9 sur LinkedIn, \u00ab\u00a0On [&hellip;]<\/p>\n","protected":false},"author":1,"featured_media":5055,"comment_status":"open","ping_status":"open","sticky":false,"template":"","format":"standard","meta":{"content-type":"","footnotes":""},"categories":[1],"tags":[33],"class_list":["post-5043","post","type-post","status-publish","format-standard","has-post-thumbnail","hentry","category-breaking-renews","tag-breaking-renews"],"yoast_head":"<!-- This site is optimized with the Yoast SEO plugin v27.4 - https:\/\/yoast.com\/product\/yoast-seo-wordpress\/ -->\n<title>BREAKING (RE)NEWS DU 05 JUILLET 2024 - (RE)SET - Cabinet de conseil en transition \u00e9conomique et environnementale<\/title>\n<meta name=\"description\" content=\"D\u00e9couvrez les d\u00e9fis et les solutions pour la transition \u00e9conomique et environnementale, une n\u00e9cessit\u00e9 pour notre avenir global\" \/>\n<meta name=\"robots\" content=\"index, follow, max-snippet:-1, max-image-preview:large, max-video-preview:-1\" \/>\n<link rel=\"canonical\" href=\"https:\/\/reset.earth\/en\/breaking-renews-du-05-juillet-2024\/\" \/>\n<meta property=\"og:locale\" content=\"en_US\" \/>\n<meta property=\"og:type\" content=\"article\" \/>\n<meta property=\"og:title\" content=\"BREAKING (RE)NEWS DU 05 JUILLET 2024 - (RE)SET - Cabinet de conseil en transition \u00e9conomique et environnementale\" \/>\n<meta property=\"og:description\" content=\"D\u00e9couvrez les d\u00e9fis et les solutions pour la transition \u00e9conomique et environnementale, une n\u00e9cessit\u00e9 pour notre avenir global\" \/>\n<meta property=\"og:url\" content=\"https:\/\/reset.earth\/en\/breaking-renews-du-05-juillet-2024\/\" \/>\n<meta property=\"og:site_name\" content=\"(RE)SET - Cabinet de conseil en transition \u00e9conomique et environnementale\" \/>\n<meta property=\"article:published_time\" content=\"2024-07-05T08:50:00+00:00\" \/>\n<meta property=\"article:modified_time\" content=\"2025-03-27T14:50:43+00:00\" \/>\n<meta property=\"og:image\" content=\"https:\/\/reset.earth\/wp-content\/uploads\/2024\/07\/Capture-decran-2024-07-05-a-16.59.56.png\" \/>\n\t<meta property=\"og:image:width\" content=\"950\" \/>\n\t<meta property=\"og:image:height\" content=\"646\" \/>\n\t<meta property=\"og:image:type\" content=\"image\/png\" \/>\n<meta name=\"author\" content=\"rrn46\" \/>\n<meta name=\"twitter:card\" content=\"summary_large_image\" \/>\n<meta name=\"twitter:label1\" content=\"Written by\" \/>\n\t<meta name=\"twitter:data1\" content=\"rrn46\" \/>\n\t<meta name=\"twitter:label2\" content=\"Est. reading time\" \/>\n\t<meta name=\"twitter:data2\" content=\"20 minutes\" \/>\n<script type=\"application\/ld+json\" class=\"yoast-schema-graph\">{\"@context\":\"https:\\\/\\\/schema.org\",\"@graph\":[{\"@type\":\"Article\",\"@id\":\"https:\\\/\\\/reset.earth\\\/breaking-renews-du-05-juillet-2024\\\/#article\",\"isPartOf\":{\"@id\":\"https:\\\/\\\/reset.earth\\\/breaking-renews-du-05-juillet-2024\\\/\"},\"author\":{\"name\":\"rrn46\",\"@id\":\"https:\\\/\\\/reset.earth\\\/#\\\/schema\\\/person\\\/61b723981bbd92aa0a2f1e8180985059\"},\"headline\":\"BREAKING (RE)NEWS DU 05 JUILLET 2024\",\"datePublished\":\"2024-07-05T08:50:00+00:00\",\"dateModified\":\"2025-03-27T14:50:43+00:00\",\"mainEntityOfPage\":{\"@id\":\"https:\\\/\\\/reset.earth\\\/breaking-renews-du-05-juillet-2024\\\/\"},\"wordCount\":3797,\"commentCount\":0,\"publisher\":{\"@id\":\"https:\\\/\\\/reset.earth\\\/#organization\"},\"image\":{\"@id\":\"https:\\\/\\\/reset.earth\\\/breaking-renews-du-05-juillet-2024\\\/#primaryimage\"},\"thumbnailUrl\":\"https:\\\/\\\/reset.earth\\\/wp-content\\\/uploads\\\/2024\\\/07\\\/Capture-decran-2024-07-05-a-16.59.56.png\",\"keywords\":[\"Breaking Renews\"],\"articleSection\":[\"Breaking Renews\"],\"inLanguage\":\"en-US\",\"potentialAction\":[{\"@type\":\"CommentAction\",\"name\":\"Comment\",\"target\":[\"https:\\\/\\\/reset.earth\\\/breaking-renews-du-05-juillet-2024\\\/#respond\"]}]},{\"@type\":\"WebPage\",\"@id\":\"https:\\\/\\\/reset.earth\\\/breaking-renews-du-05-juillet-2024\\\/\",\"url\":\"https:\\\/\\\/reset.earth\\\/breaking-renews-du-05-juillet-2024\\\/\",\"name\":\"BREAKING (RE)NEWS DU 05 JUILLET 2024 - (RE)SET - Cabinet de conseil en transition \u00e9conomique et environnementale\",\"isPartOf\":{\"@id\":\"https:\\\/\\\/reset.earth\\\/#website\"},\"primaryImageOfPage\":{\"@id\":\"https:\\\/\\\/reset.earth\\\/breaking-renews-du-05-juillet-2024\\\/#primaryimage\"},\"image\":{\"@id\":\"https:\\\/\\\/reset.earth\\\/breaking-renews-du-05-juillet-2024\\\/#primaryimage\"},\"thumbnailUrl\":\"https:\\\/\\\/reset.earth\\\/wp-content\\\/uploads\\\/2024\\\/07\\\/Capture-decran-2024-07-05-a-16.59.56.png\",\"datePublished\":\"2024-07-05T08:50:00+00:00\",\"dateModified\":\"2025-03-27T14:50:43+00:00\",\"description\":\"D\u00e9couvrez les d\u00e9fis et les solutions pour la transition \u00e9conomique et environnementale, une n\u00e9cessit\u00e9 pour notre avenir global\",\"breadcrumb\":{\"@id\":\"https:\\\/\\\/reset.earth\\\/breaking-renews-du-05-juillet-2024\\\/#breadcrumb\"},\"inLanguage\":\"en-US\",\"potentialAction\":[{\"@type\":\"ReadAction\",\"target\":[\"https:\\\/\\\/reset.earth\\\/breaking-renews-du-05-juillet-2024\\\/\"]}]},{\"@type\":\"ImageObject\",\"inLanguage\":\"en-US\",\"@id\":\"https:\\\/\\\/reset.earth\\\/breaking-renews-du-05-juillet-2024\\\/#primaryimage\",\"url\":\"https:\\\/\\\/reset.earth\\\/wp-content\\\/uploads\\\/2024\\\/07\\\/Capture-decran-2024-07-05-a-16.59.56.png\",\"contentUrl\":\"https:\\\/\\\/reset.earth\\\/wp-content\\\/uploads\\\/2024\\\/07\\\/Capture-decran-2024-07-05-a-16.59.56.png\",\"width\":950,\"height\":646},{\"@type\":\"BreadcrumbList\",\"@id\":\"https:\\\/\\\/reset.earth\\\/breaking-renews-du-05-juillet-2024\\\/#breadcrumb\",\"itemListElement\":[{\"@type\":\"ListItem\",\"position\":1,\"name\":\"Home\",\"item\":\"https:\\\/\\\/reset.earth\\\/\"},{\"@type\":\"ListItem\",\"position\":2,\"name\":\"BREAKING (RE)NEWS DU 05 JUILLET 2024\"}]},{\"@type\":\"WebSite\",\"@id\":\"https:\\\/\\\/reset.earth\\\/#website\",\"url\":\"https:\\\/\\\/reset.earth\\\/\",\"name\":\"(RE)SET - 1er cabinet de conseil en transition \u00e9conomique et environnementale\",\"description\":\"Resources to win environmental and economic battles\",\"publisher\":{\"@id\":\"https:\\\/\\\/reset.earth\\\/#organization\"},\"potentialAction\":[{\"@type\":\"SearchAction\",\"target\":{\"@type\":\"EntryPoint\",\"urlTemplate\":\"https:\\\/\\\/reset.earth\\\/?s={search_term_string}\"},\"query-input\":{\"@type\":\"PropertyValueSpecification\",\"valueRequired\":true,\"valueName\":\"search_term_string\"}}],\"inLanguage\":\"en-US\"},{\"@type\":\"Organization\",\"@id\":\"https:\\\/\\\/reset.earth\\\/#organization\",\"name\":\"(RE)SET - 1er cabinet de conseil en transition \u00e9conomique et environnementale\",\"url\":\"https:\\\/\\\/reset.earth\\\/\",\"logo\":{\"@type\":\"ImageObject\",\"inLanguage\":\"en-US\",\"@id\":\"https:\\\/\\\/reset.earth\\\/#\\\/schema\\\/logo\\\/image\\\/\",\"url\":\"https:\\\/\\\/reset.earth\\\/wp-content\\\/uploads\\\/2023\\\/10\\\/DARK-BLUE-RESET.png\",\"contentUrl\":\"https:\\\/\\\/reset.earth\\\/wp-content\\\/uploads\\\/2023\\\/10\\\/DARK-BLUE-RESET.png\",\"width\":1856,\"height\":538,\"caption\":\"(RE)SET - 1er cabinet de conseil en transition \u00e9conomique et environnementale\"},\"image\":{\"@id\":\"https:\\\/\\\/reset.earth\\\/#\\\/schema\\\/logo\\\/image\\\/\"}},{\"@type\":\"Person\",\"@id\":\"https:\\\/\\\/reset.earth\\\/#\\\/schema\\\/person\\\/61b723981bbd92aa0a2f1e8180985059\",\"name\":\"rrn46\",\"image\":{\"@type\":\"ImageObject\",\"inLanguage\":\"en-US\",\"@id\":\"https:\\\/\\\/secure.gravatar.com\\\/avatar\\\/fd3b8b26689fa3743439e0d0fb6ac29090b786fd3dc992a2c46370fa063ef24e?s=96&d=mm&r=g\",\"url\":\"https:\\\/\\\/secure.gravatar.com\\\/avatar\\\/fd3b8b26689fa3743439e0d0fb6ac29090b786fd3dc992a2c46370fa063ef24e?s=96&d=mm&r=g\",\"contentUrl\":\"https:\\\/\\\/secure.gravatar.com\\\/avatar\\\/fd3b8b26689fa3743439e0d0fb6ac29090b786fd3dc992a2c46370fa063ef24e?s=96&d=mm&r=g\",\"caption\":\"rrn46\"},\"sameAs\":[\"https:\\\/\\\/reset.earth\"],\"url\":\"https:\\\/\\\/reset.earth\\\/en\\\/author\\\/rrn46\\\/\"}]}<\/script>\n<!-- \/ Yoast SEO plugin. -->","yoast_head_json":{"title":"BREAKING (RE)NEWS DU 05 JUILLET 2024 - (RE)SET - Cabinet de conseil en transition \u00e9conomique et environnementale","description":"D\u00e9couvrez les d\u00e9fis et les solutions pour la transition \u00e9conomique et environnementale, une n\u00e9cessit\u00e9 pour notre avenir global","robots":{"index":"index","follow":"follow","max-snippet":"max-snippet:-1","max-image-preview":"max-image-preview:large","max-video-preview":"max-video-preview:-1"},"canonical":"https:\/\/reset.earth\/en\/breaking-renews-du-05-juillet-2024\/","og_locale":"en_US","og_type":"article","og_title":"BREAKING (RE)NEWS DU 05 JUILLET 2024 - (RE)SET - Cabinet de conseil en transition \u00e9conomique et environnementale","og_description":"D\u00e9couvrez les d\u00e9fis et les solutions pour la transition \u00e9conomique et environnementale, une n\u00e9cessit\u00e9 pour notre avenir global","og_url":"https:\/\/reset.earth\/en\/breaking-renews-du-05-juillet-2024\/","og_site_name":"(RE)SET - Cabinet de conseil en transition \u00e9conomique et environnementale","article_published_time":"2024-07-05T08:50:00+00:00","article_modified_time":"2025-03-27T14:50:43+00:00","og_image":[{"width":950,"height":646,"url":"https:\/\/reset.earth\/wp-content\/uploads\/2024\/07\/Capture-decran-2024-07-05-a-16.59.56.png","type":"image\/png"}],"author":"rrn46","twitter_card":"summary_large_image","twitter_misc":{"Written by":"rrn46","Est. reading time":"20 minutes"},"schema":{"@context":"https:\/\/schema.org","@graph":[{"@type":"Article","@id":"https:\/\/reset.earth\/breaking-renews-du-05-juillet-2024\/#article","isPartOf":{"@id":"https:\/\/reset.earth\/breaking-renews-du-05-juillet-2024\/"},"author":{"name":"rrn46","@id":"https:\/\/reset.earth\/#\/schema\/person\/61b723981bbd92aa0a2f1e8180985059"},"headline":"BREAKING (RE)NEWS DU 05 JUILLET 2024","datePublished":"2024-07-05T08:50:00+00:00","dateModified":"2025-03-27T14:50:43+00:00","mainEntityOfPage":{"@id":"https:\/\/reset.earth\/breaking-renews-du-05-juillet-2024\/"},"wordCount":3797,"commentCount":0,"publisher":{"@id":"https:\/\/reset.earth\/#organization"},"image":{"@id":"https:\/\/reset.earth\/breaking-renews-du-05-juillet-2024\/#primaryimage"},"thumbnailUrl":"https:\/\/reset.earth\/wp-content\/uploads\/2024\/07\/Capture-decran-2024-07-05-a-16.59.56.png","keywords":["Breaking Renews"],"articleSection":["Breaking Renews"],"inLanguage":"en-US","potentialAction":[{"@type":"CommentAction","name":"Comment","target":["https:\/\/reset.earth\/breaking-renews-du-05-juillet-2024\/#respond"]}]},{"@type":"WebPage","@id":"https:\/\/reset.earth\/breaking-renews-du-05-juillet-2024\/","url":"https:\/\/reset.earth\/breaking-renews-du-05-juillet-2024\/","name":"BREAKING (RE)NEWS DU 05 JUILLET 2024 - (RE)SET - Cabinet de conseil en transition \u00e9conomique et environnementale","isPartOf":{"@id":"https:\/\/reset.earth\/#website"},"primaryImageOfPage":{"@id":"https:\/\/reset.earth\/breaking-renews-du-05-juillet-2024\/#primaryimage"},"image":{"@id":"https:\/\/reset.earth\/breaking-renews-du-05-juillet-2024\/#primaryimage"},"thumbnailUrl":"https:\/\/reset.earth\/wp-content\/uploads\/2024\/07\/Capture-decran-2024-07-05-a-16.59.56.png","datePublished":"2024-07-05T08:50:00+00:00","dateModified":"2025-03-27T14:50:43+00:00","description":"D\u00e9couvrez les d\u00e9fis et les solutions pour la transition \u00e9conomique et environnementale, une n\u00e9cessit\u00e9 pour notre avenir global","breadcrumb":{"@id":"https:\/\/reset.earth\/breaking-renews-du-05-juillet-2024\/#breadcrumb"},"inLanguage":"en-US","potentialAction":[{"@type":"ReadAction","target":["https:\/\/reset.earth\/breaking-renews-du-05-juillet-2024\/"]}]},{"@type":"ImageObject","inLanguage":"en-US","@id":"https:\/\/reset.earth\/breaking-renews-du-05-juillet-2024\/#primaryimage","url":"https:\/\/reset.earth\/wp-content\/uploads\/2024\/07\/Capture-decran-2024-07-05-a-16.59.56.png","contentUrl":"https:\/\/reset.earth\/wp-content\/uploads\/2024\/07\/Capture-decran-2024-07-05-a-16.59.56.png","width":950,"height":646},{"@type":"BreadcrumbList","@id":"https:\/\/reset.earth\/breaking-renews-du-05-juillet-2024\/#breadcrumb","itemListElement":[{"@type":"ListItem","position":1,"name":"Home","item":"https:\/\/reset.earth\/"},{"@type":"ListItem","position":2,"name":"BREAKING (RE)NEWS DU 05 JUILLET 2024"}]},{"@type":"WebSite","@id":"https:\/\/reset.earth\/#website","url":"https:\/\/reset.earth\/","name":"(RE)SET - 1er cabinet de conseil en transition \u00e9conomique et environnementale","description":"Resources to win environmental and economic battles","publisher":{"@id":"https:\/\/reset.earth\/#organization"},"potentialAction":[{"@type":"SearchAction","target":{"@type":"EntryPoint","urlTemplate":"https:\/\/reset.earth\/?s={search_term_string}"},"query-input":{"@type":"PropertyValueSpecification","valueRequired":true,"valueName":"search_term_string"}}],"inLanguage":"en-US"},{"@type":"Organization","@id":"https:\/\/reset.earth\/#organization","name":"(RE)SET - 1er cabinet de conseil en transition \u00e9conomique et environnementale","url":"https:\/\/reset.earth\/","logo":{"@type":"ImageObject","inLanguage":"en-US","@id":"https:\/\/reset.earth\/#\/schema\/logo\/image\/","url":"https:\/\/reset.earth\/wp-content\/uploads\/2023\/10\/DARK-BLUE-RESET.png","contentUrl":"https:\/\/reset.earth\/wp-content\/uploads\/2023\/10\/DARK-BLUE-RESET.png","width":1856,"height":538,"caption":"(RE)SET - 1er cabinet de conseil en transition \u00e9conomique et environnementale"},"image":{"@id":"https:\/\/reset.earth\/#\/schema\/logo\/image\/"}},{"@type":"Person","@id":"https:\/\/reset.earth\/#\/schema\/person\/61b723981bbd92aa0a2f1e8180985059","name":"rrn46","image":{"@type":"ImageObject","inLanguage":"en-US","@id":"https:\/\/secure.gravatar.com\/avatar\/fd3b8b26689fa3743439e0d0fb6ac29090b786fd3dc992a2c46370fa063ef24e?s=96&d=mm&r=g","url":"https:\/\/secure.gravatar.com\/avatar\/fd3b8b26689fa3743439e0d0fb6ac29090b786fd3dc992a2c46370fa063ef24e?s=96&d=mm&r=g","contentUrl":"https:\/\/secure.gravatar.com\/avatar\/fd3b8b26689fa3743439e0d0fb6ac29090b786fd3dc992a2c46370fa063ef24e?s=96&d=mm&r=g","caption":"rrn46"},"sameAs":["https:\/\/reset.earth"],"url":"https:\/\/reset.earth\/en\/author\/rrn46\/"}]}},"_links":{"self":[{"href":"https:\/\/reset.earth\/en\/wp-json\/wp\/v2\/posts\/5043","targetHints":{"allow":["GET"]}}],"collection":[{"href":"https:\/\/reset.earth\/en\/wp-json\/wp\/v2\/posts"}],"about":[{"href":"https:\/\/reset.earth\/en\/wp-json\/wp\/v2\/types\/post"}],"author":[{"embeddable":true,"href":"https:\/\/reset.earth\/en\/wp-json\/wp\/v2\/users\/1"}],"replies":[{"embeddable":true,"href":"https:\/\/reset.earth\/en\/wp-json\/wp\/v2\/comments?post=5043"}],"version-history":[{"count":1,"href":"https:\/\/reset.earth\/en\/wp-json\/wp\/v2\/posts\/5043\/revisions"}],"predecessor-version":[{"id":5056,"href":"https:\/\/reset.earth\/en\/wp-json\/wp\/v2\/posts\/5043\/revisions\/5056"}],"wp:featuredmedia":[{"embeddable":true,"href":"https:\/\/reset.earth\/en\/wp-json\/wp\/v2\/media\/5055"}],"wp:attachment":[{"href":"https:\/\/reset.earth\/en\/wp-json\/wp\/v2\/media?parent=5043"}],"wp:term":[{"taxonomy":"category","embeddable":true,"href":"https:\/\/reset.earth\/en\/wp-json\/wp\/v2\/categories?post=5043"},{"taxonomy":"post_tag","embeddable":true,"href":"https:\/\/reset.earth\/en\/wp-json\/wp\/v2\/tags?post=5043"}],"curies":[{"name":"wp","href":"https:\/\/api.w.org\/{rel}","templated":true}]}}