{"id":6061,"date":"2025-03-03T07:05:00","date_gmt":"2025-03-03T06:05:00","guid":{"rendered":"https:\/\/reset.earth\/?p=6061"},"modified":"2025-07-31T16:27:27","modified_gmt":"2025-07-31T15:27:27","slug":"la-directive-europeenne-sur-la-durabilite","status":"publish","type":"post","link":"https:\/\/reset.earth\/en\/la-directive-europeenne-sur-la-durabilite\/","title":{"rendered":"Omnibus Directive: A Threat to the Ecological Transition"},"content":{"rendered":"<figure class=\"wp-block-image aligncenter size-large is-resized\"><img fetchpriority=\"high\" decoding=\"async\" width=\"1024\" height=\"240\" src=\"https:\/\/reset.earth\/wp-content\/uploads\/2024\/01\/Logo-Les-Echos-1024x240.png\" alt=\"\" class=\"wp-image-6914\" style=\"width:277px;height:auto\" srcset=\"https:\/\/reset.earth\/wp-content\/uploads\/2024\/01\/Logo-Les-Echos-1024x240.png 1024w, https:\/\/reset.earth\/wp-content\/uploads\/2024\/01\/Logo-Les-Echos-300x70.png 300w, https:\/\/reset.earth\/wp-content\/uploads\/2024\/01\/Logo-Les-Echos-768x180.png 768w, https:\/\/reset.earth\/wp-content\/uploads\/2024\/01\/Logo-Les-Echos-1536x360.png 1536w, https:\/\/reset.earth\/wp-content\/uploads\/2024\/01\/Logo-Les-Echos.png 1920w\" sizes=\"(max-width: 1024px) 100vw, 1024px\" \/><\/figure>\n\n\n\n<div style=\"height:60px\" aria-hidden=\"true\" class=\"wp-block-spacer\"><\/div>\n\n\n\n<p>Fixing the flaws in the CSRD, yes. But undoing, in five weeks, environmental standards that took years to negotiate and implement is neither strategic nor fair, argues G\u00e9raldine Poivert, founder of (RE)SET.<\/p>\n\n\n\n<figure class=\"wp-block-image size-full is-resized\"><img decoding=\"async\" width=\"454\" height=\"255\" src=\"https:\/\/reset.earth\/wp-content\/uploads\/2025\/03\/Omnibus.jpg\" alt=\"\" class=\"wp-image-6064\" style=\"width:831px;height:auto\" srcset=\"https:\/\/reset.earth\/wp-content\/uploads\/2025\/03\/Omnibus.jpg 454w, https:\/\/reset.earth\/wp-content\/uploads\/2025\/03\/Omnibus-300x169.jpg 300w\" sizes=\"(max-width: 454px) 100vw, 454px\" \/><figcaption class=\"wp-element-caption\">The omnibus directive falls within the framework of the so-called \"Competitiveness Compass\" strategy presented by the Commission on January 29. (Omar Havana \/ Ap \/ SIPA).<\/figcaption><\/figure>\n\n\n\n<p><strong>By&nbsp;<\/strong><a href=\"https:\/\/www.lesechos.fr\/@geraldine-poivert\"><strong>G\u00e9raldine Poivert<\/strong><\/a><strong>&nbsp;(President of (RE)SET)<\/strong><\/p>\n\n\n\n<p>Published on Mar 3, 2025 at 07:05<\/p>\n\n\n\n<p>Taking the omnibus is never the shortest way to get from one place to another...&nbsp;<a href=\"https:\/\/www.lesechos.fr\/finance-marches\/marches-financiers\/la-finance-verte-sous-tension-avant-le-paquet-omnibus-2146607\">The draft directive the European Commission<\/a>&nbsp;is about to present could, according to its critics, mark an acceleration in the unravelling of the Green Deal and a slowdown in the environmental and economic transition of European companies, whose pace was already cautious. Conversely, in the view of its initiators, this directive could save the Old World's competitiveness.<\/p>\n\n\n\n<p>As in any negotiation set to be delicate, convenient \"leaks\" feed the media. In reality, as of today, we do not know what the Commission will actually present. Nevertheless, thanks to the \"leaks\" and recent statements by Commission President Ursula von der Leyen, some key ideas are emerging, some good, others less so.<\/p>\n\n\n\n<h2 class=\"wp-block-heading\"><strong>Issues of principle and method<\/strong><\/h2>\n\n\n\n<p>The omnibus directive is part of the so-called \"Competitiveness Compass\" strategy presented by the Commission on January 29. It demands, notably, a&nbsp;<a href=\"https:\/\/www.lesechos.fr\/monde\/europe\/stephane-sejourne-nous-allons-lancer-un-choc-de-simplification-de-la-reglementation-europeenne-2136540\">\"simplification shock\".<\/a>&nbsp;Our companies would allegedly be disadvantaged in global competition by the avalanche of standards they must comply with, partly due to the Green Deal. Favorite targets of the critics: CSRD, CSDDD (known as CS3D), and the taxonomy. Acronyms and concepts that few readers of these lines understand, which is part of the problem. To simplify, precisely, let's say that CSRD, CS3D, and the taxonomy constitute the \"sustainability compass\" for companies. \"Competitiveness Compass\" versus \"Sustainability Compass\"\u2014once again, an attempt is made to pit economy against ecology, which, according to many experts and transition actors, including the author of these lines, is a mistake! Because&nbsp;<a href=\"https:\/\/www.lesechos.fr\/idees-debats\/cercle\/opinion-la-csrd-une-avancee-reelle-pour-les-entreprises-2149488\">one cannot (sustainably) exist without the other,<\/a>&nbsp;precisely.<\/p>\n\n\n\n<p><strong>Read also:<\/strong><\/p>\n\n\n\n<p><a href=\"https:\/\/www.lesechos.fr\/idees-debats\/editos-analyses\/la-face-cachee-de-la-deregulation-europeenne-2149836\"><strong>CHRONICLE \u2013 The Hidden Face of European Deregulation<\/strong><\/a><\/p>\n\n\n\n<p><a href=\"https:\/\/www.lesechos.fr\/finance-marches\/marches-financiers\/reporting-extra-financier-les-grands-groupes-francais-prennent-la-defense-de-la-directive-csrd-2141687\"><strong>Major French corporations come to the defense of the CSRD directive<\/strong><\/a><\/p>\n\n\n\n<p>From what we believe we know, the omnibus draft directive has several major drawbacks. First, on principle: changing the rules in the middle of the game&nbsp;<a href=\"https:\/\/www.lesechos.fr\/thema\/dossiers\/csrd-comment-les-entreprises-sy-preparent-2095499\">is not very \"fair-play\" for the top performers,<\/a>&nbsp;countries and companies, who will feel like they've been made fools of. Regarding CSRD, thousands of European companies have complied with the law: they have identified their risks and opportunities and are currently drafting their sustainability reports based on 2024 data.<\/p>\n\n\n\n<p>There's also a drawback in terms of method: European officials and a few business representatives, selected on debatable criteria, are given five weeks to undo and redo what took five years to negotiate line by line at the European level.<\/p>\n\n\n\n<h2 class=\"wp-block-heading\"><strong>The compass no longer points anywhere<\/strong><\/h2>\n\n\n\n<p>Finally, substantive drawbacks. Some leaks suggest, again regarding the CSRD, that they might reconsider the very concept of double materiality analysis \u2013 meaning, simplifying, identifying the consequences of a company's actions on its environment, but also of that environment on the company itself \u2013 and eliminate the obligation to devise a strategy for improvement.&nbsp;<a href=\"https:\/\/www.lesechos.fr\/idees-debats\/cercle\/opinion-regresser-sur-la-csrd-la-cs3d-et-la-taxonomie-un-symbole-dirresponsabilite-sociale-et-environnementale-2149696\">This would strip the CSRD of all its meaning<\/a>&nbsp;: the compass would no longer point anywhere.<\/p>\n\n\n\n<p><em>\"We are changing the rules of the game in the middle of the match, which isn't very 'fair-play' for the top performers.\"<\/em><\/p>\n\n\n\n<p>We also hear that CS3D could be postponed \"sine die,\" a \"Community\" way of saying \"cancelled.\" CS3D is an enhanced version of the current duty of vigilance, which would make companies responsible, including criminally, for their actions and their consequences across the entire value chain. This would deprive us of a valuable tool to prevent major ecological disasters or combat child labor in subcontractor's subcontractors\u2026<\/p>\n\n\n\n<p>Let's dream a little. The omnibus directive could, on the contrary, provide an opportunity to revisit the original flaws of these texts. For example, one could only applaud a reduction in the number of criteria and indicators used for CSRD \u2013 it can require over 10,000 for some companies. Applaud, also, a revision of certain thresholds or deadlines to ease the burden on small, medium, and intermediate-sized companies that are facing concrete difficulties in meeting the requirements. Applaud, finally, the alignment and consistency among the different texts.<\/p>\n\n\n\n<p>In short,&nbsp;<a href=\"https:\/\/www.lesechos.fr\/idees-debats\/cercle\/il-faut-adapter-la-directive-csrd-aux-realites-sectorielles-2145888\">correct rather than discard.<\/a>&nbsp;One must not throw the baby out with the bathwater.<\/p>\n\n\n\n<p><strong><em>G\u00e9raldine Poivert<\/em><\/strong><em>&nbsp;is the founder and CEO of (RE)SET, a consulting firm dedicated to environmental and economic transition, and a France 2030 ambassador.<\/em><\/p>\n\n\n\n<p>&nbsp;<\/p>","protected":false},"excerpt":{"rendered":"<p>Opinion | Omnibus Directive: Don't Throw the Baby Out with the Bathwater! As with any negotiation that promises to be delicate, \"leaks\"...<\/p>","protected":false},"author":1,"featured_media":6064,"comment_status":"open","ping_status":"open","sticky":false,"template":"","format":"standard","meta":{"content-type":"","footnotes":""},"categories":[34],"tags":[28],"class_list":["post-6061","post","type-post","status-publish","format-standard","has-post-thumbnail","hentry","category-tribune","tag-tribune"],"yoast_head":"<!-- This site is optimized with the Yoast SEO plugin v27.4 - https:\/\/yoast.com\/product\/yoast-seo-wordpress\/ -->\n<title>Les marques de la cosm\u00e9tique la jouent collectif contre le plastique<\/title>\n<meta name=\"description\" content=\"De plateau t\u00e9l\u00e9 en post LinkedIn, les fondateurs de l&#039;entreprise ne cessent de le r\u00e9p\u00e9ter\u00a0:\u00a0\u00ab\u00a0L\u2019heure n\u2019est plus \u00e0 la concurrence mais \u00e0 la coop\u00e9ration.\u00a0\u00bb\" \/>\n<meta name=\"robots\" content=\"index, follow, max-snippet:-1, max-image-preview:large, max-video-preview:-1\" \/>\n<link rel=\"canonical\" href=\"https:\/\/reset.earth\/en\/la-directive-europeenne-sur-la-durabilite\/\" \/>\n<meta property=\"og:locale\" content=\"en_US\" \/>\n<meta property=\"og:type\" content=\"article\" \/>\n<meta property=\"og:title\" content=\"Les marques de la cosm\u00e9tique la jouent collectif contre le plastique\" \/>\n<meta property=\"og:description\" content=\"De plateau t\u00e9l\u00e9 en post LinkedIn, les fondateurs de l&#039;entreprise ne cessent de le r\u00e9p\u00e9ter\u00a0:\u00a0\u00ab\u00a0L\u2019heure n\u2019est plus \u00e0 la concurrence mais \u00e0 la coop\u00e9ration.\u00a0\u00bb\" \/>\n<meta property=\"og:url\" content=\"https:\/\/reset.earth\/en\/la-directive-europeenne-sur-la-durabilite\/\" \/>\n<meta property=\"og:site_name\" content=\"(RE)SET - Cabinet de conseil en transition \u00e9conomique et environnementale\" \/>\n<meta property=\"article:published_time\" content=\"2025-03-03T06:05:00+00:00\" \/>\n<meta property=\"article:modified_time\" content=\"2025-07-31T15:27:27+00:00\" \/>\n<meta property=\"og:image\" content=\"https:\/\/reset.earth\/wp-content\/uploads\/2025\/03\/Omnibus.jpg\" \/>\n\t<meta property=\"og:image:width\" content=\"454\" \/>\n\t<meta property=\"og:image:height\" content=\"255\" \/>\n\t<meta property=\"og:image:type\" content=\"image\/jpeg\" \/>\n<meta name=\"author\" content=\"rrn46\" \/>\n<meta name=\"twitter:card\" content=\"summary_large_image\" \/>\n<meta name=\"twitter:label1\" content=\"Written by\" \/>\n\t<meta name=\"twitter:data1\" content=\"rrn46\" \/>\n\t<meta name=\"twitter:label2\" content=\"Est. reading time\" \/>\n\t<meta name=\"twitter:data2\" content=\"5 minutes\" \/>\n<script type=\"application\/ld+json\" class=\"yoast-schema-graph\">{\"@context\":\"https:\\\/\\\/schema.org\",\"@graph\":[{\"@type\":\"Article\",\"@id\":\"https:\\\/\\\/reset.earth\\\/la-directive-europeenne-sur-la-durabilite\\\/#article\",\"isPartOf\":{\"@id\":\"https:\\\/\\\/reset.earth\\\/la-directive-europeenne-sur-la-durabilite\\\/\"},\"author\":{\"name\":\"rrn46\",\"@id\":\"https:\\\/\\\/reset.earth\\\/#\\\/schema\\\/person\\\/61b723981bbd92aa0a2f1e8180985059\"},\"headline\":\"Directive Omnibus : Un danger pour la transition \u00e9cologique\",\"datePublished\":\"2025-03-03T06:05:00+00:00\",\"dateModified\":\"2025-07-31T15:27:27+00:00\",\"mainEntityOfPage\":{\"@id\":\"https:\\\/\\\/reset.earth\\\/la-directive-europeenne-sur-la-durabilite\\\/\"},\"wordCount\":1008,\"commentCount\":0,\"publisher\":{\"@id\":\"https:\\\/\\\/reset.earth\\\/#organization\"},\"image\":{\"@id\":\"https:\\\/\\\/reset.earth\\\/la-directive-europeenne-sur-la-durabilite\\\/#primaryimage\"},\"thumbnailUrl\":\"https:\\\/\\\/reset.earth\\\/wp-content\\\/uploads\\\/2025\\\/03\\\/Omnibus.jpg\",\"keywords\":[\"Tribune\"],\"articleSection\":[\"Tribune\"],\"inLanguage\":\"en-US\",\"potentialAction\":[{\"@type\":\"CommentAction\",\"name\":\"Comment\",\"target\":[\"https:\\\/\\\/reset.earth\\\/la-directive-europeenne-sur-la-durabilite\\\/#respond\"]}]},{\"@type\":\"WebPage\",\"@id\":\"https:\\\/\\\/reset.earth\\\/la-directive-europeenne-sur-la-durabilite\\\/\",\"url\":\"https:\\\/\\\/reset.earth\\\/la-directive-europeenne-sur-la-durabilite\\\/\",\"name\":\"Les marques de la cosm\u00e9tique la jouent collectif contre le plastique\",\"isPartOf\":{\"@id\":\"https:\\\/\\\/reset.earth\\\/#website\"},\"primaryImageOfPage\":{\"@id\":\"https:\\\/\\\/reset.earth\\\/la-directive-europeenne-sur-la-durabilite\\\/#primaryimage\"},\"image\":{\"@id\":\"https:\\\/\\\/reset.earth\\\/la-directive-europeenne-sur-la-durabilite\\\/#primaryimage\"},\"thumbnailUrl\":\"https:\\\/\\\/reset.earth\\\/wp-content\\\/uploads\\\/2025\\\/03\\\/Omnibus.jpg\",\"datePublished\":\"2025-03-03T06:05:00+00:00\",\"dateModified\":\"2025-07-31T15:27:27+00:00\",\"description\":\"De plateau t\u00e9l\u00e9 en post LinkedIn, les fondateurs de l'entreprise ne cessent de le r\u00e9p\u00e9ter\u00a0:\u00a0\u00ab\u00a0L\u2019heure n\u2019est plus \u00e0 la concurrence mais \u00e0 la coop\u00e9ration.\u00a0\u00bb\",\"breadcrumb\":{\"@id\":\"https:\\\/\\\/reset.earth\\\/la-directive-europeenne-sur-la-durabilite\\\/#breadcrumb\"},\"inLanguage\":\"en-US\",\"potentialAction\":[{\"@type\":\"ReadAction\",\"target\":[\"https:\\\/\\\/reset.earth\\\/la-directive-europeenne-sur-la-durabilite\\\/\"]}]},{\"@type\":\"ImageObject\",\"inLanguage\":\"en-US\",\"@id\":\"https:\\\/\\\/reset.earth\\\/la-directive-europeenne-sur-la-durabilite\\\/#primaryimage\",\"url\":\"https:\\\/\\\/reset.earth\\\/wp-content\\\/uploads\\\/2025\\\/03\\\/Omnibus.jpg\",\"contentUrl\":\"https:\\\/\\\/reset.earth\\\/wp-content\\\/uploads\\\/2025\\\/03\\\/Omnibus.jpg\",\"width\":454,\"height\":255},{\"@type\":\"BreadcrumbList\",\"@id\":\"https:\\\/\\\/reset.earth\\\/la-directive-europeenne-sur-la-durabilite\\\/#breadcrumb\",\"itemListElement\":[{\"@type\":\"ListItem\",\"position\":1,\"name\":\"Home\",\"item\":\"https:\\\/\\\/reset.earth\\\/\"},{\"@type\":\"ListItem\",\"position\":2,\"name\":\"Directive Omnibus : Un danger pour la transition \u00e9cologique\"}]},{\"@type\":\"WebSite\",\"@id\":\"https:\\\/\\\/reset.earth\\\/#website\",\"url\":\"https:\\\/\\\/reset.earth\\\/\",\"name\":\"(RE)SET - 1er cabinet de conseil en transition \u00e9conomique et environnementale\",\"description\":\"Resources to win environmental and economic battles\",\"publisher\":{\"@id\":\"https:\\\/\\\/reset.earth\\\/#organization\"},\"potentialAction\":[{\"@type\":\"SearchAction\",\"target\":{\"@type\":\"EntryPoint\",\"urlTemplate\":\"https:\\\/\\\/reset.earth\\\/?s={search_term_string}\"},\"query-input\":{\"@type\":\"PropertyValueSpecification\",\"valueRequired\":true,\"valueName\":\"search_term_string\"}}],\"inLanguage\":\"en-US\"},{\"@type\":\"Organization\",\"@id\":\"https:\\\/\\\/reset.earth\\\/#organization\",\"name\":\"(RE)SET - 1er cabinet de conseil en transition \u00e9conomique et environnementale\",\"url\":\"https:\\\/\\\/reset.earth\\\/\",\"logo\":{\"@type\":\"ImageObject\",\"inLanguage\":\"en-US\",\"@id\":\"https:\\\/\\\/reset.earth\\\/#\\\/schema\\\/logo\\\/image\\\/\",\"url\":\"https:\\\/\\\/reset.earth\\\/wp-content\\\/uploads\\\/2023\\\/10\\\/DARK-BLUE-RESET.png\",\"contentUrl\":\"https:\\\/\\\/reset.earth\\\/wp-content\\\/uploads\\\/2023\\\/10\\\/DARK-BLUE-RESET.png\",\"width\":1856,\"height\":538,\"caption\":\"(RE)SET - 1er cabinet de conseil en transition \u00e9conomique et environnementale\"},\"image\":{\"@id\":\"https:\\\/\\\/reset.earth\\\/#\\\/schema\\\/logo\\\/image\\\/\"}},{\"@type\":\"Person\",\"@id\":\"https:\\\/\\\/reset.earth\\\/#\\\/schema\\\/person\\\/61b723981bbd92aa0a2f1e8180985059\",\"name\":\"rrn46\",\"image\":{\"@type\":\"ImageObject\",\"inLanguage\":\"en-US\",\"@id\":\"https:\\\/\\\/secure.gravatar.com\\\/avatar\\\/fd3b8b26689fa3743439e0d0fb6ac29090b786fd3dc992a2c46370fa063ef24e?s=96&d=mm&r=g\",\"url\":\"https:\\\/\\\/secure.gravatar.com\\\/avatar\\\/fd3b8b26689fa3743439e0d0fb6ac29090b786fd3dc992a2c46370fa063ef24e?s=96&d=mm&r=g\",\"contentUrl\":\"https:\\\/\\\/secure.gravatar.com\\\/avatar\\\/fd3b8b26689fa3743439e0d0fb6ac29090b786fd3dc992a2c46370fa063ef24e?s=96&d=mm&r=g\",\"caption\":\"rrn46\"},\"sameAs\":[\"https:\\\/\\\/reset.earth\"],\"url\":\"https:\\\/\\\/reset.earth\\\/en\\\/author\\\/rrn46\\\/\"}]}<\/script>\n<!-- \/ Yoast SEO plugin. -->","yoast_head_json":{"title":"Les marques de la cosm\u00e9tique la jouent collectif contre le plastique","description":"De plateau t\u00e9l\u00e9 en post LinkedIn, les fondateurs de l'entreprise ne cessent de le r\u00e9p\u00e9ter\u00a0:\u00a0\u00ab\u00a0L\u2019heure n\u2019est plus \u00e0 la concurrence mais \u00e0 la coop\u00e9ration.\u00a0\u00bb","robots":{"index":"index","follow":"follow","max-snippet":"max-snippet:-1","max-image-preview":"max-image-preview:large","max-video-preview":"max-video-preview:-1"},"canonical":"https:\/\/reset.earth\/en\/la-directive-europeenne-sur-la-durabilite\/","og_locale":"en_US","og_type":"article","og_title":"Les marques de la cosm\u00e9tique la jouent collectif contre le plastique","og_description":"De plateau t\u00e9l\u00e9 en post LinkedIn, les fondateurs de l'entreprise ne cessent de le r\u00e9p\u00e9ter\u00a0:\u00a0\u00ab\u00a0L\u2019heure n\u2019est plus \u00e0 la concurrence mais \u00e0 la coop\u00e9ration.\u00a0\u00bb","og_url":"https:\/\/reset.earth\/en\/la-directive-europeenne-sur-la-durabilite\/","og_site_name":"(RE)SET - Cabinet de conseil en transition \u00e9conomique et environnementale","article_published_time":"2025-03-03T06:05:00+00:00","article_modified_time":"2025-07-31T15:27:27+00:00","og_image":[{"width":454,"height":255,"url":"https:\/\/reset.earth\/wp-content\/uploads\/2025\/03\/Omnibus.jpg","type":"image\/jpeg"}],"author":"rrn46","twitter_card":"summary_large_image","twitter_misc":{"Written by":"rrn46","Est. reading time":"5 minutes"},"schema":{"@context":"https:\/\/schema.org","@graph":[{"@type":"Article","@id":"https:\/\/reset.earth\/la-directive-europeenne-sur-la-durabilite\/#article","isPartOf":{"@id":"https:\/\/reset.earth\/la-directive-europeenne-sur-la-durabilite\/"},"author":{"name":"rrn46","@id":"https:\/\/reset.earth\/#\/schema\/person\/61b723981bbd92aa0a2f1e8180985059"},"headline":"Directive Omnibus : Un danger pour la transition \u00e9cologique","datePublished":"2025-03-03T06:05:00+00:00","dateModified":"2025-07-31T15:27:27+00:00","mainEntityOfPage":{"@id":"https:\/\/reset.earth\/la-directive-europeenne-sur-la-durabilite\/"},"wordCount":1008,"commentCount":0,"publisher":{"@id":"https:\/\/reset.earth\/#organization"},"image":{"@id":"https:\/\/reset.earth\/la-directive-europeenne-sur-la-durabilite\/#primaryimage"},"thumbnailUrl":"https:\/\/reset.earth\/wp-content\/uploads\/2025\/03\/Omnibus.jpg","keywords":["Tribune"],"articleSection":["Tribune"],"inLanguage":"en-US","potentialAction":[{"@type":"CommentAction","name":"Comment","target":["https:\/\/reset.earth\/la-directive-europeenne-sur-la-durabilite\/#respond"]}]},{"@type":"WebPage","@id":"https:\/\/reset.earth\/la-directive-europeenne-sur-la-durabilite\/","url":"https:\/\/reset.earth\/la-directive-europeenne-sur-la-durabilite\/","name":"Les marques de la cosm\u00e9tique la jouent collectif contre le plastique","isPartOf":{"@id":"https:\/\/reset.earth\/#website"},"primaryImageOfPage":{"@id":"https:\/\/reset.earth\/la-directive-europeenne-sur-la-durabilite\/#primaryimage"},"image":{"@id":"https:\/\/reset.earth\/la-directive-europeenne-sur-la-durabilite\/#primaryimage"},"thumbnailUrl":"https:\/\/reset.earth\/wp-content\/uploads\/2025\/03\/Omnibus.jpg","datePublished":"2025-03-03T06:05:00+00:00","dateModified":"2025-07-31T15:27:27+00:00","description":"De plateau t\u00e9l\u00e9 en post LinkedIn, les fondateurs de l'entreprise ne cessent de le r\u00e9p\u00e9ter\u00a0:\u00a0\u00ab\u00a0L\u2019heure n\u2019est plus \u00e0 la concurrence mais \u00e0 la coop\u00e9ration.\u00a0\u00bb","breadcrumb":{"@id":"https:\/\/reset.earth\/la-directive-europeenne-sur-la-durabilite\/#breadcrumb"},"inLanguage":"en-US","potentialAction":[{"@type":"ReadAction","target":["https:\/\/reset.earth\/la-directive-europeenne-sur-la-durabilite\/"]}]},{"@type":"ImageObject","inLanguage":"en-US","@id":"https:\/\/reset.earth\/la-directive-europeenne-sur-la-durabilite\/#primaryimage","url":"https:\/\/reset.earth\/wp-content\/uploads\/2025\/03\/Omnibus.jpg","contentUrl":"https:\/\/reset.earth\/wp-content\/uploads\/2025\/03\/Omnibus.jpg","width":454,"height":255},{"@type":"BreadcrumbList","@id":"https:\/\/reset.earth\/la-directive-europeenne-sur-la-durabilite\/#breadcrumb","itemListElement":[{"@type":"ListItem","position":1,"name":"Home","item":"https:\/\/reset.earth\/"},{"@type":"ListItem","position":2,"name":"Directive Omnibus : Un danger pour la transition \u00e9cologique"}]},{"@type":"WebSite","@id":"https:\/\/reset.earth\/#website","url":"https:\/\/reset.earth\/","name":"(RE)SET - 1er cabinet de conseil en transition \u00e9conomique et environnementale","description":"Resources to win environmental and economic battles","publisher":{"@id":"https:\/\/reset.earth\/#organization"},"potentialAction":[{"@type":"SearchAction","target":{"@type":"EntryPoint","urlTemplate":"https:\/\/reset.earth\/?s={search_term_string}"},"query-input":{"@type":"PropertyValueSpecification","valueRequired":true,"valueName":"search_term_string"}}],"inLanguage":"en-US"},{"@type":"Organization","@id":"https:\/\/reset.earth\/#organization","name":"(RE)SET - 1er cabinet de conseil en transition \u00e9conomique et environnementale","url":"https:\/\/reset.earth\/","logo":{"@type":"ImageObject","inLanguage":"en-US","@id":"https:\/\/reset.earth\/#\/schema\/logo\/image\/","url":"https:\/\/reset.earth\/wp-content\/uploads\/2023\/10\/DARK-BLUE-RESET.png","contentUrl":"https:\/\/reset.earth\/wp-content\/uploads\/2023\/10\/DARK-BLUE-RESET.png","width":1856,"height":538,"caption":"(RE)SET - 1er cabinet de conseil en transition \u00e9conomique et environnementale"},"image":{"@id":"https:\/\/reset.earth\/#\/schema\/logo\/image\/"}},{"@type":"Person","@id":"https:\/\/reset.earth\/#\/schema\/person\/61b723981bbd92aa0a2f1e8180985059","name":"rrn46","image":{"@type":"ImageObject","inLanguage":"en-US","@id":"https:\/\/secure.gravatar.com\/avatar\/fd3b8b26689fa3743439e0d0fb6ac29090b786fd3dc992a2c46370fa063ef24e?s=96&d=mm&r=g","url":"https:\/\/secure.gravatar.com\/avatar\/fd3b8b26689fa3743439e0d0fb6ac29090b786fd3dc992a2c46370fa063ef24e?s=96&d=mm&r=g","contentUrl":"https:\/\/secure.gravatar.com\/avatar\/fd3b8b26689fa3743439e0d0fb6ac29090b786fd3dc992a2c46370fa063ef24e?s=96&d=mm&r=g","caption":"rrn46"},"sameAs":["https:\/\/reset.earth"],"url":"https:\/\/reset.earth\/en\/author\/rrn46\/"}]}},"_links":{"self":[{"href":"https:\/\/reset.earth\/en\/wp-json\/wp\/v2\/posts\/6061","targetHints":{"allow":["GET"]}}],"collection":[{"href":"https:\/\/reset.earth\/en\/wp-json\/wp\/v2\/posts"}],"about":[{"href":"https:\/\/reset.earth\/en\/wp-json\/wp\/v2\/types\/post"}],"author":[{"embeddable":true,"href":"https:\/\/reset.earth\/en\/wp-json\/wp\/v2\/users\/1"}],"replies":[{"embeddable":true,"href":"https:\/\/reset.earth\/en\/wp-json\/wp\/v2\/comments?post=6061"}],"version-history":[{"count":8,"href":"https:\/\/reset.earth\/en\/wp-json\/wp\/v2\/posts\/6061\/revisions"}],"predecessor-version":[{"id":6946,"href":"https:\/\/reset.earth\/en\/wp-json\/wp\/v2\/posts\/6061\/revisions\/6946"}],"wp:featuredmedia":[{"embeddable":true,"href":"https:\/\/reset.earth\/en\/wp-json\/wp\/v2\/media\/6064"}],"wp:attachment":[{"href":"https:\/\/reset.earth\/en\/wp-json\/wp\/v2\/media?parent=6061"}],"wp:term":[{"taxonomy":"category","embeddable":true,"href":"https:\/\/reset.earth\/en\/wp-json\/wp\/v2\/categories?post=6061"},{"taxonomy":"post_tag","embeddable":true,"href":"https:\/\/reset.earth\/en\/wp-json\/wp\/v2\/tags?post=6061"}],"curies":[{"name":"wp","href":"https:\/\/api.w.org\/{rel}","templated":true}]}}